{"id":67022,"date":"2025-08-29T00:01:00","date_gmt":"2025-08-29T06:01:00","guid":{"rendered":"https:\/\/www.opinionpublica.tv\/portada\/?p=67022"},"modified":"2025-08-28T15:15:33","modified_gmt":"2025-08-28T21:15:33","slug":"gobierno-del-estado-instala-macrocentros-de-vacunacion-ante-el-regreso-a-clases","status":"publish","type":"post","link":"https:\/\/www.opinionpublica.tv\/portada\/gobierno-del-estado-instala-macrocentros-de-vacunacion-ante-el-regreso-a-clases\/","title":{"rendered":"Gobierno del Estado instalar\u00e1 macrocentros de vacunaci\u00f3n durante el regreso a clases"},"content":{"rendered":"\n<figure class=\"wp-block-image size-large\"><img fetchpriority=\"high\" decoding=\"async\" width=\"1024\" height=\"682\" src=\"https:\/\/www.opinionpublica.tv\/portada\/wp-content\/uploads\/2025\/08\/Gobierno-del-Estado-instalara-macrocentros-de-vacunacion-durante-el-regreso-a-clases-1024x682.jpeg\" alt=\"Gobierno del estado instalara\u0301 macrocentros de vacunacio\u0301n durante el regreso a clases\" class=\"wp-image-67025\" srcset=\"https:\/\/www.opinionpublica.tv\/portada\/wp-content\/uploads\/2025\/08\/Gobierno-del-Estado-instalara-macrocentros-de-vacunacion-durante-el-regreso-a-clases-1024x682.jpeg 1024w, https:\/\/www.opinionpublica.tv\/portada\/wp-content\/uploads\/2025\/08\/Gobierno-del-Estado-instalara-macrocentros-de-vacunacion-durante-el-regreso-a-clases-300x200.jpeg 300w, https:\/\/www.opinionpublica.tv\/portada\/wp-content\/uploads\/2025\/08\/Gobierno-del-Estado-instalara-macrocentros-de-vacunacion-durante-el-regreso-a-clases-768x512.jpeg 768w, https:\/\/www.opinionpublica.tv\/portada\/wp-content\/uploads\/2025\/08\/Gobierno-del-Estado-instalara-macrocentros-de-vacunacion-durante-el-regreso-a-clases-1536x1023.jpeg 1536w, https:\/\/www.opinionpublica.tv\/portada\/wp-content\/uploads\/2025\/08\/Gobierno-del-Estado-instalara-macrocentros-de-vacunacion-durante-el-regreso-a-clases.jpeg 1600w\" sizes=\"(max-width: 1024px) 100vw, 1024px\" \/><\/figure>\n\n\n\n<p class=\"wp-block-paragraph\"><em>Chihuahua, Chih<\/em>.- Con el prop\u00f3sito de proteger la salud de los menores en el pr\u00f3ximo regreso a clases, el Gobierno del Estado activ\u00f3 Macrocentros de Vacunaci\u00f3n que funcionar\u00e1n los d\u00edas s\u00e1bado y domingo en diversas localidades de la entidad.<\/p>\n\n\n\n<p class=\"wp-block-paragraph\">La medida obedece a instrucciones de la gobernadora Maru Campos, quien encomend\u00f3 acercar las dosis necesarias a toda la poblaci\u00f3n mediante un trabajo coordinado entre distintas dependencias.<\/p>\n\n\n\n<p class=\"wp-block-paragraph\">Ante el regreso a las aulas de cerca de 700 mil estudiantes en todo Chihuahua, la estrategia busca prevenir riesgos sanitarios y garantizar que todas y todos ejerzan plenamente su derecho a la educaci\u00f3n.<\/p>\n\n\n\n<p class=\"wp-block-paragraph\">El subsecretario de Educaci\u00f3n B\u00e1sica, Lorenzo Arturo Parga, afirm\u00f3 que no se va a negar el regreso a clases a ning\u00fan ni\u00f1o o ni\u00f1a, ya que la vacunaci\u00f3n es una medida preventiva para cuidar la seguridad de todas y todos.<\/p>\n\n\n\n<p class=\"wp-block-paragraph\">Adem\u00e1s, se\u00f1al\u00f3 que se recabar\u00e1n datos estad\u00edsticos que permitir\u00e1n evaluar el avance de la campa\u00f1a, con la meta de llegar a la temporada invernal con el virus controlado y, en la medida de lo posible, erradicado.<\/p>\n\n\n\n<p class=\"wp-block-paragraph\">Por su parte, la subsecretaria de Prevenci\u00f3n y Promoci\u00f3n de la Salud, Leticia de Jes\u00fas Ruiz Gonz\u00e1lez, inform\u00f3 que se capacit\u00f3 al personal docente para atender posibles casos de sarampi\u00f3n en las aulas.<\/p>\n\n\n\n<p class=\"wp-block-paragraph\">El director del Distrito 1 Chihuahua, Julio Ortega, detall\u00f3 que los macrocentros estar\u00e1n ubicados en Balleza, Camargo, Ciudad Ju\u00e1rez, Chihuahua, Coronado, Creel, Cuauht\u00e9moc, El Tule, G\u00f3mez Far\u00edas, Guachochi, Guadalupe y Calvo, Huejotit\u00e1n, Ignacio Zaragoza, Jim\u00e9nez, Matamoros, Namiquipa, Villa L\u00f3pez, Nuevo Casas Grandes, Ojinaga, Parral, San Francisco del Oro, Santa B\u00e1rbara, Uruachi y Zaragoza.<\/p>\n\n\n\n<p class=\"wp-block-paragraph\">Exhortaron a madres, padres y tutores a llevar a sus hijas e hijos a los macrocentros de vacunaci\u00f3n, con el fin de reforzar las medidas de prevenci\u00f3n y proteger a toda la comunidad escolar.<\/p>\n","protected":false},"excerpt":{"rendered":"<p>Chihuahua, Chih.- Con el prop\u00f3sito de proteger la salud de los menores en el pr\u00f3ximo regreso a clases, el Gobierno del Estado activ\u00f3 Macrocentros de Vacunaci\u00f3n que funcionar\u00e1n los d\u00edas s\u00e1bado y domingo en diversas localidades de la entidad. La medida obedece a instrucciones de la gobernadora Maru Campos, quien encomend\u00f3 acercar las dosis necesarias [&hellip;]<\/p>\n","protected":false},"author":6,"featured_media":67025,"comment_status":"closed","ping_status":"closed","sticky":false,"template":"","format":"standard","meta":{"_acf_changed":false,"_monsterinsights_skip_tracking":false,"slim_seo":{"title":"Gobierno del Estado instalar\u00e1 macrocentros de vacunaci\u00f3n durante el regreso a clases - Opini\u00f3n P\u00fablica","description":"Chihuahua, Chih .- Con el prop\u00f3sito de proteger la salud de los menores en el pr\u00f3ximo regreso a clases, el Gobierno del Estado activ\u00f3 Macrocentros de Vacunaci\u00f3n"},"footnotes":""},"categories":[11],"tags":[],"class_list":["post-67022","post","type-post","status-publish","format-standard","has-post-thumbnail","hentry","category-tendencias"],"acf":[],"_links":{"self":[{"href":"https:\/\/www.opinionpublica.tv\/portada\/wp-json\/wp\/v2\/posts\/67022","targetHints":{"allow":["GET"]}}],"collection":[{"href":"https:\/\/www.opinionpublica.tv\/portada\/wp-json\/wp\/v2\/posts"}],"about":[{"href":"https:\/\/www.opinionpublica.tv\/portada\/wp-json\/wp\/v2\/types\/post"}],"author":[{"embeddable":true,"href":"https:\/\/www.opinionpublica.tv\/portada\/wp-json\/wp\/v2\/users\/6"}],"replies":[{"embeddable":true,"href":"https:\/\/www.opinionpublica.tv\/portada\/wp-json\/wp\/v2\/comments?post=67022"}],"version-history":[{"count":2,"href":"https:\/\/www.opinionpublica.tv\/portada\/wp-json\/wp\/v2\/posts\/67022\/revisions"}],"predecessor-version":[{"id":67026,"href":"https:\/\/www.opinionpublica.tv\/portada\/wp-json\/wp\/v2\/posts\/67022\/revisions\/67026"}],"wp:featuredmedia":[{"embeddable":true,"href":"https:\/\/www.opinionpublica.tv\/portada\/wp-json\/wp\/v2\/media\/67025"}],"wp:attachment":[{"href":"https:\/\/www.opinionpublica.tv\/portada\/wp-json\/wp\/v2\/media?parent=67022"}],"wp:term":[{"taxonomy":"category","embeddable":true,"href":"https:\/\/www.opinionpublica.tv\/portada\/wp-json\/wp\/v2\/categories?post=67022"},{"taxonomy":"post_tag","embeddable":true,"href":"https:\/\/www.opinionpublica.tv\/portada\/wp-json\/wp\/v2\/tags?post=67022"}],"curies":[{"name":"wp","href":"https:\/\/api.w.org\/{rel}","templated":true}]}}