{"id":67011,"date":"2025-08-29T00:01:00","date_gmt":"2025-08-29T06:01:00","guid":{"rendered":"https:\/\/www.opinionpublica.tv\/portada\/?p=67011"},"modified":"2025-08-28T15:04:11","modified_gmt":"2025-08-28T21:04:11","slug":"realizaran-este-fin-de-semana-campana-de-esterilizacion-gratuita-en-rancho-anapra","status":"publish","type":"post","link":"https:\/\/www.opinionpublica.tv\/portada\/realizaran-este-fin-de-semana-campana-de-esterilizacion-gratuita-en-rancho-anapra\/","title":{"rendered":"Realizar\u00e1n este fin de semana campa\u00f1a de esterilizaci\u00f3n gratuita en Rancho Anapra"},"content":{"rendered":"\n<figure class=\"wp-block-image size-large\"><img fetchpriority=\"high\" decoding=\"async\" width=\"819\" height=\"1024\" src=\"https:\/\/www.opinionpublica.tv\/portada\/wp-content\/uploads\/2025\/08\/Realizaran-este-fin-de-semana-campana-de-esterilizacion-gratuita-en-Rancho-Anapra-819x1024.jpeg\" alt=\"Realizara\u0301n este fin de semana campan\u0303a de esterilizacio\u0301n gratuita en rancho anapra\" class=\"wp-image-67014\" srcset=\"https:\/\/www.opinionpublica.tv\/portada\/wp-content\/uploads\/2025\/08\/Realizaran-este-fin-de-semana-campana-de-esterilizacion-gratuita-en-Rancho-Anapra-819x1024.jpeg 819w, https:\/\/www.opinionpublica.tv\/portada\/wp-content\/uploads\/2025\/08\/Realizaran-este-fin-de-semana-campana-de-esterilizacion-gratuita-en-Rancho-Anapra-240x300.jpeg 240w, https:\/\/www.opinionpublica.tv\/portada\/wp-content\/uploads\/2025\/08\/Realizaran-este-fin-de-semana-campana-de-esterilizacion-gratuita-en-Rancho-Anapra-768x960.jpeg 768w, https:\/\/www.opinionpublica.tv\/portada\/wp-content\/uploads\/2025\/08\/Realizaran-este-fin-de-semana-campana-de-esterilizacion-gratuita-en-Rancho-Anapra.jpeg 1200w\" sizes=\"(max-width: 819px) 100vw, 819px\" \/><\/figure>\n\n\n\n<p class=\"wp-block-paragraph\"><em>Ciudad Ju\u00e1rez, Chih<\/em>.- Con el prop\u00f3sito de seguir atendiendo a las mascotas de esta frontera, la Direcci\u00f3n de Atenci\u00f3n y Bienestar Animal (DABA), llevar\u00e1 a cabo una campa\u00f1a de esterilizaci\u00f3n gratuita este s\u00e1bado y domingo.<\/p>\n\n\n\n<p class=\"wp-block-paragraph\">La titular de la dependencia, Alma Edith Arredondo Salinas, inform\u00f3 que el servicio se llevar\u00e1 a la colonia Rancho Anapra, con el fin de acercar la asistencia a las familias que no pueden desplazarse a las instalaciones de DABA.<\/p>\n\n\n\n<p class=\"wp-block-paragraph\">Dijo que las esterilizaciones ser\u00e1n en la Escuela Primaria Federal Ricardo Flores Mag\u00f3n, ubicada entre las calles An\u00e9mona y Delf\u00edn, de la colonia Rancho Anapra, a partir de las 7:00 de la ma\u00f1ana.<\/p>\n\n\n\n<p class=\"wp-block-paragraph\">\u201cEs parte de nuestras jornadas en las que buscamos acercarnos a las colonias para que la gente que batalla con la movilidad, tenga la manera de acercarse y llevar a sus animalitos a esterilizar\u201d, se\u00f1al\u00f3.<\/p>\n\n\n\n<p class=\"wp-block-paragraph\">La funcionaria indic\u00f3 que es importante registrarse en la direcci\u00f3n electr\u00f3nica https:\/\/basedaba.mx\/.<\/p>\n\n\n\n<p class=\"wp-block-paragraph\">Los requisitos son que el animalito est\u00e9 libre de garrapatas, con peso adecuado, buen estado de salud, con ayuno m\u00ednimo de 12 horas y si son hembras que no est\u00e9n amamantando.<\/p>\n\n\n\n<p class=\"wp-block-paragraph\">\u201cAl acercarnos con las campa\u00f1as tratamos que la gente que va habite en esa colonia o alrededor; tengan la confianza que nos estamos moviendo por diferentes puntos de la ciudad, por lo que pedimos que dejen los espacios a los vecinos que est\u00e1n cerca, si hay manera de esperar un poco a que estemos cerca de sus colonias es mejor, porque buscamos acercarnos y facilitarle a la gente el servicio, porque despu\u00e9s ganan espacios que necesitan otras personas\u201d, se\u00f1al\u00f3 la directora de DABA.<\/p>\n\n\n\n<p class=\"wp-block-paragraph\">Dijo que el s\u00e1bado se estar\u00e1n esterilizando 300 animalitos y el domingo otros 300, tanto perros como gatos, machos y hembras.<\/p>\n\n\n\n<p class=\"wp-block-paragraph\">Arredondo Salinas tambi\u00e9n coment\u00f3 que estar\u00e1n ofreciendo el servicio de microchip para todas las mascotas que acudan a esterilizarse, aunque no es requisito, ya que pueden coloc\u00e1rselo a todos los perros y gatos, independientemente si son esterilizados.<\/p>\n\n\n\n<p class=\"wp-block-paragraph\">Los requisitos es llevar la Clave \u00danica del Registro de Poblaci\u00f3n (CURP), un correo electr\u00f3nico, as\u00ed como un n\u00famero telef\u00f3nico y la identificaci\u00f3n.<\/p>\n\n\n\n<p class=\"wp-block-paragraph\">\u201cTambi\u00e9n estaremos aplicando un producto contra garrapata\u201d, coment\u00f3 la directora de DABA.<\/p>\n","protected":false},"excerpt":{"rendered":"<p>Ciudad Ju\u00e1rez, Chih.- Con el prop\u00f3sito de seguir atendiendo a las mascotas de esta frontera, la Direcci\u00f3n de Atenci\u00f3n y Bienestar Animal (DABA), llevar\u00e1 a cabo una campa\u00f1a de esterilizaci\u00f3n gratuita este s\u00e1bado y domingo. La titular de la dependencia, Alma Edith Arredondo Salinas, inform\u00f3 que el servicio se llevar\u00e1 a la colonia Rancho Anapra, [&hellip;]<\/p>\n","protected":false},"author":6,"featured_media":67014,"comment_status":"closed","ping_status":"closed","sticky":false,"template":"","format":"standard","meta":{"_acf_changed":false,"_monsterinsights_skip_tracking":false,"slim_seo":{"title":"Realizar\u00e1n este fin de semana campa\u00f1a de esterilizaci\u00f3n gratuita en Rancho Anapra - Opini\u00f3n P\u00fablica","description":"Ciudad Ju\u00e1rez, Chih .- Con el prop\u00f3sito de seguir atendiendo a las mascotas de esta frontera, la Direcci\u00f3n de Atenci\u00f3n y Bienestar Animal (DABA), llevar\u00e1 a cabo"},"footnotes":""},"categories":[41],"tags":[],"class_list":["post-67011","post","type-post","status-publish","format-standard","has-post-thumbnail","hentry","category-juarez"],"acf":[],"_links":{"self":[{"href":"https:\/\/www.opinionpublica.tv\/portada\/wp-json\/wp\/v2\/posts\/67011","targetHints":{"allow":["GET"]}}],"collection":[{"href":"https:\/\/www.opinionpublica.tv\/portada\/wp-json\/wp\/v2\/posts"}],"about":[{"href":"https:\/\/www.opinionpublica.tv\/portada\/wp-json\/wp\/v2\/types\/post"}],"author":[{"embeddable":true,"href":"https:\/\/www.opinionpublica.tv\/portada\/wp-json\/wp\/v2\/users\/6"}],"replies":[{"embeddable":true,"href":"https:\/\/www.opinionpublica.tv\/portada\/wp-json\/wp\/v2\/comments?post=67011"}],"version-history":[{"count":2,"href":"https:\/\/www.opinionpublica.tv\/portada\/wp-json\/wp\/v2\/posts\/67011\/revisions"}],"predecessor-version":[{"id":67015,"href":"https:\/\/www.opinionpublica.tv\/portada\/wp-json\/wp\/v2\/posts\/67011\/revisions\/67015"}],"wp:featuredmedia":[{"embeddable":true,"href":"https:\/\/www.opinionpublica.tv\/portada\/wp-json\/wp\/v2\/media\/67014"}],"wp:attachment":[{"href":"https:\/\/www.opinionpublica.tv\/portada\/wp-json\/wp\/v2\/media?parent=67011"}],"wp:term":[{"taxonomy":"category","embeddable":true,"href":"https:\/\/www.opinionpublica.tv\/portada\/wp-json\/wp\/v2\/categories?post=67011"},{"taxonomy":"post_tag","embeddable":true,"href":"https:\/\/www.opinionpublica.tv\/portada\/wp-json\/wp\/v2\/tags?post=67011"}],"curies":[{"name":"wp","href":"https:\/\/api.w.org\/{rel}","templated":true}]}}