{"id":66970,"date":"2025-08-29T00:01:00","date_gmt":"2025-08-29T06:01:00","guid":{"rendered":"https:\/\/www.opinionpublica.tv\/portada\/?p=66970"},"modified":"2025-08-28T13:18:21","modified_gmt":"2025-08-28T19:18:21","slug":"jefa-de-agencia-de-salud-de-eu-renuncia-abruptamente-no-apoyo-cambios-en-vacunacion","status":"publish","type":"post","link":"https:\/\/www.opinionpublica.tv\/portada\/jefa-de-agencia-de-salud-de-eu-renuncia-abruptamente-no-apoyo-cambios-en-vacunacion\/","title":{"rendered":"Jefa de la agencia de salud de EU renuncia abruptamente; no apoy\u00f3 cambios en vacunaci\u00f3n"},"content":{"rendered":"\n<figure class=\"wp-block-image size-full\"><img fetchpriority=\"high\" decoding=\"async\" width=\"770\" height=\"530\" src=\"https:\/\/www.opinionpublica.tv\/portada\/wp-content\/uploads\/2025\/08\/La-jefa-de-agencia-de-salud-de-EU-renuncia-abruptamente-no-apoyo-cambios-en-vacunacion.webp\" alt=\"La jefa de agencia de salud de eu renuncia abruptamente; no apoyo\u0301 cambios en vacunacio\u0301n\" class=\"wp-image-66972\" srcset=\"https:\/\/www.opinionpublica.tv\/portada\/wp-content\/uploads\/2025\/08\/La-jefa-de-agencia-de-salud-de-EU-renuncia-abruptamente-no-apoyo-cambios-en-vacunacion.webp 770w, https:\/\/www.opinionpublica.tv\/portada\/wp-content\/uploads\/2025\/08\/La-jefa-de-agencia-de-salud-de-EU-renuncia-abruptamente-no-apoyo-cambios-en-vacunacion-300x206.webp 300w, https:\/\/www.opinionpublica.tv\/portada\/wp-content\/uploads\/2025\/08\/La-jefa-de-agencia-de-salud-de-EU-renuncia-abruptamente-no-apoyo-cambios-en-vacunacion-768x529.webp 768w\" sizes=\"(max-width: 770px) 100vw, 770px\" \/><\/figure>\n\n\n\n<p class=\"wp-block-paragraph\"><em>Washington, DC, EU<\/em>.- La directora de la agencia de salud p\u00fablica estadunidense (CDC) dejar\u00e1 su cargo tras menos de un mes de haber asumido funciones, anunciaron este mi\u00e9rcoles funcionarios de salud sin dar explicaciones de su salida.<\/p>\n\n\n\n<p class=\"wp-block-paragraph\">Susan Monarez ya no es directora de los Centros para el Control y la Prevenci\u00f3n de Enfermedades. Le agradecemos su dedicaci\u00f3n al pueblo estadounidense\u00bb, anunci\u00f3 en un comunicado el Departamento de Salud, que supervisa los CDC.<\/p>\n\n\n\n<p class=\"wp-block-paragraph\">Monarez, cient\u00edfica y funcionaria con amplia experiencia, obtuvo la confirmaci\u00f3n para el cargo por parte del Senado estadounidense y el 31 de julio fue juramentada por el secretario de Salud, Robert F. Kennedy Jr.<\/p>\n\n\n\n<p class=\"wp-block-paragraph\">The Washington Post afirm\u00f3 sobre el retiro de Monarez que ella se hab\u00eda negado a comprometerse a apoyar los cambios en la pol\u00edtica de vacunaci\u00f3n propuestos por Kennedy, conocido por su escepticismo sobre las vacunas.<\/p>\n\n\n\n<p class=\"wp-block-paragraph\">Seg\u00fan funcionarios que hablaron bajo condici\u00f3n de anonimato, Monarez fue presionada por el secretario de Salud para renunciar.<\/p>\n\n\n\n<p class=\"wp-block-paragraph\">El departamento no respondi\u00f3 de inmediato a las solicitudes de comentarios de la AFP.<\/p>\n\n\n\n<p class=\"wp-block-paragraph\">Desde que asumi\u00f3 el cargo, Kennedy Jr. ha impulsado una reforma radical a la pol\u00edtica de vacunas de Estados Unidos, que incluye el despido de reconocidos expertos en inmunizaci\u00f3n, la restricci\u00f3n del acceso a las vacunas contra la covid-19 y el dr\u00e1stico recorte de la financiaci\u00f3n para desarrollar nuevas vacunas.<\/p>\n\n\n\n<p class=\"wp-block-paragraph\">Estas medidas contradicen ampliamente el consenso cient\u00edfico alrededor de la vacunaci\u00f3n y han sido criticadas por expertos. (Exc\u00e9lsior)<\/p>\n","protected":false},"excerpt":{"rendered":"<p>Washington, DC, EU.- La directora de la agencia de salud p\u00fablica estadunidense (CDC) dejar\u00e1 su cargo tras menos de un mes de haber asumido funciones, anunciaron este mi\u00e9rcoles funcionarios de salud sin dar explicaciones de su salida. Susan Monarez ya no es directora de los Centros para el Control y la Prevenci\u00f3n de Enfermedades. Le [&hellip;]<\/p>\n","protected":false},"author":6,"featured_media":66972,"comment_status":"closed","ping_status":"closed","sticky":false,"template":"","format":"standard","meta":{"_acf_changed":false,"_monsterinsights_skip_tracking":false,"slim_seo":{"title":"Jefa de la agencia de salud de EU renuncia abruptamente; no apoy\u00f3 cambios en vacunaci\u00f3n - Opini\u00f3n P\u00fablica","description":"Washington, DC, EU .- La directora de la agencia de salud p\u00fablica estadunidense (CDC) dejar\u00e1 su cargo tras menos de un mes de haber asumido funciones, anunciaro"},"footnotes":""},"categories":[4],"tags":[],"class_list":["post-66970","post","type-post","status-publish","format-standard","has-post-thumbnail","hentry","category-pulsopolitico"],"acf":[],"_links":{"self":[{"href":"https:\/\/www.opinionpublica.tv\/portada\/wp-json\/wp\/v2\/posts\/66970","targetHints":{"allow":["GET"]}}],"collection":[{"href":"https:\/\/www.opinionpublica.tv\/portada\/wp-json\/wp\/v2\/posts"}],"about":[{"href":"https:\/\/www.opinionpublica.tv\/portada\/wp-json\/wp\/v2\/types\/post"}],"author":[{"embeddable":true,"href":"https:\/\/www.opinionpublica.tv\/portada\/wp-json\/wp\/v2\/users\/6"}],"replies":[{"embeddable":true,"href":"https:\/\/www.opinionpublica.tv\/portada\/wp-json\/wp\/v2\/comments?post=66970"}],"version-history":[{"count":3,"href":"https:\/\/www.opinionpublica.tv\/portada\/wp-json\/wp\/v2\/posts\/66970\/revisions"}],"predecessor-version":[{"id":66974,"href":"https:\/\/www.opinionpublica.tv\/portada\/wp-json\/wp\/v2\/posts\/66970\/revisions\/66974"}],"wp:featuredmedia":[{"embeddable":true,"href":"https:\/\/www.opinionpublica.tv\/portada\/wp-json\/wp\/v2\/media\/66972"}],"wp:attachment":[{"href":"https:\/\/www.opinionpublica.tv\/portada\/wp-json\/wp\/v2\/media?parent=66970"}],"wp:term":[{"taxonomy":"category","embeddable":true,"href":"https:\/\/www.opinionpublica.tv\/portada\/wp-json\/wp\/v2\/categories?post=66970"},{"taxonomy":"post_tag","embeddable":true,"href":"https:\/\/www.opinionpublica.tv\/portada\/wp-json\/wp\/v2\/tags?post=66970"}],"curies":[{"name":"wp","href":"https:\/\/api.w.org\/{rel}","templated":true}]}}