{"id":66965,"date":"2025-08-29T00:01:00","date_gmt":"2025-08-29T06:01:00","guid":{"rendered":"https:\/\/www.opinionpublica.tv\/portada\/?p=66965"},"modified":"2025-08-28T13:12:42","modified_gmt":"2025-08-28T19:12:42","slug":"seis-millones-de-jovenes-caeran-en-pobreza-por-el-cambio-climatico-onu","status":"publish","type":"post","link":"https:\/\/www.opinionpublica.tv\/portada\/seis-millones-de-jovenes-caeran-en-pobreza-por-el-cambio-climatico-onu\/","title":{"rendered":"Seis millones de j\u00f3venes caer\u00e1n en la pobreza por el cambio clim\u00e1tico: ONU"},"content":{"rendered":"\n<figure class=\"wp-block-image size-large\"><img fetchpriority=\"high\" decoding=\"async\" width=\"1024\" height=\"647\" src=\"https:\/\/www.opinionpublica.tv\/portada\/wp-content\/uploads\/2025\/08\/Seis-millones-de-jovenes-caeran-en-la-pobreza-por-el-cambio-climatico-ONU-1024x647.webp\" alt=\"Seis millones de jo\u0301venes caera\u0301n en la pobreza por el cambio clima\u0301tico onu\" class=\"wp-image-66968\" srcset=\"https:\/\/www.opinionpublica.tv\/portada\/wp-content\/uploads\/2025\/08\/Seis-millones-de-jovenes-caeran-en-la-pobreza-por-el-cambio-climatico-ONU-1024x647.webp 1024w, https:\/\/www.opinionpublica.tv\/portada\/wp-content\/uploads\/2025\/08\/Seis-millones-de-jovenes-caeran-en-la-pobreza-por-el-cambio-climatico-ONU-300x190.webp 300w, https:\/\/www.opinionpublica.tv\/portada\/wp-content\/uploads\/2025\/08\/Seis-millones-de-jovenes-caeran-en-la-pobreza-por-el-cambio-climatico-ONU-768x485.webp 768w, https:\/\/www.opinionpublica.tv\/portada\/wp-content\/uploads\/2025\/08\/Seis-millones-de-jovenes-caeran-en-la-pobreza-por-el-cambio-climatico-ONU-1536x970.webp 1536w, https:\/\/www.opinionpublica.tv\/portada\/wp-content\/uploads\/2025\/08\/Seis-millones-de-jovenes-caeran-en-la-pobreza-por-el-cambio-climatico-ONU.webp 1800w\" sizes=\"(max-width: 1024px) 100vw, 1024px\" \/><\/figure>\n\n\n\n<p class=\"wp-block-paragraph\">El cambio clim\u00e1tico podr\u00eda empujar a seis millones de j\u00f3venes menores de 25 a\u00f1os en Am\u00e9rica Latina y el Caribe a la pobreza hacia 2030, de acuerdo con un informe presentado este mi\u00e9rcoles por dos agencias de la ONU.<\/p>\n\n\n\n<p class=\"wp-block-paragraph\">El estudio, elaborado por Unicef y la Cepal, se\u00f1ala que actualmente la regi\u00f3n cuenta con cerca de 94 millones de personas pobres en ese rango de edad. Sin embargo, advierte que la cifra crecer\u00e1 en seis millones debido a los efectos de sequ\u00edas, incendios forestales e inundaciones vinculadas al cambio clim\u00e1tico.<\/p>\n\n\n\n<p class=\"wp-block-paragraph\">Enfrentan riesgos sin precedentes que amenazan no solo su presente, sino tambi\u00e9n sus oportunidades futuras\u00bb, se\u00f1ala el informe \u00abEl impacto del cambio clim\u00e1tico en la pobreza infantil y juvenil de Am\u00e9rica Latina\u00bb.<\/p>\n\n\n\n<p class=\"wp-block-paragraph\">El documento destaca que el cambio clim\u00e1tico afecta a los j\u00f3venes y a los ni\u00f1os \u00abde manera desproporcionada\u00bb, porque son \u00abm\u00e1s vulnerables\u00bb y \u00abtienen menos capacidad para soportar y sobrevivir a condiciones clim\u00e1ticas extremas como inundaciones, sequ\u00edas, tormentas y olas de calor\u00bb.<\/p>\n\n\n\n<p class=\"wp-block-paragraph\">Si los pa\u00edses no implementan a tiempo medidas para limitar las emisiones de gases de efecto invernadero, la cifra aumentar\u00e1 en casi 18 millones de personas, seg\u00fan las agencias de la ONU. La regi\u00f3n tiene unos 650 millones de habitantes.<\/p>\n\n\n\n<p class=\"wp-block-paragraph\">El reporte recomienda a los gobiernos fortalecer servicios sociales en salud, nutrici\u00f3n y educaci\u00f3n, y aumentar las inversiones para proteger infraestructuras cr\u00edticas, especialmente aquellas relacionadas a la infancia.<\/p>\n\n\n\n<p class=\"wp-block-paragraph\">El informe del Fondo de las Naciones Unidas para la Infancia (Unicef) y de la Comisi\u00f3n Econ\u00f3mica para Am\u00e9rica Latina y el Caribe (Cepal) tiene datos de 18 pa\u00edses.<\/p>\n\n\n\n<p class=\"wp-block-paragraph\">Pobreza y cambio clim\u00e1tico<\/p>\n\n\n\n<p class=\"wp-block-paragraph\">El cambio clim\u00e1tico se ha convertido en un factor determinante en la profundizaci\u00f3n de la pobreza en Am\u00e9rica Latina y el Caribe, una de las regiones m\u00e1s vulnerables del mundo a fen\u00f3menos clim\u00e1ticos extremos.<\/p>\n\n\n\n<p class=\"wp-block-paragraph\">Seg\u00fan la Organizaci\u00f3n Meteorol\u00f3gica Mundial (OMM), en los \u00faltimos 30 a\u00f1os los desastres naturales relacionados con el clima han provocado p\u00e9rdidas econ\u00f3micas cercanas a los 2 billones de d\u00f3lares en la regi\u00f3n, afectando principalmente a comunidades rurales y j\u00f3venes en situaci\u00f3n de vulnerabilidad.<\/p>\n\n\n\n<p class=\"wp-block-paragraph\">La Comisi\u00f3n Econ\u00f3mica para Am\u00e9rica Latina y el Caribe (Cepal) ha se\u00f1alado en informes recientes que la poblaci\u00f3n joven es particularmente sensible a estos impactos porque enfrenta mayores tasas de desempleo, precariedad laboral y desigualdad de acceso a educaci\u00f3n y salud.<\/p>\n\n\n\n<p class=\"wp-block-paragraph\">En ese contexto, los desastres clim\u00e1ticos no solo destruyen viviendas y medios de vida, sino que tambi\u00e9n limitan las oportunidades de desarrollo social y econ\u00f3mico de millones de menores de 25 a\u00f1os.<\/p>\n\n\n\n<p class=\"wp-block-paragraph\">Unicef, por su parte, ha advertido que los efectos del cambio clim\u00e1tico en la infancia y juventud no se limitan a la pobreza monetaria. Tambi\u00e9n incluyen el aumento de la desnutrici\u00f3n, la falta de acceso a agua potable y el riesgo de enfermedades relacionadas con inundaciones y olas de calor.<\/p>\n\n\n\n<p class=\"wp-block-paragraph\">Estos factores, combinados, amenazan con perpetuar un ciclo intergeneracional de pobreza y exclusi\u00f3n si no se implementan pol\u00edticas p\u00fablicas urgentes que mitiguen los impactos ambientales y fortalezcan la resiliencia de las comunidades m\u00e1s expuestas.<\/p>\n\n\n\n<p class=\"wp-block-paragraph\"><em>Con informaci\u00f3n de Exc\u00e9lsior<\/em>.<\/p>\n","protected":false},"excerpt":{"rendered":"<p>El cambio clim\u00e1tico podr\u00eda empujar a seis millones de j\u00f3venes menores de 25 a\u00f1os en Am\u00e9rica Latina y el Caribe a la pobreza hacia 2030, de acuerdo con un informe presentado este mi\u00e9rcoles por dos agencias de la ONU. El estudio, elaborado por Unicef y la Cepal, se\u00f1ala que actualmente la regi\u00f3n cuenta con cerca [&hellip;]<\/p>\n","protected":false},"author":6,"featured_media":66968,"comment_status":"closed","ping_status":"closed","sticky":false,"template":"","format":"standard","meta":{"_acf_changed":false,"_monsterinsights_skip_tracking":false,"slim_seo":{"title":"Seis millones de j\u00f3venes caer\u00e1n en la pobreza por el cambio clim\u00e1tico: ONU - Opini\u00f3n P\u00fablica","description":"El cambio clim\u00e1tico podr\u00eda empujar a seis millones de j\u00f3venes menores de 25 a\u00f1os en Am\u00e9rica Latina y el Caribe a la pobreza hacia 2030, de acuerdo con un inform"},"footnotes":""},"categories":[3],"tags":[],"class_list":["post-66965","post","type-post","status-publish","format-standard","has-post-thumbnail","hentry","category-principal"],"acf":[],"_links":{"self":[{"href":"https:\/\/www.opinionpublica.tv\/portada\/wp-json\/wp\/v2\/posts\/66965","targetHints":{"allow":["GET"]}}],"collection":[{"href":"https:\/\/www.opinionpublica.tv\/portada\/wp-json\/wp\/v2\/posts"}],"about":[{"href":"https:\/\/www.opinionpublica.tv\/portada\/wp-json\/wp\/v2\/types\/post"}],"author":[{"embeddable":true,"href":"https:\/\/www.opinionpublica.tv\/portada\/wp-json\/wp\/v2\/users\/6"}],"replies":[{"embeddable":true,"href":"https:\/\/www.opinionpublica.tv\/portada\/wp-json\/wp\/v2\/comments?post=66965"}],"version-history":[{"count":2,"href":"https:\/\/www.opinionpublica.tv\/portada\/wp-json\/wp\/v2\/posts\/66965\/revisions"}],"predecessor-version":[{"id":66969,"href":"https:\/\/www.opinionpublica.tv\/portada\/wp-json\/wp\/v2\/posts\/66965\/revisions\/66969"}],"wp:featuredmedia":[{"embeddable":true,"href":"https:\/\/www.opinionpublica.tv\/portada\/wp-json\/wp\/v2\/media\/66968"}],"wp:attachment":[{"href":"https:\/\/www.opinionpublica.tv\/portada\/wp-json\/wp\/v2\/media?parent=66965"}],"wp:term":[{"taxonomy":"category","embeddable":true,"href":"https:\/\/www.opinionpublica.tv\/portada\/wp-json\/wp\/v2\/categories?post=66965"},{"taxonomy":"post_tag","embeddable":true,"href":"https:\/\/www.opinionpublica.tv\/portada\/wp-json\/wp\/v2\/tags?post=66965"}],"curies":[{"name":"wp","href":"https:\/\/api.w.org\/{rel}","templated":true}]}}