{"id":66717,"date":"2025-08-25T09:30:00","date_gmt":"2025-08-25T15:30:00","guid":{"rendered":"https:\/\/www.opinionpublica.tv\/portada\/?p=66717"},"modified":"2025-08-24T22:08:21","modified_gmt":"2025-08-25T04:08:21","slug":"informes-en-puerta-temporada-de-informes-y-otras-ficciones","status":"publish","type":"post","link":"https:\/\/www.opinionpublica.tv\/portada\/informes-en-puerta-temporada-de-informes-y-otras-ficciones\/","title":{"rendered":"Informes en puerta, temporada de informes y otras ficciones"},"content":{"rendered":"\n<h4 class=\"wp-block-heading\">Ra\u00fal Ruiz<\/h4>\n\n\n\n<p class=\"wp-block-paragraph\">____________________________<\/p>\n\n\n\n<p class=\"wp-block-paragraph\">Agosto se despide con una pasarela de informes pol\u00edticos que har\u00eda palidecer a cualquier festival de cine.<\/p>\n\n\n\n<p class=\"wp-block-paragraph\">No por la calidad del contenido, sino por la cantidad de alfombras rojas que se est\u00e1n desenrollando en Ju\u00e1rez y Chihuahua, capital.<\/p>\n\n\n\n<p class=\"wp-block-paragraph\">Desde el senador Juan Carlos Loera hasta el alcalde Cruz P\u00e9rez Cu\u00e9llar, pasando por magistrados con s\u00fabitos impulsos medi\u00e1ticos y senadora con agenda compartida.<\/p>\n\n\n\n<p class=\"wp-block-paragraph\">\u00bfQu\u00e9 est\u00e1 pasando? \u00bfEs el informe el nuevo TikTok de la pol\u00edtica local?<\/p>\n\n\n\n<p class=\"wp-block-paragraph\">Loera y su Marat\u00f3n de Micr\u00f3fonos<\/p>\n\n\n\n<p class=\"wp-block-paragraph\">Del 25 al 31 de agosto, el senador Juan Carlos Loera se lanza a una semana de eventos que, si fueran conciertos, ya estar\u00edan agotados.<\/p>\n\n\n\n<p class=\"wp-block-paragraph\">Pero aqu\u00ed no hay boletos, solo boletines. Y la pregunta inevitable: \u00bfPor qu\u00e9 tantos eventos si tan poco hay que informar?<\/p>\n\n\n\n<p class=\"wp-block-paragraph\">Loera parece haber adoptado la estrategia del \u201cm\u00e1s es m\u00e1s\u201d, como si la repetici\u00f3n pudiera compensar la falta de sustancia. \u00bfSer\u00e1 que el informe se ha convertido en una especie de performance conceptual, donde el acto de informar importa m\u00e1s que el contenido? \u00bfO simplemente est\u00e1 aplicando la l\u00f3gica del rumor: si se dice muchas veces, algo debe ser verdad?<\/p>\n\n\n\n<p class=\"wp-block-paragraph\">Lo cierto es que el senador ha logrado lo impensable: convertir el informe en una serie limitada. Temporada 1: \u201cLoera y la Ley\u201d. Temporada 2: \u201cLoera y la Esperanza\u201d. Temporada 3: \u201cLoera y el Silencio que Informa\u201d.<\/p>\n\n\n\n<p class=\"wp-block-paragraph\">Filiberto Terrazas: El Magistrado que Quiso Ser Trending Topic.<\/p>\n\n\n\n<p class=\"wp-block-paragraph\">El mi\u00e9rcoles 27, el magistrado Filiberto Terrazas se suma a la fiebre informativa.<\/p>\n\n\n\n<p class=\"wp-block-paragraph\">Y aqu\u00ed s\u00ed que hay sorpresa: nunca lo hab\u00eda hecho. \u00bfCambio de coraz\u00f3n?<\/p>\n\n\n\n<p class=\"wp-block-paragraph\">\u00bfRevelaci\u00f3n espiritual? \u00bfO simple c\u00e1lculo electoral?<\/p>\n\n\n\n<p class=\"wp-block-paragraph\">Los rumores apuntan a una candidatura por el PRI.<\/p>\n\n\n\n<p class=\"wp-block-paragraph\">Y claro, nada dice \u201csoy alcaldeable\u201d como un informe bien producido.<\/p>\n\n\n\n<p class=\"wp-block-paragraph\">Terrazas parece haber entendido que en tiempos de monopolios sem\u00e1nticos, el silencio ya no es resistencia, sino irrelevancia.<\/p>\n\n\n\n<p class=\"wp-block-paragraph\">As\u00ed que se lanza al ruedo, con toga y todo, dispuesto a informar lo que nunca se inform\u00f3.<\/p>\n\n\n\n<p class=\"wp-block-paragraph\">\u00bfSer\u00e1 que veremos un informe con efectos especiales? \u00bfUn holograma de Benito Ju\u00e1rez aprobando sus decisiones? \u00bfO simplemente una declaraci\u00f3n de intenciones disfrazada de rendici\u00f3n de cuentas?<\/p>\n\n\n\n<p class=\"wp-block-paragraph\">Andrea y Cruz: \u00bfCoincidencia o Coreograf\u00eda?<\/p>\n\n\n\n<p class=\"wp-block-paragraph\">El 7 de septiembre ser\u00e1 un d\u00eda de doble cartelera: Andrea Ch\u00e1vez a las 10 a.m. en Chiwas, y Cruz P\u00e9rez Cu\u00e9llar a las 7 p.m. en juaritos. \u00bfCoincidencia? \u00bfSincron\u00eda c\u00f3smica? \u00bfO una estrategia de saturaci\u00f3n medi\u00e1tica?<\/p>\n\n\n\n<p class=\"wp-block-paragraph\">La senadora y el alcalde parecen haber pactado una jornada de informes que podr\u00eda titularse \u201cJu\u00e1rez Informa: El Musical\u201d.<\/p>\n\n\n\n<p class=\"wp-block-paragraph\">\u00bfSer\u00e1 que comparten equipo de producci\u00f3n? \u00bfO simplemente quieren asegurarse de que nadie tenga tiempo de pensar entre un informe y otro?<\/p>\n\n\n\n<p class=\"wp-block-paragraph\">Lo cierto es que esta dupla informativa promete emociones fuertes.<\/p>\n\n\n\n<p class=\"wp-block-paragraph\">Andrea con su verbo afilado y Cruz con su estilo de \u201ctodo terreno\u201d. Si alguien pensaba que el informe era un tr\u00e1mite, aqu\u00ed se convierte en espect\u00e1culo.<\/p>\n\n\n\n<p class=\"wp-block-paragraph\">Cruz y su Cuarto Informe: \u00bfDrones, Submarinos o Realidad Virtual?<\/p>\n\n\n\n<p class=\"wp-block-paragraph\">El alcalde P\u00e9rez Cu\u00e9llar llega a su cuarto informe con la expectativa de quien lanza una nueva temporada de Black Mirror. \u00bfQu\u00e9 novedades traer\u00e1? \u00bfDrones que reparten actas de nacimiento? \u00bfSubmarinos que patrullan el R\u00edo Bravo? \u00bfO una app que mide el nivel de felicidad por colonia?<\/p>\n\n\n\n<p class=\"wp-block-paragraph\">Despu\u00e9s de tres informes donde se ha hablado de obras, seguridad y desarrollo, el cuarto necesita algo m\u00e1s.<\/p>\n\n\n\n<p class=\"wp-block-paragraph\">Algo que diga \u201cJu\u00e1rez es el futuro\u201d. Tal vez un desfile de patrullas aut\u00f3nomas. O una maqueta de CJTOWN en realidad aumentada. Lo que sea, pero que se note que aqu\u00ed se informa con estilo.<\/p>\n\n\n\n<p class=\"wp-block-paragraph\">Y para cerrar: Pron\u00f3stico beisbolero<\/p>\n\n\n\n<p class=\"wp-block-paragraph\">Mientras los pol\u00edticos informan, los Indios afinan el bate. Y aqu\u00ed va el pron\u00f3stico: los Indios ganar\u00e1n la serie contra los Dorados con un walk-off en la novena.<\/p>\n\n\n\n<p class=\"wp-block-paragraph\">Porque si algo nos queda claro en Ju\u00e1rez, es que el verdadero informe se da en el diamante, con sudor, estrategia y un buen swing.<\/p>\n\n\n\n<p class=\"wp-block-paragraph\">As\u00ed que mientras unos reparten cifras y otros reparten promesas, los Indios reparten hits.<\/p>\n","protected":false},"excerpt":{"rendered":"<p>Ra\u00fal Ruiz ____________________________ Agosto se despide con una pasarela de informes pol\u00edticos que har\u00eda palidecer a cualquier festival de cine. No por la calidad del contenido, sino por la cantidad de alfombras rojas que se est\u00e1n desenrollando en Ju\u00e1rez y Chihuahua, capital. Desde el senador Juan Carlos Loera hasta el alcalde Cruz P\u00e9rez Cu\u00e9llar, pasando [&hellip;]<\/p>\n","protected":false},"author":6,"featured_media":43347,"comment_status":"closed","ping_status":"closed","sticky":false,"template":"","format":"standard","meta":{"_acf_changed":false,"_monsterinsights_skip_tracking":false,"slim_seo":{"title":"Informes en puerta, temporada de informes y otras ficciones - Opini\u00f3n P\u00fablica","description":"Ra\u00fal Ruiz ____________________________ Agosto se despide con una pasarela de informes pol\u00edticos que har\u00eda palidecer a cualquier festival de cine. No por la cali"},"footnotes":""},"categories":[21],"tags":[593],"class_list":["post-66717","post","type-post","status-publish","format-standard","has-post-thumbnail","hentry","category-cartapacio","tag-cartapacio"],"acf":[],"_links":{"self":[{"href":"https:\/\/www.opinionpublica.tv\/portada\/wp-json\/wp\/v2\/posts\/66717","targetHints":{"allow":["GET"]}}],"collection":[{"href":"https:\/\/www.opinionpublica.tv\/portada\/wp-json\/wp\/v2\/posts"}],"about":[{"href":"https:\/\/www.opinionpublica.tv\/portada\/wp-json\/wp\/v2\/types\/post"}],"author":[{"embeddable":true,"href":"https:\/\/www.opinionpublica.tv\/portada\/wp-json\/wp\/v2\/users\/6"}],"replies":[{"embeddable":true,"href":"https:\/\/www.opinionpublica.tv\/portada\/wp-json\/wp\/v2\/comments?post=66717"}],"version-history":[{"count":2,"href":"https:\/\/www.opinionpublica.tv\/portada\/wp-json\/wp\/v2\/posts\/66717\/revisions"}],"predecessor-version":[{"id":66719,"href":"https:\/\/www.opinionpublica.tv\/portada\/wp-json\/wp\/v2\/posts\/66717\/revisions\/66719"}],"wp:featuredmedia":[{"embeddable":true,"href":"https:\/\/www.opinionpublica.tv\/portada\/wp-json\/wp\/v2\/media\/43347"}],"wp:attachment":[{"href":"https:\/\/www.opinionpublica.tv\/portada\/wp-json\/wp\/v2\/media?parent=66717"}],"wp:term":[{"taxonomy":"category","embeddable":true,"href":"https:\/\/www.opinionpublica.tv\/portada\/wp-json\/wp\/v2\/categories?post=66717"},{"taxonomy":"post_tag","embeddable":true,"href":"https:\/\/www.opinionpublica.tv\/portada\/wp-json\/wp\/v2\/tags?post=66717"}],"curies":[{"name":"wp","href":"https:\/\/api.w.org\/{rel}","templated":true}]}}