{"id":66714,"date":"2025-08-25T00:01:00","date_gmt":"2025-08-25T06:01:00","guid":{"rendered":"https:\/\/www.opinionpublica.tv\/portada\/?p=66714"},"modified":"2025-08-25T00:13:39","modified_gmt":"2025-08-25T06:13:39","slug":"proteger-a-los-desprotegidos","status":"publish","type":"post","link":"https:\/\/www.opinionpublica.tv\/portada\/proteger-a-los-desprotegidos\/","title":{"rendered":"Proteger a los desprotegidos"},"content":{"rendered":"\n<h4 class=\"wp-block-heading\">Myrna Pastrana<\/h4>\n\n\n\n<p class=\"wp-block-paragraph\">___________________________<\/p>\n\n\n\n<p class=\"wp-block-paragraph\">Hace dos a\u00f1os y medio\u00a0 que estrenaron nuevo refugio los perritos que est\u00e1n bajo el cuidado y protecci\u00f3n de la Asociaci\u00f3n Protectora de Animales A.C. (APAC A.C.) En d\u00e9cadas anteriores esto hubiera sido impensable en nuestra frontera, pero afortunadamente los tiempos cambian y las mentalidades tambi\u00e9n.<\/p>\n\n\n\n<p class=\"wp-block-paragraph\">En la actualidad, existen personas que ven a los animales como lo que son: sujetos de derechos a tener una vida digna y un espacio seguro, pero, ante todo, como seres sintientes.<\/p>\n\n\n\n<figure class=\"wp-block-image size-full\"><img fetchpriority=\"high\" decoding=\"async\" width=\"847\" height=\"971\" src=\"https:\/\/www.opinionpublica.tv\/portada\/wp-content\/uploads\/2025\/08\/perrin.jpg\" alt=\"Perrin\" class=\"wp-image-66746\" srcset=\"https:\/\/www.opinionpublica.tv\/portada\/wp-content\/uploads\/2025\/08\/perrin.jpg 847w, https:\/\/www.opinionpublica.tv\/portada\/wp-content\/uploads\/2025\/08\/perrin-262x300.jpg 262w, https:\/\/www.opinionpublica.tv\/portada\/wp-content\/uploads\/2025\/08\/perrin-768x880.jpg 768w\" sizes=\"(max-width: 847px) 100vw, 847px\" \/><\/figure>\n\n\n\n<p class=\"wp-block-paragraph\">Y es en esa virtud de la bondad ciudadana, que en la ciudad existen m\u00e1s albergues de mascotas aunque a decir verdad, el m\u00e1s grande y mayor equipado es el de APAC A.C. que dirige la se\u00f1ora Ana F\u00e9lix. En una columna anterior ya se hab\u00eda comentado la situaci\u00f3n de El Refugio de la APAC A. C:<\/p>\n\n\n\n<p class=\"wp-block-paragraph\">En un espacio de 2000 metros cuadrados y cien jaulas c\u00f3modas y espaciosas conviven alrededor de 270 perros debidamente clasificados y distribuidos seg\u00fan su temperamento, raza y edad; sin embargo, hacerse cargo de tal cantidad\u00a0 de perros no implica solo proveer el\u00a0 alimento, sino tambi\u00e9n\u00a0 del gasto que implica el servicio m\u00e9dico, el pago\u00a0 por el retiro de los desechos org\u00e1nicos, el acarreo de pipas para el abastecimiento\u00a0 de agua y un sinn\u00famero de etc\u00e9teras que a \u00faltima hora no est\u00e1n contemplados. Y a veces, el dinero no alcanza.<\/p>\n\n\n\n<p class=\"wp-block-paragraph\">\u00bfQu\u00e9 hacer entonces para que este proyecto siga funcionando como hasta ahora?&nbsp; Si est\u00e1 interesado (a)&nbsp; en ayudar existen varias formas de hacerlo:&nbsp;<\/p>\n\n\n\n<p class=\"wp-block-paragraph\">1. Contactarse por face book en la p\u00e1gina de Asociaci\u00f3n Protectora de Animales de la Calle A.C o a https:\/\/www.facebook.com\/ana.felix.585\/subscribenow.<\/p>\n\n\n\n<p class=\"wp-block-paragraph\">2. Se puede visitar El Refugio y donar art\u00edculos de limpieza, alimento seco, enseres y\/o&nbsp; tambi\u00e9n&nbsp;&nbsp; dejar pagado un costal&nbsp; en el local de las croquetas que se encuentra en el mercado de abastos que est\u00e1 enfrente de Pradera Dorada.<\/p>\n\n\n\n<p class=\"wp-block-paragraph\">Para donaciones en efectivo y habr\u00e1 que agregar, susceptibles de dar un recibo deducible de impuestos:<\/p>\n\n\n\n<p class=\"wp-block-paragraph\">Asociaci\u00f3n Protectora de Animales de la Calle A.C.<\/p>\n\n\n\n<p class=\"wp-block-paragraph\">Cuenta Bancomer: 01 16 20 25 86<\/p>\n\n\n\n<p class=\"wp-block-paragraph\">Clabe Bancomer: 012 164 001 162 025 869 Con tu donativo tal vez no podr\u00e1s cambiar el mundo, pero si la vida de un animal que vivi\u00f3 en la desgracia por el abandono del que fue objeto.<\/p>\n","protected":false},"excerpt":{"rendered":"<p>Myrna Pastrana ___________________________ Hace dos a\u00f1os y medio\u00a0 que estrenaron nuevo refugio los perritos que est\u00e1n bajo el cuidado y protecci\u00f3n de la Asociaci\u00f3n Protectora de Animales A.C. (APAC A.C.) En d\u00e9cadas anteriores esto hubiera sido impensable en nuestra frontera, pero afortunadamente los tiempos cambian y las mentalidades tambi\u00e9n. En la actualidad, existen personas que [&hellip;]<\/p>\n","protected":false},"author":6,"featured_media":45673,"comment_status":"closed","ping_status":"closed","sticky":false,"template":"","format":"standard","meta":{"_acf_changed":false,"_monsterinsights_skip_tracking":false,"slim_seo":{"title":"Proteger a los desprotegidos - Opini\u00f3n P\u00fablica","description":"Myrna Pastrana ___________________________ Hace dos a\u00f1os y medio\u00a0 que estrenaron nuevo refugio los perritos que est\u00e1n bajo el cuidado y protecci\u00f3n de la Asociac"},"footnotes":""},"categories":[36],"tags":[968],"class_list":["post-66714","post","type-post","status-publish","format-standard","has-post-thumbnail","hentry","category-pensandola-bien","tag-myrna-pastrana"],"acf":[],"_links":{"self":[{"href":"https:\/\/www.opinionpublica.tv\/portada\/wp-json\/wp\/v2\/posts\/66714","targetHints":{"allow":["GET"]}}],"collection":[{"href":"https:\/\/www.opinionpublica.tv\/portada\/wp-json\/wp\/v2\/posts"}],"about":[{"href":"https:\/\/www.opinionpublica.tv\/portada\/wp-json\/wp\/v2\/types\/post"}],"author":[{"embeddable":true,"href":"https:\/\/www.opinionpublica.tv\/portada\/wp-json\/wp\/v2\/users\/6"}],"replies":[{"embeddable":true,"href":"https:\/\/www.opinionpublica.tv\/portada\/wp-json\/wp\/v2\/comments?post=66714"}],"version-history":[{"count":3,"href":"https:\/\/www.opinionpublica.tv\/portada\/wp-json\/wp\/v2\/posts\/66714\/revisions"}],"predecessor-version":[{"id":66747,"href":"https:\/\/www.opinionpublica.tv\/portada\/wp-json\/wp\/v2\/posts\/66714\/revisions\/66747"}],"wp:featuredmedia":[{"embeddable":true,"href":"https:\/\/www.opinionpublica.tv\/portada\/wp-json\/wp\/v2\/media\/45673"}],"wp:attachment":[{"href":"https:\/\/www.opinionpublica.tv\/portada\/wp-json\/wp\/v2\/media?parent=66714"}],"wp:term":[{"taxonomy":"category","embeddable":true,"href":"https:\/\/www.opinionpublica.tv\/portada\/wp-json\/wp\/v2\/categories?post=66714"},{"taxonomy":"post_tag","embeddable":true,"href":"https:\/\/www.opinionpublica.tv\/portada\/wp-json\/wp\/v2\/tags?post=66714"}],"curies":[{"name":"wp","href":"https:\/\/api.w.org\/{rel}","templated":true}]}}