{"id":66608,"date":"2025-08-22T00:01:00","date_gmt":"2025-08-22T06:01:00","guid":{"rendered":"https:\/\/www.opinionpublica.tv\/portada\/?p=66608"},"modified":"2025-08-21T19:08:36","modified_gmt":"2025-08-22T01:08:36","slug":"la-normalizacion-de-la-mentira","status":"publish","type":"post","link":"https:\/\/www.opinionpublica.tv\/portada\/la-normalizacion-de-la-mentira\/","title":{"rendered":"La normalizaci\u00f3n de la mentira"},"content":{"rendered":"\n<h4 class=\"wp-block-heading\">Ra\u00fal Ruiz<\/h4>\n\n\n\n<p class=\"wp-block-paragraph\">____________________________<\/p>\n\n\n\n<p class=\"wp-block-paragraph\">La normalizaci\u00f3n de la mentira es un fen\u00f3meno sociol\u00f3gico y simb\u00f3lico profundamente inquietante, donde el acto de mentir deja de ser una transgresi\u00f3n \u00e9tica y se convierte en una pr\u00e1ctica aceptada, incluso esperada, dentro de ciertos c\u00edrculos sociales, pol\u00edticos o culturales.<\/p>\n\n\n\n<p class=\"wp-block-paragraph\">Es como si la mentira se institucionalizara, se volviera parte del tejido cotidiano, diluyendo la frontera entre lo verdadero y lo falso.<\/p>\n\n\n\n<p class=\"wp-block-paragraph\">Aqu\u00ed algunos \u00e1ngulos desde los que podr\u00edamos explorar este concepto:<\/p>\n\n\n\n<p class=\"wp-block-paragraph\">Dimensi\u00f3n sociol\u00f3gica<\/p>\n\n\n\n<p class=\"wp-block-paragraph\">&#8211; Desplazamiento del umbral \u00e9tico: Cuando las mentiras se repiten sin consecuencias, la sociedad ajusta su tolerancia.<\/p>\n\n\n\n<p class=\"wp-block-paragraph\">Lo que antes era escandaloso se vuelve anecd\u00f3tico.<\/p>\n\n\n\n<p class=\"wp-block-paragraph\">&#8211; Narrativas de poder: Las \u00e9lites pueden usar la mentira como herramienta para moldear la percepci\u00f3n colectiva, creando realidades paralelas que favorecen a sus intereses.<\/p>\n\n\n\n<p class=\"wp-block-paragraph\">&#8211; Rumorolog\u00eda como estrategia: En contextos de incertidumbre, los rumores (mentiras con pretensi\u00f3n de verdad) se convierten en mecanismos de control o resistencia.<\/p>\n\n\n\n<p class=\"wp-block-paragraph\">Dimensi\u00f3n simb\u00f3lica<\/p>\n\n\n\n<p class=\"wp-block-paragraph\">&#8211; La mentira como performance: En algunos casos, mentir se convierte en un acto teatral, donde lo importante no es la veracidad sino la eficacia simb\u00f3lica del discurso.<\/p>\n\n\n\n<p class=\"wp-block-paragraph\">&#8211; Desactivaci\u00f3n del esc\u00e1ndalo: Cuando la mentira ya no genera indignaci\u00f3n, se ha perdido la capacidad de la verdad para movilizar \u00e9ticamente a la sociedad.<\/p>\n\n\n\n<p class=\"wp-block-paragraph\">La normalizaci\u00f3n de la mentira puede crear estados liminales donde las personas habitan entre verdades suspendidas, sin saber qu\u00e9 creer ni c\u00f3mo actuar.<\/p>\n\n\n\n<p class=\"wp-block-paragraph\">Ejemplos contempor\u00e1neos<\/p>\n\n\n\n<p class=\"wp-block-paragraph\">&#8211; En pol\u00edtica, cuando l\u00edderes mienten sistem\u00e1ticamente y sus seguidores lo justifican como \u201cestrategia\u201d o \u201cestilo\u201d.<\/p>\n\n\n\n<p class=\"wp-block-paragraph\">&#8211; En medios, cuando la desinformaci\u00f3n se disfraza de opini\u00f3n leg\u00edtima y se viraliza sin freno. Tenemos varios compa\u00f1eros dedicados a eso.<\/p>\n\n\n\n<p class=\"wp-block-paragraph\">&#8211; En lo cotidiano, cuando decir \u201ctodo bien\u201d se vuelve un acto autom\u00e1tico, aunque el mundo est\u00e9 ardiendo.<\/p>\n\n\n\n<p class=\"wp-block-paragraph\">\u00bfC\u00f3mo ser catalizador de esta distorsi\u00f3n sem\u00e1ntica?<\/p>\n\n\n\n<p class=\"wp-block-paragraph\">Porque la mentira normalizada no solo erosiona la confianza, sino que tambi\u00e9n puede ser el preludio de una metamorfosis \u00e9tica\u2026 o de una ca\u00edda tr\u00e1gica.<\/p>\n\n\n\n<p class=\"wp-block-paragraph\">La desinformaci\u00f3n cobra una peligrosa dimensi\u00f3n en la guerra de las estrategias medi\u00e1ticas.<\/p>\n\n\n\n<p class=\"wp-block-paragraph\">\u00bfC\u00f3mo se neutraliza la distorsi\u00f3n sem\u00e1ntica?<\/p>\n\n\n\n<p class=\"wp-block-paragraph\">Contrarrestar la distorsi\u00f3n sem\u00e1ntica implica mucho m\u00e1s que corregir definiciones: es una forma de resistencia \u00e9tica, una reconfiguraci\u00f3n del espacio simb\u00f3lico donde el lenguaje vuelve a ser herramienta de verdad y transformaci\u00f3n.<\/p>\n\n\n\n<p class=\"wp-block-paragraph\">En un entorno como CJTOWN, donde los monopolios sem\u00e1nticos buscan fijar significados para perpetuar estructuras de poder, la respuesta debe ser estrat\u00e9gica, creativa y profundamente humana.<\/p>\n\n\n\n<p class=\"wp-block-paragraph\">Aqu\u00ed algunas rutas que se podr\u00edan explorar.<\/p>\n\n\n\n<p class=\"wp-block-paragraph\">1. Cartografiar el territorio sem\u00e1ntico<\/p>\n\n\n\n<p class=\"wp-block-paragraph\">&#8211; Identificar nodos de distorsi\u00f3n: \u00bfD\u00f3nde se ha manipulado el lenguaje? \u00bfQu\u00e9 t\u00e9rminos han sido vaciados de sentido o cargados de miedo?<\/p>\n\n\n\n<p class=\"wp-block-paragraph\">&#8211; Reconstruir genealog\u00edas: Rastrear c\u00f3mo ciertos conceptos (como \u201cnarco participaci\u00f3n pol\u00edtica\u201d ) han sido resignificados por narrativas dominantes.<\/p>\n\n\n\n<p class=\"wp-block-paragraph\">2. Activar dispositivos de resistencia<\/p>\n\n\n\n<p class=\"wp-block-paragraph\">&#8211; Reapropiaci\u00f3n simb\u00f3lica: Tomar palabras distorsionadas y devolverles su potencia \u00e9tica.<\/p>\n\n\n\n<p class=\"wp-block-paragraph\">Ejemplo: transformar \u201climinalidad\u201d de zona de ambig\u00fcedad a espacio de metamorfosis.<\/p>\n\n\n\n<p class=\"wp-block-paragraph\">&#8211; Iron\u00eda estrat\u00e9gica: Usar el humor como bistur\u00ed sem\u00e1ntico. La iron\u00eda desactiva el dogma y revela las grietas del discurso hegem\u00f3nico.<\/p>\n\n\n\n<p class=\"wp-block-paragraph\">Ah, y es cortes\u00eda de la casa.<\/p>\n\n\n\n<p class=\"wp-block-paragraph\">&#8211; Rumorolog\u00eda cr\u00edtica: No solo combatir rumores, sino analizarlos como s\u00edntomas de tensiones sociales. \u00bfQu\u00e9 revela un rumor sobre lo que no se puede decir abiertamente?<\/p>\n\n\n\n<p class=\"wp-block-paragraph\">3. Dise\u00f1ar espacios de resemantizaci\u00f3n.<\/p>\n\n\n\n<p class=\"wp-block-paragraph\">Convertirlos en laboratorio sem\u00e1ntico donde se confronten narrativas, se desmantelen mitos y se propongan nuevos significados.<\/p>\n\n\n\n<p class=\"wp-block-paragraph\">&#8211; Experiencias PARA CJTOWN&#8230;<\/p>\n\n\n\n<p class=\"wp-block-paragraph\">&nbsp;Crear rituales, performances o din\u00e1micas que desestabilicen el lenguaje fijo y abran paso a nuevas formas de nombrar lo real.<\/p>\n\n\n\n<p class=\"wp-block-paragraph\">4. Cultivar una \u00e9tica del lenguaje<\/p>\n\n\n\n<p class=\"wp-block-paragraph\">&#8211; Veracidad como praxis: No como dogma, sino como compromiso con la transformaci\u00f3n.<\/p>\n\n\n\n<p class=\"wp-block-paragraph\">Decir la verdad no es solo informar, es abrir posibilidades.<\/p>\n\n\n\n<p class=\"wp-block-paragraph\">&#8211; Escucha activa: Reconocer los silencios, las palabras no dichas, los lenguajes excluidos. La sem\u00e1ntica tambi\u00e9n se construye desde lo que falta.<\/p>\n\n\n\n<p class=\"wp-block-paragraph\">5. Crear redes de sem\u00e1ntica insurgente.<\/p>\n\n\n\n<p class=\"wp-block-paragraph\">&#8211; Aliados discursivos: Intelectuales, artistas, comunidades que cuestionan el lenguaje oficial y proponen alternativas.<\/p>\n\n\n\n<p class=\"wp-block-paragraph\">&#8211; Narrativas de resistencia: Historias que desaf\u00edan el relato dominante y muestran que otro mundo es posible\u2026 y nombrable.<\/p>\n\n\n\n<p class=\"wp-block-paragraph\">Hasta aqu\u00ed lo voy a dejar.<\/p>\n\n\n\n<p class=\"wp-block-paragraph\">Si les digo m\u00e1s tendr\u00e9 que cobrarles honorarios.<\/p>\n\n\n\n<p class=\"wp-block-paragraph\">Para desfacer entuertos, pidan su cotizaci\u00f3n.<\/p>\n\n\n\n<p class=\"wp-block-paragraph\">\u00a1Llame ya!<\/p>\n","protected":false},"excerpt":{"rendered":"<p>Ra\u00fal Ruiz ____________________________ La normalizaci\u00f3n de la mentira es un fen\u00f3meno sociol\u00f3gico y simb\u00f3lico profundamente inquietante, donde el acto de mentir deja de ser una transgresi\u00f3n \u00e9tica y se convierte en una pr\u00e1ctica aceptada, incluso esperada, dentro de ciertos c\u00edrculos sociales, pol\u00edticos o culturales. Es como si la mentira se institucionalizara, se volviera parte del [&hellip;]<\/p>\n","protected":false},"author":6,"featured_media":43347,"comment_status":"closed","ping_status":"closed","sticky":false,"template":"","format":"standard","meta":{"_acf_changed":false,"_monsterinsights_skip_tracking":false,"slim_seo":{"title":"La normalizaci\u00f3n de la mentira - Opini\u00f3n P\u00fablica","description":"Ra\u00fal Ruiz ____________________________ La normalizaci\u00f3n de la mentira es un fen\u00f3meno sociol\u00f3gico y simb\u00f3lico profundamente inquietante, donde el acto de mentir"},"footnotes":""},"categories":[21],"tags":[593],"class_list":["post-66608","post","type-post","status-publish","format-standard","has-post-thumbnail","hentry","category-cartapacio","tag-cartapacio"],"acf":[],"_links":{"self":[{"href":"https:\/\/www.opinionpublica.tv\/portada\/wp-json\/wp\/v2\/posts\/66608","targetHints":{"allow":["GET"]}}],"collection":[{"href":"https:\/\/www.opinionpublica.tv\/portada\/wp-json\/wp\/v2\/posts"}],"about":[{"href":"https:\/\/www.opinionpublica.tv\/portada\/wp-json\/wp\/v2\/types\/post"}],"author":[{"embeddable":true,"href":"https:\/\/www.opinionpublica.tv\/portada\/wp-json\/wp\/v2\/users\/6"}],"replies":[{"embeddable":true,"href":"https:\/\/www.opinionpublica.tv\/portada\/wp-json\/wp\/v2\/comments?post=66608"}],"version-history":[{"count":2,"href":"https:\/\/www.opinionpublica.tv\/portada\/wp-json\/wp\/v2\/posts\/66608\/revisions"}],"predecessor-version":[{"id":66610,"href":"https:\/\/www.opinionpublica.tv\/portada\/wp-json\/wp\/v2\/posts\/66608\/revisions\/66610"}],"wp:featuredmedia":[{"embeddable":true,"href":"https:\/\/www.opinionpublica.tv\/portada\/wp-json\/wp\/v2\/media\/43347"}],"wp:attachment":[{"href":"https:\/\/www.opinionpublica.tv\/portada\/wp-json\/wp\/v2\/media?parent=66608"}],"wp:term":[{"taxonomy":"category","embeddable":true,"href":"https:\/\/www.opinionpublica.tv\/portada\/wp-json\/wp\/v2\/categories?post=66608"},{"taxonomy":"post_tag","embeddable":true,"href":"https:\/\/www.opinionpublica.tv\/portada\/wp-json\/wp\/v2\/tags?post=66608"}],"curies":[{"name":"wp","href":"https:\/\/api.w.org\/{rel}","templated":true}]}}