{"id":66579,"date":"2025-08-22T00:01:00","date_gmt":"2025-08-22T06:01:00","guid":{"rendered":"https:\/\/www.opinionpublica.tv\/portada\/?p=66579"},"modified":"2025-08-21T16:21:28","modified_gmt":"2025-08-21T22:21:28","slug":"video-israel-moviliza-60-mil-reservistas-en-operacion-para-controlar-gaza-france-24","status":"publish","type":"post","link":"https:\/\/www.opinionpublica.tv\/portada\/video-israel-moviliza-60-mil-reservistas-en-operacion-para-controlar-gaza-france-24\/","title":{"rendered":"Video: Israel moviliza 60 mil reservistas en operaci\u00f3n para controlar Gaza | France 24"},"content":{"rendered":"\n<p class=\"wp-block-paragraph\"><a href=\"https:\/\/www.youtube.com\/@France24_es\"><\/a><\/p>\n\n\n\n<figure class=\"wp-block-embed is-type-video is-provider-youtube wp-block-embed-youtube wp-embed-aspect-16-9 wp-has-aspect-ratio\"><div class=\"wp-block-embed__wrapper\">\n<iframe title=\"Cu\u00e1l es el origen de la rivalidad entre Israel e Ir\u00e1n y c\u00f3mo la guerra en Gaza la intensific\u00f3\" width=\"800\" height=\"450\" src=\"https:\/\/www.youtube.com\/embed\/RzmAgpvSeZM?feature=oembed\" frameborder=\"0\" allow=\"accelerometer; autoplay; clipboard-write; encrypted-media; gyroscope; picture-in-picture; web-share\" referrerpolicy=\"strict-origin-when-cross-origin\" allowfullscreen><\/iframe>\n<\/div><\/figure>\n\n\n\n<p class=\"wp-block-paragraph\">Por primera vez, Ir\u00e1n llev\u00f3 a cabo un ataque contra Israel directamente desde su territorio.<\/p>\n\n\n\n<p class=\"wp-block-paragraph\">La ofensiva ocurri\u00f3 luego del ataque el 1 de abril al consulado de Ir\u00e1n en Siria donde murieron dos altos mandos militares iran\u00edes y del que Teher\u00e1n responsabiliza al gobierno de Benjamin Netanyahu.<\/p>\n\n\n\n<p class=\"wp-block-paragraph\">Pero esta escalada es el \u00faltimo cap\u00edtulo de una vieja y larga enemistad, en este video te contamos c\u00f3mo surgi\u00f3 esta rivalidad entre Ir\u00e1n e Israel.<\/p>\n\n\n\n<p class=\"wp-block-paragraph\"><em>Cr\u00e9ditos France 24 en espa\u00f1ol<\/em>.<\/p>\n","protected":false},"excerpt":{"rendered":"<p>Por primera vez, Ir\u00e1n llev\u00f3 a cabo un ataque contra Israel directamente desde su territorio. La ofensiva ocurri\u00f3 luego del ataque el 1 de abril al consulado de Ir\u00e1n en Siria donde murieron dos altos mandos militares iran\u00edes y del que Teher\u00e1n responsabiliza al gobierno de Benjamin Netanyahu. Pero esta escalada es el \u00faltimo cap\u00edtulo [&hellip;]<\/p>\n","protected":false},"author":6,"featured_media":66581,"comment_status":"closed","ping_status":"closed","sticky":false,"template":"","format":"standard","meta":{"_acf_changed":false,"_monsterinsights_skip_tracking":false,"slim_seo":{"title":"Video: Israel moviliza 60 mil reservistas en operaci\u00f3n para controlar Gaza | France 24 - Opini\u00f3n P\u00fablica","description":"https:\/\/youtu.be\/RzmAgpvSeZM?si=lVlDqBSvfvfAIMKx Por primera vez, Ir\u00e1n llev\u00f3 a cabo un ataque contra Israel directamente desde su territorio. La ofensiva ocurri"},"footnotes":""},"categories":[2,13,8],"tags":[],"class_list":["post-66579","post","type-post","status-publish","format-standard","has-post-thumbnail","hentry","category-videos-destacados","category-videos-destacados-contenido","category-videos"],"acf":[],"_links":{"self":[{"href":"https:\/\/www.opinionpublica.tv\/portada\/wp-json\/wp\/v2\/posts\/66579","targetHints":{"allow":["GET"]}}],"collection":[{"href":"https:\/\/www.opinionpublica.tv\/portada\/wp-json\/wp\/v2\/posts"}],"about":[{"href":"https:\/\/www.opinionpublica.tv\/portada\/wp-json\/wp\/v2\/types\/post"}],"author":[{"embeddable":true,"href":"https:\/\/www.opinionpublica.tv\/portada\/wp-json\/wp\/v2\/users\/6"}],"replies":[{"embeddable":true,"href":"https:\/\/www.opinionpublica.tv\/portada\/wp-json\/wp\/v2\/comments?post=66579"}],"version-history":[{"count":1,"href":"https:\/\/www.opinionpublica.tv\/portada\/wp-json\/wp\/v2\/posts\/66579\/revisions"}],"predecessor-version":[{"id":66580,"href":"https:\/\/www.opinionpublica.tv\/portada\/wp-json\/wp\/v2\/posts\/66579\/revisions\/66580"}],"wp:featuredmedia":[{"embeddable":true,"href":"https:\/\/www.opinionpublica.tv\/portada\/wp-json\/wp\/v2\/media\/66581"}],"wp:attachment":[{"href":"https:\/\/www.opinionpublica.tv\/portada\/wp-json\/wp\/v2\/media?parent=66579"}],"wp:term":[{"taxonomy":"category","embeddable":true,"href":"https:\/\/www.opinionpublica.tv\/portada\/wp-json\/wp\/v2\/categories?post=66579"},{"taxonomy":"post_tag","embeddable":true,"href":"https:\/\/www.opinionpublica.tv\/portada\/wp-json\/wp\/v2\/tags?post=66579"}],"curies":[{"name":"wp","href":"https:\/\/api.w.org\/{rel}","templated":true}]}}