{"id":66539,"date":"2025-08-21T00:01:00","date_gmt":"2025-08-21T06:01:00","guid":{"rendered":"https:\/\/www.opinionpublica.tv\/portada\/?p=66539"},"modified":"2025-08-20T22:56:22","modified_gmt":"2025-08-21T04:56:22","slug":"apoya-maru-a-12-mil-menores-con-becas-y-equipamiento-para-400-estancias-infantiles","status":"publish","type":"post","link":"https:\/\/www.opinionpublica.tv\/portada\/apoya-maru-a-12-mil-menores-con-becas-y-equipamiento-para-400-estancias-infantiles\/","title":{"rendered":"Apoya Maru a 12 mil menores con becas y equipamiento para 400 estancias infantiles"},"content":{"rendered":"\n<figure class=\"wp-block-image size-large\"><img fetchpriority=\"high\" decoding=\"async\" width=\"1024\" height=\"682\" src=\"https:\/\/www.opinionpublica.tv\/portada\/wp-content\/uploads\/2025\/08\/Apoya-Maru-a-12-mil-menores-con-becas-y-equipamiento-para-400-estancias-infantiles-1024x682.jpeg\" alt=\"Apoya maru a 12 mil menores con becas y equipamiento para 400 estancias infantiles\" class=\"wp-image-66541\" srcset=\"https:\/\/www.opinionpublica.tv\/portada\/wp-content\/uploads\/2025\/08\/Apoya-Maru-a-12-mil-menores-con-becas-y-equipamiento-para-400-estancias-infantiles-1024x682.jpeg 1024w, https:\/\/www.opinionpublica.tv\/portada\/wp-content\/uploads\/2025\/08\/Apoya-Maru-a-12-mil-menores-con-becas-y-equipamiento-para-400-estancias-infantiles-300x200.jpeg 300w, https:\/\/www.opinionpublica.tv\/portada\/wp-content\/uploads\/2025\/08\/Apoya-Maru-a-12-mil-menores-con-becas-y-equipamiento-para-400-estancias-infantiles-768x511.jpeg 768w, https:\/\/www.opinionpublica.tv\/portada\/wp-content\/uploads\/2025\/08\/Apoya-Maru-a-12-mil-menores-con-becas-y-equipamiento-para-400-estancias-infantiles-1536x1022.jpeg 1536w, https:\/\/www.opinionpublica.tv\/portada\/wp-content\/uploads\/2025\/08\/Apoya-Maru-a-12-mil-menores-con-becas-y-equipamiento-para-400-estancias-infantiles.jpeg 1600w\" sizes=\"(max-width: 1024px) 100vw, 1024px\" \/><\/figure>\n\n\n\n<p><em>Chihuahua, Chih<\/em>.- La gobernadora Maru Campos encabez\u00f3 la entrega de becas y apoyos econ\u00f3micos dirigidos a 379 Estancias Infantiles de la entidad, a fin de ampliar la cobertura de los servicios y garantizar el cuidado integral de 12 mil ni\u00f1as y ni\u00f1os.<\/p>\n\n\n\n<p>Durante el evento que se llev\u00f3 a cabo en Palacio de Gobierno, dio a conocer que solo este mes se destinar\u00e1n 6.7 millones de pesos para becar a m\u00e1s de 110 menores de edad en la zona centro, reembolsar los gastos por el tr\u00e1mite de licencias a 45 cuidadores, dotar de alimentos y equipar 16 centros que requieren nueva infraestructura.<\/p>\n\n\n\n<p>Con este recurso se abrir\u00e1n dos nuevos espacios en beneficio de las madres y padres de familia que trabajan para llevar sustento a su familia: Casa Bambini en Chihuahua y Peque\u00f1o NAVI en Cuauht\u00e9moc.<\/p>\n\n\n\n<p>\u201cLas ni\u00f1as y los ni\u00f1os son el valor m\u00e1s preciado para los chihuahuenses. Tienen que crecer sanos, felices, motivados, con identidad y seguridad, sabiendo que mam\u00e1 y pap\u00e1 est\u00e1n trabajando fuera por ellos\u201d, expres\u00f3 la mandataria, quien reconoci\u00f3 la labor de los cuidadores que d\u00eda a d\u00eda velan por la integridad de las familias.<\/p>\n\n\n\n<p>Dijo que durante el presente a\u00f1o se erogar\u00e1n 100 millones de pesos para fortalecer dichos establecimientos.<\/p>\n\n\n\n<p>\u201cLas estancias infantiles es una de nuestras m\u00e1s grandes prioridades. A cada mam\u00e1 y a cada pap\u00e1 les refrendo mi compromiso: sus ni\u00f1os se sentir\u00e1n tremendamente orgullosos de ustedes. Los acompa\u00f1amos en la misi\u00f3n de cuidar y acompa\u00f1ar a sus hijos\u201d, puntualiz\u00f3 Maru Campos.<\/p>\n\n\n\n<p>Por su parte, Iveth Gandarilla y Cecilia Elizondo, representantes de las estancias Pekes y Creciendo Juntos, respectivamente, reconocieron el compromiso y voluntad de la titular del Ejecutivo para preservar estos programas pese a los recortes federales.<\/p>\n\n\n\n<p>\u201cGracias por creer y confiar en nosotros. Gracias por darnos las herramientas para servir, para crecer y para apostar en grande, para cuidar a los profesionistas del ma\u00f1ana\u201d, expresaron.<\/p>\n","protected":false},"excerpt":{"rendered":"<p>Chihuahua, Chih.- La gobernadora Maru Campos encabez\u00f3 la entrega de becas y apoyos econ\u00f3micos dirigidos a 379 Estancias Infantiles de la entidad, a fin de ampliar la cobertura de los servicios y garantizar el cuidado integral de 12 mil ni\u00f1as y ni\u00f1os. Durante el evento que se llev\u00f3 a cabo en Palacio de Gobierno, dio [&hellip;]<\/p>\n","protected":false},"author":6,"featured_media":66541,"comment_status":"closed","ping_status":"closed","sticky":false,"template":"","format":"standard","meta":{"_acf_changed":false,"_monsterinsights_skip_tracking":false,"_monsterinsights_sitenote_active":false,"_monsterinsights_sitenote_note":"","_monsterinsights_sitenote_category":0,"slim_seo":{"title":"Apoya Maru a 12 mil menores con becas y equipamiento para 400 estancias infantiles - Opini\u00f3n P\u00fablica","description":"Chihuahua, Chih .- La gobernadora Maru Campos encabez\u00f3 la entrega de becas y apoyos econ\u00f3micos dirigidos a 379 Estancias Infantiles de la entidad, a fin de ampl"},"footnotes":""},"categories":[11],"tags":[],"class_list":["post-66539","post","type-post","status-publish","format-standard","has-post-thumbnail","hentry","category-tendencias"],"acf":[],"_links":{"self":[{"href":"https:\/\/www.opinionpublica.tv\/portada\/wp-json\/wp\/v2\/posts\/66539","targetHints":{"allow":["GET"]}}],"collection":[{"href":"https:\/\/www.opinionpublica.tv\/portada\/wp-json\/wp\/v2\/posts"}],"about":[{"href":"https:\/\/www.opinionpublica.tv\/portada\/wp-json\/wp\/v2\/types\/post"}],"author":[{"embeddable":true,"href":"https:\/\/www.opinionpublica.tv\/portada\/wp-json\/wp\/v2\/users\/6"}],"replies":[{"embeddable":true,"href":"https:\/\/www.opinionpublica.tv\/portada\/wp-json\/wp\/v2\/comments?post=66539"}],"version-history":[{"count":2,"href":"https:\/\/www.opinionpublica.tv\/portada\/wp-json\/wp\/v2\/posts\/66539\/revisions"}],"predecessor-version":[{"id":66542,"href":"https:\/\/www.opinionpublica.tv\/portada\/wp-json\/wp\/v2\/posts\/66539\/revisions\/66542"}],"wp:featuredmedia":[{"embeddable":true,"href":"https:\/\/www.opinionpublica.tv\/portada\/wp-json\/wp\/v2\/media\/66541"}],"wp:attachment":[{"href":"https:\/\/www.opinionpublica.tv\/portada\/wp-json\/wp\/v2\/media?parent=66539"}],"wp:term":[{"taxonomy":"category","embeddable":true,"href":"https:\/\/www.opinionpublica.tv\/portada\/wp-json\/wp\/v2\/categories?post=66539"},{"taxonomy":"post_tag","embeddable":true,"href":"https:\/\/www.opinionpublica.tv\/portada\/wp-json\/wp\/v2\/tags?post=66539"}],"curies":[{"name":"wp","href":"https:\/\/api.w.org\/{rel}","templated":true}]}}