{"id":66528,"date":"2025-08-21T00:01:00","date_gmt":"2025-08-21T06:01:00","guid":{"rendered":"https:\/\/www.opinionpublica.tv\/portada\/?p=66528"},"modified":"2025-08-20T22:50:04","modified_gmt":"2025-08-21T04:50:04","slug":"entregan-becas-de-acceso-a-la-universidad-en-escuela-normal-superior-de-chihuahua","status":"publish","type":"post","link":"https:\/\/www.opinionpublica.tv\/portada\/entregan-becas-de-acceso-a-la-universidad-en-escuela-normal-superior-de-chihuahua\/","title":{"rendered":"Entregan becas de acceso a la universidad a Escuela Normal Superior de Chihuahua"},"content":{"rendered":"\n<figure class=\"wp-block-image size-large\"><img fetchpriority=\"high\" decoding=\"async\" width=\"1024\" height=\"683\" src=\"https:\/\/www.opinionpublica.tv\/portada\/wp-content\/uploads\/2025\/08\/Entregan-becas-de-acceso-a-la-universidad-a-Escuela-Normal-Superior-de-Chihuahua-1024x683.jpeg\" alt=\"Entregan becas de acceso a la universidad a escuela normal superior de chihuahua\" class=\"wp-image-66532\" srcset=\"https:\/\/www.opinionpublica.tv\/portada\/wp-content\/uploads\/2025\/08\/Entregan-becas-de-acceso-a-la-universidad-a-Escuela-Normal-Superior-de-Chihuahua-1024x683.jpeg 1024w, https:\/\/www.opinionpublica.tv\/portada\/wp-content\/uploads\/2025\/08\/Entregan-becas-de-acceso-a-la-universidad-a-Escuela-Normal-Superior-de-Chihuahua-300x200.jpeg 300w, https:\/\/www.opinionpublica.tv\/portada\/wp-content\/uploads\/2025\/08\/Entregan-becas-de-acceso-a-la-universidad-a-Escuela-Normal-Superior-de-Chihuahua-768x512.jpeg 768w, https:\/\/www.opinionpublica.tv\/portada\/wp-content\/uploads\/2025\/08\/Entregan-becas-de-acceso-a-la-universidad-a-Escuela-Normal-Superior-de-Chihuahua.jpeg 1280w\" sizes=\"(max-width: 1024px) 100vw, 1024px\" \/><\/figure>\n\n\n\n<p><em>Ciudad Ju\u00e1rez, Chih<\/em>.- Ya se llev\u00f3 a cabo la entrega de becas del programa Acceso a la Universidad del Instituto Municipal de la Juventud, en la Escuela Normal Superior del Estado de Chihuahua \u201cJos\u00e9 E. Medrano\u201d.<\/p>\n\n\n\n<p>La ceremonia fue encabezada por Luis Osvaldo Rivas Garc\u00eda, director general del Instituto Municipal de la Juventud de Ju\u00e1rez y coordinada por Dar\u00edo Gael Mart\u00ednez G\u00f3mez, de la Jefatura de Bienestar a la Juventud, as\u00ed como por Julio C\u00e9sar L\u00f3pez, director general de la Normal.<\/p>\n\n\n\n<p>Durante el acto se hizo la entrega simb\u00f3lica de un cheque por 465 mil pesos a la Escuela Normal Superior del Estado de Chihuahua \u201cJos\u00e9 E. Medrano\u201d, correspondiente al monto del programa de becas.<\/p>\n\n\n\n<p>Asimismo, se entregaron 65 constancias en f\u00edsico a j\u00f3venes beneficiados, acreditando su incorporaci\u00f3n al programa.<\/p>\n\n\n\n<p>El director del Instituto Municipal de la Juventud destac\u00f3 que este esfuerzo ha permitido, de manera hist\u00f3rica, otorgar m\u00e1s de 6 mil 200 becas en a\u00f1os anteriores, mientras que en 2025 la cifra superar\u00e1 las 3 mil 500, alcanzando un acumulado de m\u00e1s de 9 mil 700 estudiantes apoyados en los \u00faltimos cuatro a\u00f1os.<\/p>\n\n\n\n<p>Con ello, Ju\u00e1rez se mantiene como el \u00fanico municipio del pa\u00eds con un esquema de apoyo continuo para j\u00f3venes que buscan ingresar a la universidad.<\/p>\n\n\n\n<p>Por su parte, Julio C\u00e9sar L\u00f3pez, director de la Escuela Normal, destac\u00f3 la importancia de este programa al se\u00f1alar que el respaldo econ\u00f3mico del Gobierno Municipal representa un alivio para las familias y una oportunidad para que los j\u00f3venes concentren sus esfuerzos en la educaci\u00f3n, evitando riesgos sociales y fortaleciendo el tejido comunitario.<\/p>\n\n\n\n<p>Tambi\u00e9n reconoci\u00f3 el trabajo del alcalde Cruz P\u00e9rez Cu\u00e9llar en favor de la formaci\u00f3n acad\u00e9mica.<\/p>\n","protected":false},"excerpt":{"rendered":"<p>Ciudad Ju\u00e1rez, Chih.- Ya se llev\u00f3 a cabo la entrega de becas del programa Acceso a la Universidad del Instituto Municipal de la Juventud, en la Escuela Normal Superior del Estado de Chihuahua \u201cJos\u00e9 E. Medrano\u201d. La ceremonia fue encabezada por Luis Osvaldo Rivas Garc\u00eda, director general del Instituto Municipal de la Juventud de Ju\u00e1rez [&hellip;]<\/p>\n","protected":false},"author":6,"featured_media":66532,"comment_status":"closed","ping_status":"closed","sticky":false,"template":"","format":"standard","meta":{"_acf_changed":false,"_monsterinsights_skip_tracking":false,"_monsterinsights_sitenote_active":false,"_monsterinsights_sitenote_note":"","_monsterinsights_sitenote_category":0,"slim_seo":{"title":"Entregan becas de acceso a la universidad a Escuela Normal Superior de Chihuahua - Opini\u00f3n P\u00fablica","description":"Ciudad Ju\u00e1rez, Chih .- Ya se llev\u00f3 a cabo la entrega de becas del programa Acceso a la Universidad del Instituto Municipal de la Juventud, en la Escuela Normal"},"footnotes":""},"categories":[41],"tags":[],"class_list":["post-66528","post","type-post","status-publish","format-standard","has-post-thumbnail","hentry","category-juarez"],"acf":[],"_links":{"self":[{"href":"https:\/\/www.opinionpublica.tv\/portada\/wp-json\/wp\/v2\/posts\/66528","targetHints":{"allow":["GET"]}}],"collection":[{"href":"https:\/\/www.opinionpublica.tv\/portada\/wp-json\/wp\/v2\/posts"}],"about":[{"href":"https:\/\/www.opinionpublica.tv\/portada\/wp-json\/wp\/v2\/types\/post"}],"author":[{"embeddable":true,"href":"https:\/\/www.opinionpublica.tv\/portada\/wp-json\/wp\/v2\/users\/6"}],"replies":[{"embeddable":true,"href":"https:\/\/www.opinionpublica.tv\/portada\/wp-json\/wp\/v2\/comments?post=66528"}],"version-history":[{"count":3,"href":"https:\/\/www.opinionpublica.tv\/portada\/wp-json\/wp\/v2\/posts\/66528\/revisions"}],"predecessor-version":[{"id":66533,"href":"https:\/\/www.opinionpublica.tv\/portada\/wp-json\/wp\/v2\/posts\/66528\/revisions\/66533"}],"wp:featuredmedia":[{"embeddable":true,"href":"https:\/\/www.opinionpublica.tv\/portada\/wp-json\/wp\/v2\/media\/66532"}],"wp:attachment":[{"href":"https:\/\/www.opinionpublica.tv\/portada\/wp-json\/wp\/v2\/media?parent=66528"}],"wp:term":[{"taxonomy":"category","embeddable":true,"href":"https:\/\/www.opinionpublica.tv\/portada\/wp-json\/wp\/v2\/categories?post=66528"},{"taxonomy":"post_tag","embeddable":true,"href":"https:\/\/www.opinionpublica.tv\/portada\/wp-json\/wp\/v2\/tags?post=66528"}],"curies":[{"name":"wp","href":"https:\/\/api.w.org\/{rel}","templated":true}]}}