{"id":66520,"date":"2025-08-21T00:01:00","date_gmt":"2025-08-21T06:01:00","guid":{"rendered":"https:\/\/www.opinionpublica.tv\/portada\/?p=66520"},"modified":"2025-08-20T22:46:12","modified_gmt":"2025-08-21T04:46:12","slug":"amplian-plazo-y-horarios-para-expedicion-del-engomado-ecologico-hasta-el-1-de-octubre","status":"publish","type":"post","link":"https:\/\/www.opinionpublica.tv\/portada\/amplian-plazo-y-horarios-para-expedicion-del-engomado-ecologico-hasta-el-1-de-octubre\/","title":{"rendered":"Ampl\u00edan plazo y horarios para tramitar engomado ecol\u00f3gico hasta el 1 de octubre"},"content":{"rendered":"\n<figure class=\"wp-block-image size-large\"><img fetchpriority=\"high\" decoding=\"async\" width=\"1024\" height=\"682\" src=\"https:\/\/www.opinionpublica.tv\/portada\/wp-content\/uploads\/2025\/08\/Amplian-plazo-y-horarios-para-tramitar-engomado-ecologico-hasta-el-1-de-octubre-1024x682.jpeg\" alt=\"Ampli\u0301an plazo y horarios para tramitar engomado ecolo\u0301gico hasta el 1 de octubre\" class=\"wp-image-66526\" srcset=\"https:\/\/www.opinionpublica.tv\/portada\/wp-content\/uploads\/2025\/08\/Amplian-plazo-y-horarios-para-tramitar-engomado-ecologico-hasta-el-1-de-octubre-1024x682.jpeg 1024w, https:\/\/www.opinionpublica.tv\/portada\/wp-content\/uploads\/2025\/08\/Amplian-plazo-y-horarios-para-tramitar-engomado-ecologico-hasta-el-1-de-octubre-300x200.jpeg 300w, https:\/\/www.opinionpublica.tv\/portada\/wp-content\/uploads\/2025\/08\/Amplian-plazo-y-horarios-para-tramitar-engomado-ecologico-hasta-el-1-de-octubre-768x512.jpeg 768w, https:\/\/www.opinionpublica.tv\/portada\/wp-content\/uploads\/2025\/08\/Amplian-plazo-y-horarios-para-tramitar-engomado-ecologico-hasta-el-1-de-octubre-1536x1023.jpeg 1536w, https:\/\/www.opinionpublica.tv\/portada\/wp-content\/uploads\/2025\/08\/Amplian-plazo-y-horarios-para-tramitar-engomado-ecologico-hasta-el-1-de-octubre.jpeg 1600w\" sizes=\"(max-width: 1024px) 100vw, 1024px\" \/><\/figure>\n\n\n\n<p><em>Ciudad Ju\u00e1rez, Chih<\/em>.- El presidente municipal, Cruz P\u00e9rez Cu\u00e9llar, dio a conocer en un mensaje a trav\u00e9s de sus redes sociales, que debido a la alta afluencia de ciudadanos que buscan cumplir con la verificaci\u00f3n vehicular y obtener su engomado ecol\u00f3gico, se han tomado medidas para apoyarlos.<\/p>\n\n\n\n<p>El alcalde inform\u00f3 que se ampl\u00eda el plazo, sin sanciones hasta el 1 de octubre, para cumplir con la verificaci\u00f3n vehicular, por lo que invit\u00f3 a los automovilistas a tramitar el engomado ecol\u00f3gico.<\/p>\n\n\n\n<p>Asimismo, dio a conocer que se extienden los horarios en los m\u00f3dulos de atenci\u00f3n de lunes a domingo, con el objetivo de facilitar el tr\u00e1mite y garantizar un servicio m\u00e1s ordenado.<\/p>\n\n\n\n<p>P\u00e9rez Cu\u00e9llar dijo tambi\u00e9n que se abri\u00f3 en la aplicaci\u00f3n WhatsApp el n\u00famero 656-749-2755 para reportar cualquier anomal\u00eda o denuncia.<\/p>\n\n\n\n<p>\u201cNuestro compromiso es cuidar el aire de Ju\u00e1rez con orden y respeto\u201d, puntualiz\u00f3 el alcalde.<\/p>\n\n\n\n<p>La Direcci\u00f3n de Ecolog\u00eda del Municipio reiter\u00f3 la ampliaci\u00f3n de horarios en el centro de verificaci\u00f3n vehicular que opera la dependencia, as\u00ed como la participaci\u00f3n de los 31 centros privados.<\/p>\n\n\n\n<p>El centro municipal, ubicado en las instalaciones de la Direcci\u00f3n de Ecolog\u00eda, brindar\u00e1 servicio de lunes a viernes de 8:00 de la ma\u00f1ana a 6:00 de la tarde.<\/p>\n\n\n\n<p>Actualmente operan 32 centros de verificaci\u00f3n fijos en la ciudad y 74 m\u00e1quinas; se espera que la pr\u00f3xima semana se incorporen al menos 10 equipos m\u00e1s para mejorar la atenci\u00f3n a los conductores.<\/p>\n","protected":false},"excerpt":{"rendered":"<p>Ciudad Ju\u00e1rez, Chih.- El presidente municipal, Cruz P\u00e9rez Cu\u00e9llar, dio a conocer en un mensaje a trav\u00e9s de sus redes sociales, que debido a la alta afluencia de ciudadanos que buscan cumplir con la verificaci\u00f3n vehicular y obtener su engomado ecol\u00f3gico, se han tomado medidas para apoyarlos. El alcalde inform\u00f3 que se ampl\u00eda el plazo, [&hellip;]<\/p>\n","protected":false},"author":6,"featured_media":66526,"comment_status":"closed","ping_status":"closed","sticky":false,"template":"","format":"standard","meta":{"_acf_changed":false,"_monsterinsights_skip_tracking":false,"_monsterinsights_sitenote_active":false,"_monsterinsights_sitenote_note":"","_monsterinsights_sitenote_category":0,"slim_seo":{"title":"Ampl\u00edan plazo y horarios para tramitar engomado ecol\u00f3gico hasta el 1 de octubre - Opini\u00f3n P\u00fablica","description":"Ciudad Ju\u00e1rez, Chih .- El presidente municipal, Cruz P\u00e9rez Cu\u00e9llar, dio a conocer en un mensaje a trav\u00e9s de sus redes sociales, que debido a la alta afluencia d"},"footnotes":""},"categories":[41],"tags":[],"class_list":["post-66520","post","type-post","status-publish","format-standard","has-post-thumbnail","hentry","category-juarez"],"acf":[],"_links":{"self":[{"href":"https:\/\/www.opinionpublica.tv\/portada\/wp-json\/wp\/v2\/posts\/66520","targetHints":{"allow":["GET"]}}],"collection":[{"href":"https:\/\/www.opinionpublica.tv\/portada\/wp-json\/wp\/v2\/posts"}],"about":[{"href":"https:\/\/www.opinionpublica.tv\/portada\/wp-json\/wp\/v2\/types\/post"}],"author":[{"embeddable":true,"href":"https:\/\/www.opinionpublica.tv\/portada\/wp-json\/wp\/v2\/users\/6"}],"replies":[{"embeddable":true,"href":"https:\/\/www.opinionpublica.tv\/portada\/wp-json\/wp\/v2\/comments?post=66520"}],"version-history":[{"count":4,"href":"https:\/\/www.opinionpublica.tv\/portada\/wp-json\/wp\/v2\/posts\/66520\/revisions"}],"predecessor-version":[{"id":66527,"href":"https:\/\/www.opinionpublica.tv\/portada\/wp-json\/wp\/v2\/posts\/66520\/revisions\/66527"}],"wp:featuredmedia":[{"embeddable":true,"href":"https:\/\/www.opinionpublica.tv\/portada\/wp-json\/wp\/v2\/media\/66526"}],"wp:attachment":[{"href":"https:\/\/www.opinionpublica.tv\/portada\/wp-json\/wp\/v2\/media?parent=66520"}],"wp:term":[{"taxonomy":"category","embeddable":true,"href":"https:\/\/www.opinionpublica.tv\/portada\/wp-json\/wp\/v2\/categories?post=66520"},{"taxonomy":"post_tag","embeddable":true,"href":"https:\/\/www.opinionpublica.tv\/portada\/wp-json\/wp\/v2\/tags?post=66520"}],"curies":[{"name":"wp","href":"https:\/\/api.w.org\/{rel}","templated":true}]}}