{"id":66515,"date":"2025-08-21T00:01:00","date_gmt":"2025-08-21T06:01:00","guid":{"rendered":"https:\/\/www.opinionpublica.tv\/portada\/?p=66515"},"modified":"2025-08-20T22:27:14","modified_gmt":"2025-08-21T04:27:14","slug":"efemerides-21-de-agosto-un-dia-como-hoy-en-la-historia","status":"publish","type":"post","link":"https:\/\/www.opinionpublica.tv\/portada\/efemerides-21-de-agosto-un-dia-como-hoy-en-la-historia\/","title":{"rendered":"Efem\u00e9rides 21 de agosto | Un d\u00eda como hoy en la historia&#8230;"},"content":{"rendered":"\n<p><em>Un d\u00eda 21 de agosto como hoy, pero de 1994, Ernesto Zedillo gana las elecciones legislativas y presidenciales en M\u00e9xico y ser\u00e1 el \u00faltimo presidente del PRI en m\u00e1s de 70 a\u00f1os consecutivos<\/em>.<\/p>\n\n\n\n<figure class=\"wp-block-image size-full\"><img fetchpriority=\"high\" decoding=\"async\" width=\"640\" height=\"431\" src=\"https:\/\/www.opinionpublica.tv\/portada\/wp-content\/uploads\/2025\/08\/1994-Ernesto-Zedillo-gana-las-elecciones-legislativas-y-presidenciales-en-Mexico.jpg\" alt=\"Ernesto zedillo greeting people outside pri headquarters\" class=\"wp-image-66516\" srcset=\"https:\/\/www.opinionpublica.tv\/portada\/wp-content\/uploads\/2025\/08\/1994-Ernesto-Zedillo-gana-las-elecciones-legislativas-y-presidenciales-en-Mexico.jpg 640w, https:\/\/www.opinionpublica.tv\/portada\/wp-content\/uploads\/2025\/08\/1994-Ernesto-Zedillo-gana-las-elecciones-legislativas-y-presidenciales-en-Mexico-300x202.jpg 300w\" sizes=\"(max-width: 640px) 100vw, 640px\" \/><\/figure>\n\n\n\n<p><strong>Otras efem\u00e9rides<\/strong><\/p>\n\n\n\n<p>1792.- El pol\u00edtico mon\u00e1rquico Luis David Collenot-d&#8217;Angremont es ejecutado en Francia, primera vez que se emplea la guillotina para un delito pol\u00edtico durante la Revoluci\u00f3n Francesa.<\/p>\n\n\n\n<p>1810.- El mariscal de Napole\u00f3n, Jean Battiste Bernardotte, nombrado heredero del rey Carlos XIII de Suecia e implantar\u00e1 la dinast\u00eda de los Bernardotte.<\/p>\n\n\n\n<p>1823.- Nicaragua, como parte de las Provincias Unidas del Centro de Am\u00e9rica, adopta bandera y escudo de armas para simbolizar su entidad soberana.<\/p>\n\n\n\n<p>1856.- Se pone a la venta el primer sello postal argentino en la provincia de Corrientes con la efigie de Ceres, diosade la agricultura.<\/p>\n\n\n\n<p>1888.- William S. Burroughs patenta la m\u00e1quina de sumar, precursora de la calculadora.<\/p>\n\n\n\n<p>1911.- Portugal aprueba la primera Constituci\u00f3n republicana del pa\u00eds.<\/p>\n\n\n\n<p>1914.- Comienza la Batalla de las Ardenas entre Francia y Alemania, en la I Guerra Mundial.<\/p>\n\n\n\n<p>1929.- Los pintores mexicanos Frida Kahlo y Diego Rivera contraen matrimonio.<\/p>\n\n\n\n<p>1940.- El revolucionario ruso Le\u00f3n Trotsky muere en Ciudad de M\u00e9xico, tras ser atacado el d\u00eda anterior por el comunista espa\u00f1ol Ram\u00f3n Mercader, quien le clav\u00f3 un piolet en la cabeza.<\/p>\n\n\n\n<p>1944.- Se promulga en M\u00e9xico la Ley de Emergencia para la Campa\u00f1a Nacional contra el Analfabetismo.<\/p>\n\n\n\n<p>1956.- Se estrena en EEUU la pel\u00edcula \u00abGuerra y Paz\u00bb (King Vidor).<\/p>\n\n\n\n<p>1961.- El retrato del Duque de Wellington, de Francisco de Goya, es robado de la National Gallery de Londres. Se recuper\u00f3 en 1965.<\/p>\n\n\n\n<p>1969.- Un turista cristiano australiano provoca un incendio en la mezquita &#8216;Al Aqsa&#8217; de Jerusal\u00e9n, que destruye las partes m\u00e1s antiguas de la misma.<\/p>\n\n\n\n<p>1971.- Triunfa el golpe de Estado en Bolivia, liderado por el coronel Hugo Banzer, que derroc\u00f3 al general Juan Jos\u00e9 Torres.<\/p>\n\n\n\n<p>1983.- Benigno Aquino, dirigente opositor de Filipinas, es asesinado en el aeropuerto de Manila cuando regresaba de su exilio en Estados Unidos.<\/p>\n\n\n\n<p>1991.- Fracasa la intentona golpista contra el presidente de la URSS, Mijail Gorbachov, iniciada tres d\u00edas antes, con la detenci\u00f3n de los conspiradores.<\/p>\n\n\n\n<p>2001.-El FMI concede a Argentina una ayuda adicional de 8.000 millones de d\u00f3lares para remediar su recesi\u00f3n.<\/p>\n\n\n\n<p>2006.- Comienza en Irak el juicio contra el expresidente Sadam Hussein y seis altos cargos por genocidio contra el pueblo kurdo. El Tribunal lo conden\u00f3 a muerte y muri\u00f3 ahorcado ese a\u00f1o.<\/p>\n\n\n\n<p>2012.- El Tribunal Constitucional rumano invalida el refer\u00e9ndum de cese del presidente Basescu por asumir competencias que no le correspond\u00edan, y puede volver a ejercer su cargo.<\/p>\n\n\n\n<p>2013.- El soldado estadounidense Bradley Manning es condenado a 35 a\u00f1os de prisi\u00f3n por filtrar a WikiLeaks m\u00e1s de 700.000 documentos clasificados.<\/p>\n\n\n\n<p>2014.- Prayuth Chan-ocha, es elegido primer ministro de Tailandia, tres meses despu\u00e9s del golpe de Estado con el que lleg\u00f3 al poder.<\/p>\n\n\n\n<p>2017.- Los Mossos abaten en Subirats (Alto Pened\u00e8s) a Younes Abouyaaqou, autor del atentado de las Ramblas (Barcelona) y confirman la muerte del im\u00e1n de Ripoll, Abdelbaki es-Satty, en la explosi\u00f3n de un chalet en Alcanar (Tarragona) anterior al ataque terrorista y desde donde se plane\u00f3 \u00e9ste.<\/p>\n\n\n\n<p>2020.- El exvicepresidente de EEUU Joe Biden acepta la nominaci\u00f3n dem\u00f3crata a la Casa Blanca para las elecciones presidenciales del 3 de noviembre, en la clausura de la convenci\u00f3n nacional del partido, en Milwaukee (Wisconsin).<\/p>\n\n\n\n<p><strong>Nacimientos<\/strong><\/p>\n\n\n\n<p>1789.- Agust\u00edn Luis, Bar\u00f3n de Cauchi, sabio franc\u00e9s creador del an\u00e1lisis matem\u00e1tico.<\/p>\n\n\n\n<p>1820.- John Tyndall, cient\u00edfico irland\u00e9s.<\/p>\n\n\n\n<p>1930.- Margarita de Inglaterra, hermana de Isabel II.<\/p>\n\n\n\n<p>1937.- Gustavo Noboa, presidente de Ecuador.<\/p>\n\n\n\n<p>1944.- Peter Weir, cineasta australiano.<\/p>\n\n\n\n<p>1958.- Steve Case, cofundador de America OnLine (AOL).<\/p>\n\n\n\n<p>1963.- Sidi Mohamed, Mohamed VI, rey de Marruecos.<\/p>\n\n\n\n<p>1973.- Sergey Brin, cofundador de Google.<\/p>\n\n\n\n<p><strong>Defunciones<\/strong><\/p>\n\n\n\n<p>1826.- Francisco Pignillem, introductor de la vacuna y la auscultaci\u00f3n en Espa\u00f1a.<\/p>\n\n\n\n<p>1947.- Ettore Bugatti, constructor de autom\u00f3viles italiano.<\/p>\n\n\n\n<p>1951.- Constant Lambert, compositor ingl\u00e9s.<\/p>\n\n\n\n<p>1997.- Misael Pastrana, expresidente colombiano.<\/p>\n\n\n\n<p>1999.- Pr\u00edncipe Faisal Ben Fahd, primog\u00e9nito del rey Fahd de Arabia Saud\u00ed.<\/p>\n\n\n\n<p>2015.- Daniel Rabinovich, humorista argentino de \u00abLes Luthiers\u00bb.<\/p>\n\n\n\n<p>2018.- Barbara Harris, actriz estadounidense.<\/p>\n\n\n\n<p>2019.- Celso Pi\u00f1a, cantante y compositor mexicano.<\/p>\n\n\n\n<p>2022.- Zalo Reyes, cantante y emblema de la cultura popular chilena.<\/p>\n","protected":false},"excerpt":{"rendered":"<p>Un d\u00eda 21 de agosto como hoy, pero de 1994, Ernesto Zedillo gana las elecciones legislativas y presidenciales en M\u00e9xico y ser\u00e1 el \u00faltimo presidente del PRI en m\u00e1s de 70 a\u00f1os consecutivos. Otras efem\u00e9rides 1792.- El pol\u00edtico mon\u00e1rquico Luis David Collenot-d&#8217;Angremont es ejecutado en Francia, primera vez que se emplea la guillotina para un [&hellip;]<\/p>\n","protected":false},"author":6,"featured_media":66516,"comment_status":"closed","ping_status":"closed","sticky":false,"template":"","format":"standard","meta":{"_acf_changed":false,"_monsterinsights_skip_tracking":false,"_monsterinsights_sitenote_active":false,"_monsterinsights_sitenote_note":"","_monsterinsights_sitenote_category":0,"slim_seo":{"title":"Efem\u00e9rides 21 de agosto | Un d\u00eda como hoy en la historia... - Opini\u00f3n P\u00fablica","description":"Un d\u00eda 21 de agosto como hoy, pero de 1994, Ernesto Zedillo gana las elecciones legislativas y presidenciales en M\u00e9xico y ser\u00e1 el \u00faltimo presidente del PRI en m"},"footnotes":""},"categories":[27],"tags":[],"class_list":["post-66515","post","type-post","status-publish","format-standard","has-post-thumbnail","hentry","category-un-dia-como-hoy"],"acf":[],"_links":{"self":[{"href":"https:\/\/www.opinionpublica.tv\/portada\/wp-json\/wp\/v2\/posts\/66515","targetHints":{"allow":["GET"]}}],"collection":[{"href":"https:\/\/www.opinionpublica.tv\/portada\/wp-json\/wp\/v2\/posts"}],"about":[{"href":"https:\/\/www.opinionpublica.tv\/portada\/wp-json\/wp\/v2\/types\/post"}],"author":[{"embeddable":true,"href":"https:\/\/www.opinionpublica.tv\/portada\/wp-json\/wp\/v2\/users\/6"}],"replies":[{"embeddable":true,"href":"https:\/\/www.opinionpublica.tv\/portada\/wp-json\/wp\/v2\/comments?post=66515"}],"version-history":[{"count":2,"href":"https:\/\/www.opinionpublica.tv\/portada\/wp-json\/wp\/v2\/posts\/66515\/revisions"}],"predecessor-version":[{"id":66519,"href":"https:\/\/www.opinionpublica.tv\/portada\/wp-json\/wp\/v2\/posts\/66515\/revisions\/66519"}],"wp:featuredmedia":[{"embeddable":true,"href":"https:\/\/www.opinionpublica.tv\/portada\/wp-json\/wp\/v2\/media\/66516"}],"wp:attachment":[{"href":"https:\/\/www.opinionpublica.tv\/portada\/wp-json\/wp\/v2\/media?parent=66515"}],"wp:term":[{"taxonomy":"category","embeddable":true,"href":"https:\/\/www.opinionpublica.tv\/portada\/wp-json\/wp\/v2\/categories?post=66515"},{"taxonomy":"post_tag","embeddable":true,"href":"https:\/\/www.opinionpublica.tv\/portada\/wp-json\/wp\/v2\/tags?post=66515"}],"curies":[{"name":"wp","href":"https:\/\/api.w.org\/{rel}","templated":true}]}}