{"id":66499,"date":"2025-08-21T00:01:00","date_gmt":"2025-08-21T06:01:00","guid":{"rendered":"https:\/\/www.opinionpublica.tv\/portada\/?p=66499"},"modified":"2025-08-20T22:08:17","modified_gmt":"2025-08-21T04:08:17","slug":"mundial-2026-esto-es-lo-que-gastaran-los-mexicanos-viendo-los-partidos-de-futbol-fast-food-rubro-al-que-mas-destinaran-recursos","status":"publish","type":"post","link":"https:\/\/www.opinionpublica.tv\/portada\/mundial-2026-esto-es-lo-que-gastaran-los-mexicanos-viendo-los-partidos-de-futbol-fast-food-rubro-al-que-mas-destinaran-recursos\/","title":{"rendered":"Mundial 2026: Esto es lo que gastar\u00e1n los mexicanos viendo los partidos de futbol; fast food, donde m\u00e1s gastar\u00e1n"},"content":{"rendered":"\n<figure class=\"wp-block-image size-large\"><img fetchpriority=\"high\" decoding=\"async\" width=\"1024\" height=\"620\" src=\"https:\/\/www.opinionpublica.tv\/portada\/wp-content\/uploads\/2025\/08\/Mundial-2026-Esto-es-lo-que-gastaran-los-mexicanos-viendo-los-partidos-de-futbol-fast-food-donde-mas-gastaran-1024x620.avif\" alt=\"Mundial 2026 esto es lo que gastara\u0301n los mexicanos viendo los partidos de futbol; fast food, donde ma\u0301s gastara\u0301n\" class=\"wp-image-66503\" srcset=\"https:\/\/www.opinionpublica.tv\/portada\/wp-content\/uploads\/2025\/08\/Mundial-2026-Esto-es-lo-que-gastaran-los-mexicanos-viendo-los-partidos-de-futbol-fast-food-donde-mas-gastaran-1024x620.avif 1024w, https:\/\/www.opinionpublica.tv\/portada\/wp-content\/uploads\/2025\/08\/Mundial-2026-Esto-es-lo-que-gastaran-los-mexicanos-viendo-los-partidos-de-futbol-fast-food-donde-mas-gastaran-300x182.avif 300w, https:\/\/www.opinionpublica.tv\/portada\/wp-content\/uploads\/2025\/08\/Mundial-2026-Esto-es-lo-que-gastaran-los-mexicanos-viendo-los-partidos-de-futbol-fast-food-donde-mas-gastaran-768x465.avif 768w, https:\/\/www.opinionpublica.tv\/portada\/wp-content\/uploads\/2025\/08\/Mundial-2026-Esto-es-lo-que-gastaran-los-mexicanos-viendo-los-partidos-de-futbol-fast-food-donde-mas-gastaran.avif 1100w\" sizes=\"(max-width: 1024px) 100vw, 1024px\" \/><\/figure>\n\n\n\n<p>A menos de 10 meses de que inicie la copa mundial de futbol FIFA 2026, el sector de franquicias espera una expansi\u00f3n de sus ventas por esta justa deportiva.<\/p>\n\n\n\n<p>La transmisi\u00f3n de los partidos, la llegada de aficionados al pa\u00eds y el movimiento de personas incluso en los d\u00edas que no hay enfrentamiento de las selecciones, permitir\u00e1 que aumenten los consumos, principalmente en hoteles, restaurantes y cafeter\u00edas, en donde se espera un incremento en ventas directo de aproximadamente 128%, dijo el presidente del Instituto Latinoamericano de la Franquicia, Jorge Valencia.<\/p>\n\n\n\n<p>De acuerdo con el tambi\u00e9n llamado Zar de las Franquicias \u201cla estancia promedio en un centro de consumo en d\u00edas de partido es de aproximadamente cuatro horas y el consumo promedio por persona es cercano a los 50 d\u00f3lares\u201d.<\/p>\n\n\n\n<p>Se espera que los m\u00e1s beneficiados por las ventas sean las franquicias de fast food con 45% de las ventas y el delivery con 20%, en tanto que los restaurantes de mesa el 35%, dijo el especialista.<\/p>\n\n\n\n<p>Lo que traer\u00e1 un impacto positivo a franquicias de restaurantes y bares que representan el 32% de las m\u00e1s de mil empresas que operan como franquicias y de los 120 mil puntos de venta que hay en M\u00e9xico, expuso.<\/p>\n\n\n\n<p>Por Mundial, negocios planean aumentar su capacidad<\/p>\n\n\n\n<p>Ante la proximidad del 11 de junio del 2026, el tambi\u00e9n representante para Iberoam\u00e9rica de la Latino Franchise Association dijo que \u00abalgunos negocios ya est\u00e1n planeando aumentar de diversas formas la capacidad instalada de sus negocios\u201d ya que quieren \u201cestar preparados para atender la alta demanda en pedidos a domicilio y trabajar de la mano de las plataformas de delivery para hacer frente al incremento de pedidos\u201d.<\/p>\n\n\n\n<p>Tambi\u00e9n se espera que otros giros incrementen sus ventas con promociones especiales de servicios o cruzadas con diferentes marcas, bas\u00e1ndose en el mundial de futbol.<\/p>\n\n\n\n<p>Pueden crearse campa\u00f1as para ofrecer servicios, por ejemplo, \u201cven a ponerte ella ante del partido\u201d, \u201csiempre a la moda para el partido\u201d, \u201caqu\u00ed le cuidamos a su mascota durante el juego\u201d o \u201cgane x o y premios durante todo el mes\u201d.<\/p>\n\n\n\n<p>Adem\u00e1s de que los sitios tur\u00edsticos podr\u00e1n ofrecer paquetes vacacionales y visitas a pueblos m\u00e1gicos que sean parte de un todo con el mundial de futbol para atraer al turista internacional.<\/p>\n\n\n\n<p>La derrama econ\u00f3mica no solamente quedar\u00e1 en las tres ciudades sede, Monterrey, Guadalajara y la Ciudad de M\u00e9xico, sino que se extender\u00e1 por todo el pa\u00eds porque los aficionados se reunir\u00e1n no solamente en los estadios, tambi\u00e9n estar\u00e1n en hoteles, restaurantes y bares para ver los partidos en cualquier parte del pa\u00eds.<\/p>\n\n\n\n<p>\u00abA mayor demanda de los clientes, se ver\u00e1 un incremento de empleo de por lo menos el 55% en cada uno de los centros de consumo\u201d, por lo que, parte del reto ser\u00e1 tener personal capacitado para ese incremento de ventas, a m\u00e1s tardar dos meses antes del Mundial 2026, explic\u00f3.<\/p>\n\n\n\n<p>\u201cHabr\u00e1 que ser creativos para dar empleo por periodos espec\u00edficos y d\u00edas espec\u00edficos y estar al pendiente de realizar un proceso de contrataci\u00f3n formal y estructurado para evitar demandas posteriores por falta de claridad en las responsabilidades y horarios\u201d, coment\u00f3.<\/p>\n\n\n\n<p><em>Con informaci\u00f3n de El Universal<\/em>.<\/p>\n","protected":false},"excerpt":{"rendered":"<p>A menos de 10 meses de que inicie la copa mundial de futbol FIFA 2026, el sector de franquicias espera una expansi\u00f3n de sus ventas por esta justa deportiva. La transmisi\u00f3n de los partidos, la llegada de aficionados al pa\u00eds y el movimiento de personas incluso en los d\u00edas que no hay enfrentamiento de las [&hellip;]<\/p>\n","protected":false},"author":6,"featured_media":66503,"comment_status":"closed","ping_status":"closed","sticky":false,"template":"","format":"standard","meta":{"_acf_changed":false,"_monsterinsights_skip_tracking":false,"_monsterinsights_sitenote_active":false,"_monsterinsights_sitenote_note":"","_monsterinsights_sitenote_category":0,"slim_seo":{"title":"Mundial 2026: Esto es lo que gastar\u00e1n los mexicanos viendo los partidos de futbol; fast food, donde m\u00e1s gastar\u00e1n - Opini\u00f3n P\u00fablica","description":"A menos de 10 meses de que inicie la copa mundial de futbol FIFA 2026, el sector de franquicias espera una expansi\u00f3n de sus ventas por esta justa deportiva. La"},"footnotes":""},"categories":[3],"tags":[],"class_list":["post-66499","post","type-post","status-publish","format-standard","has-post-thumbnail","hentry","category-principal"],"acf":[],"_links":{"self":[{"href":"https:\/\/www.opinionpublica.tv\/portada\/wp-json\/wp\/v2\/posts\/66499","targetHints":{"allow":["GET"]}}],"collection":[{"href":"https:\/\/www.opinionpublica.tv\/portada\/wp-json\/wp\/v2\/posts"}],"about":[{"href":"https:\/\/www.opinionpublica.tv\/portada\/wp-json\/wp\/v2\/types\/post"}],"author":[{"embeddable":true,"href":"https:\/\/www.opinionpublica.tv\/portada\/wp-json\/wp\/v2\/users\/6"}],"replies":[{"embeddable":true,"href":"https:\/\/www.opinionpublica.tv\/portada\/wp-json\/wp\/v2\/comments?post=66499"}],"version-history":[{"count":4,"href":"https:\/\/www.opinionpublica.tv\/portada\/wp-json\/wp\/v2\/posts\/66499\/revisions"}],"predecessor-version":[{"id":66504,"href":"https:\/\/www.opinionpublica.tv\/portada\/wp-json\/wp\/v2\/posts\/66499\/revisions\/66504"}],"wp:featuredmedia":[{"embeddable":true,"href":"https:\/\/www.opinionpublica.tv\/portada\/wp-json\/wp\/v2\/media\/66503"}],"wp:attachment":[{"href":"https:\/\/www.opinionpublica.tv\/portada\/wp-json\/wp\/v2\/media?parent=66499"}],"wp:term":[{"taxonomy":"category","embeddable":true,"href":"https:\/\/www.opinionpublica.tv\/portada\/wp-json\/wp\/v2\/categories?post=66499"},{"taxonomy":"post_tag","embeddable":true,"href":"https:\/\/www.opinionpublica.tv\/portada\/wp-json\/wp\/v2\/tags?post=66499"}],"curies":[{"name":"wp","href":"https:\/\/api.w.org\/{rel}","templated":true}]}}