{"id":66437,"date":"2025-08-21T00:01:00","date_gmt":"2025-08-21T06:01:00","guid":{"rendered":"https:\/\/www.opinionpublica.tv\/portada\/?p=66437"},"modified":"2025-08-19T21:04:13","modified_gmt":"2025-08-20T03:04:13","slug":"los-efectos-de-la-reduccion-de-la-pobreza","status":"publish","type":"post","link":"https:\/\/www.opinionpublica.tv\/portada\/los-efectos-de-la-reduccion-de-la-pobreza\/","title":{"rendered":"Los efectos de la reducci\u00f3n de la pobreza"},"content":{"rendered":"\n<h4 class=\"wp-block-heading\">Carlos Angulo Parra<\/h4>\n\n\n\n<p>____________________________<\/p>\n\n\n\n<p>En efecto, la reducci\u00f3n de la pobreza anunciada por el INEGI y fuertemente celebrada por la presidente Sheinbaum, es una buena noticia. No cabe duda de que mexicanos obtengan un nivel de ingresos mayor al que antes ten\u00edan es una extraordinario dato que debe ser celebrado.<\/p>\n\n\n\n<p>Pero, ah\u00ed viene esta fea expresi\u00f3n del \u201cpero\u201d, ello no significa que vayamos mejor con la econom\u00eda en M\u00e9xico, y que esta situaci\u00f3n no sea m\u00e1s que una \u201cvictoria p\u00edrrica\u201d (esta expresi\u00f3n viene de la historia en que Pirro venci\u00f3 en dos batallas a los romanos, pero dichas victorias diezmaron tanto a sus ej\u00e9rcitos que posteriormente los romanos lo vencieron por tener mayores capacidades de recuperaci\u00f3n).<\/p>\n\n\n\n<p>Tenemos en M\u00e9xico grandes problemas por delante, el m\u00e1s importante de ellos es la destrucci\u00f3n de nuestras instituciones de orden y democracia que el actual r\u00e9gimen est\u00e1 llevando a cabo. Al haber destruido los organismos aut\u00f3nomos estamos dejando a la voluntad pol\u00edtica del presidente de la Rep\u00fablica en turno, el hacer y deshacer a su antojo las pol\u00edticas p\u00fablicas del pa\u00eds.<\/p>\n\n\n\n<p>Con la destrucci\u00f3n de la independencia del Poder Judicial y con la pauperizaci\u00f3n de sus juzgadores, estamos dejando a la deriva a la ciudadan\u00eda y a las personas extranjeras que tratan con el gobierno y con los particulares en M\u00e9xico, en la resoluci\u00f3n de conflictos que suceden en las relaciones de negocios, las personales y el trato que tienen con el gobierno. Ello genera un alto grado de incertidumbre que provoca la disminuci\u00f3n de inversiones.<\/p>\n\n\n\n<p>S\u00ed, en primera instancia, M\u00e9xico representa, ante la geopol\u00edtica actual, un lugar de grandes oportunidades, pero la inestabilidad que la destrucci\u00f3n institucional puede provocar deja a nuestro pa\u00eds en una posici\u00f3n vulnerable.<\/p>\n\n\n\n<p>Nada m\u00e1s imaginemos situaciones en la que las empresas se tengan que enfrentar al gobierno por situaciones fiscales, como la deducibilidad de ciertos gastos, como asuntos aduaneros, concesiones, permisos, usos de suelo, y no se diga, expropiaciones y confiscaci\u00f3n de bienes.<\/p>\n\n\n\n<p>O bien, litigios con personas con un gran poder econ\u00f3mico en M\u00e9xico que devenga en una gran influencia con jueces, magistrados y ministros del poder judicial, en aspectos de interpretaci\u00f3n de contratos, situaciones de posesiones inmobiliarias, incumplimiento de contratos y pleitos derivados de adeudos o de incumplimiento de obligaciones contractuales.<\/p>\n\n\n\n<p>Todas estos asuntos pueden causar que las personas que salieron de la pobreza tengan en ello una especie de \u201cvictoria p\u00edrrica\u201d, por lo que en un santiam\u00e9n regresen a ella.<\/p>\n\n\n\n<p>Ahora bien, para cerrar con broche de oro, el problema de la incertidumbre de vivir y hacer negocio se hace a\u00fan m\u00e1s grave, porque ahora nuestra presidente quiere hacer una reforma electoral para que su partido detente el poder por largo tiempo, ya que ella y su partido manejar\u00e1n a su plena voluntad al INE, si es que existe, o al \u00f3rgano electoral que lo sustituya, y en el caso de que aun as\u00ed no le salgan las cosas, tendr\u00e1 la \u00faltima garant\u00eda de la cooptaci\u00f3n del Tribunal Electoral del Poder Judicial de la Federaci\u00f3n para que apruebe sus caprichos y se mantengan largos a\u00f1os en el poder.<\/p>\n\n\n\n<p>En efecto, millones de mexicanos han salido de la pobreza, pero \u00bfcu\u00e1nto tardar\u00e1n en regresar a ella? con este gran deterioro que hemos y estamos sufriendo?<\/p>\n\n\n\n<p>Para tener un pa\u00eds con menos pobres de forma permanente, no bastan los programas sociales ni aumentar por decreto los salarios m\u00ednimos; es necesario forjar y mantener instituciones que otorguen a todos las garant\u00edas de respeto al Estado de Derecho, a los derechos humanos y a la seguridad y justicia.<\/p>\n","protected":false},"excerpt":{"rendered":"<p>Carlos Angulo Parra ____________________________ En efecto, la reducci\u00f3n de la pobreza anunciada por el INEGI y fuertemente celebrada por la presidente Sheinbaum, es una buena noticia. No cabe duda de que mexicanos obtengan un nivel de ingresos mayor al que antes ten\u00edan es una extraordinario dato que debe ser celebrado. Pero, ah\u00ed viene esta fea [&hellip;]<\/p>\n","protected":false},"author":6,"featured_media":45394,"comment_status":"closed","ping_status":"closed","sticky":false,"template":"","format":"standard","meta":{"_acf_changed":false,"_monsterinsights_skip_tracking":false,"_monsterinsights_sitenote_active":false,"_monsterinsights_sitenote_note":"","_monsterinsights_sitenote_category":0,"slim_seo":{"title":"Los efectos de la reducci\u00f3n de la pobreza - Opini\u00f3n P\u00fablica","description":"Carlos Angulo Parra ____________________________ En efecto, la reducci\u00f3n de la pobreza anunciada por el INEGI y fuertemente celebrada por la presidente Sheinbau"},"footnotes":""},"categories":[17],"tags":[825],"class_list":["post-66437","post","type-post","status-publish","format-standard","has-post-thumbnail","hentry","category-ultima-instancia","tag-carlos-angulo"],"acf":[],"_links":{"self":[{"href":"https:\/\/www.opinionpublica.tv\/portada\/wp-json\/wp\/v2\/posts\/66437","targetHints":{"allow":["GET"]}}],"collection":[{"href":"https:\/\/www.opinionpublica.tv\/portada\/wp-json\/wp\/v2\/posts"}],"about":[{"href":"https:\/\/www.opinionpublica.tv\/portada\/wp-json\/wp\/v2\/types\/post"}],"author":[{"embeddable":true,"href":"https:\/\/www.opinionpublica.tv\/portada\/wp-json\/wp\/v2\/users\/6"}],"replies":[{"embeddable":true,"href":"https:\/\/www.opinionpublica.tv\/portada\/wp-json\/wp\/v2\/comments?post=66437"}],"version-history":[{"count":2,"href":"https:\/\/www.opinionpublica.tv\/portada\/wp-json\/wp\/v2\/posts\/66437\/revisions"}],"predecessor-version":[{"id":66439,"href":"https:\/\/www.opinionpublica.tv\/portada\/wp-json\/wp\/v2\/posts\/66437\/revisions\/66439"}],"wp:featuredmedia":[{"embeddable":true,"href":"https:\/\/www.opinionpublica.tv\/portada\/wp-json\/wp\/v2\/media\/45394"}],"wp:attachment":[{"href":"https:\/\/www.opinionpublica.tv\/portada\/wp-json\/wp\/v2\/media?parent=66437"}],"wp:term":[{"taxonomy":"category","embeddable":true,"href":"https:\/\/www.opinionpublica.tv\/portada\/wp-json\/wp\/v2\/categories?post=66437"},{"taxonomy":"post_tag","embeddable":true,"href":"https:\/\/www.opinionpublica.tv\/portada\/wp-json\/wp\/v2\/tags?post=66437"}],"curies":[{"name":"wp","href":"https:\/\/api.w.org\/{rel}","templated":true}]}}