{"id":65473,"date":"2025-08-07T00:01:00","date_gmt":"2025-08-07T06:01:00","guid":{"rendered":"https:\/\/www.opinionpublica.tv\/portada\/?p=65473"},"modified":"2025-08-06T21:07:28","modified_gmt":"2025-08-07T03:07:28","slug":"ya-son-mas-de-un-millon-de-trabajadores-de-plataformas-asegurados-ante-el-imss","status":"publish","type":"post","link":"https:\/\/www.opinionpublica.tv\/portada\/ya-son-mas-de-un-millon-de-trabajadores-de-plataformas-asegurados-ante-el-imss\/","title":{"rendered":"Ya son m\u00e1s de un mill\u00f3n de trabajadores de plataformas asegurados ante el IMSS"},"content":{"rendered":"\n<figure class=\"wp-block-image size-full\"><img fetchpriority=\"high\" decoding=\"async\" width=\"1008\" height=\"672\" src=\"https:\/\/www.opinionpublica.tv\/portada\/wp-content\/uploads\/2025\/08\/Ya-son-mas-de-un-millon-de-trabajadores-de-plataformas-asegurados-ante-el-IMSS.png\" alt=\"Ya son ma\u0301s de un millo\u0301n de trabajadores de plataformas asegurados ante el imss\" class=\"wp-image-65476\" srcset=\"https:\/\/www.opinionpublica.tv\/portada\/wp-content\/uploads\/2025\/08\/Ya-son-mas-de-un-millon-de-trabajadores-de-plataformas-asegurados-ante-el-IMSS.png 1008w, https:\/\/www.opinionpublica.tv\/portada\/wp-content\/uploads\/2025\/08\/Ya-son-mas-de-un-millon-de-trabajadores-de-plataformas-asegurados-ante-el-IMSS-300x200.png 300w, https:\/\/www.opinionpublica.tv\/portada\/wp-content\/uploads\/2025\/08\/Ya-son-mas-de-un-millon-de-trabajadores-de-plataformas-asegurados-ante-el-IMSS-768x512.png 768w\" sizes=\"(max-width: 1008px) 100vw, 1008px\" \/><\/figure>\n\n\n\n<p class=\"wp-block-paragraph\">Ante el programa piloto que comenz\u00f3 a operar el 1 de julio, para que las personas trabajadoras por aplicaciones cuenten con seguridad social, la Secretar\u00eda del Trabajo y Previsi\u00f3n Social (STPS) report\u00f3 el registro de un mill\u00f3n 291 mil 365 puestos de trabajo ante el Instituto Mexicano del Seguro Social (IMSS), asociados a plataformas digitales.<\/p>\n\n\n\n<p class=\"wp-block-paragraph\">Quiahuitl Ch\u00e1vez, subsecretaria de Empleo y Productividad Laboral de la STPS, indic\u00f3 que ante este registro se proh\u00edben los cobros indebidos: \u201cLas plataformas ya no pueden cobrar por el uso de la aplicaci\u00f3n, y cualquier sanci\u00f3n debe ser revisada por una persona y no por un algoritmo\u201d.<\/p>\n\n\n\n<p class=\"wp-block-paragraph\">Se\u00f1al\u00f3 que no cambia el r\u00e9gimen fiscal y no hay aumento de impuestos. \u201cNo hay nuevas cargas fiscales, la esencia de esta reforma es de justicia para las y los trabajadores, y no una medida recaudatoria\u201d, dijo.<\/p>\n\n\n\n<p class=\"wp-block-paragraph\">Ch\u00e1vez puntualiz\u00f3 que un mill\u00f3n 46 mil 237 corresponden a registros \u00fanicos y en los pr\u00f3ximos d\u00edas se tendr\u00e1 el n\u00famero de personas trabajadoras que han alcanzado el ingreso neto de al menos un salario m\u00ednimo, \u201csin perder de vista ya la importancia de que todas y todos son reconocidos, cubiertos y asegurados durante la realizaci\u00f3n de sus labores\u201d.<\/p>\n\n\n\n<p class=\"wp-block-paragraph\">Asever\u00f3 la subsecretaria del Trabajo que este n\u00famero representa una cantidad muy importante de personas que se emplean y se desarrollan en esta econom\u00eda: \u201cY nos permite reconocer el trabajo de este m\u00e1s de 1 mill\u00f3n de personas. Las plataformas digitales son parte clave de la econom\u00eda y por eso tambi\u00e9n tienen una responsabilidad, la de respetar los derechos de quienes trabajan a trav\u00e9s de ellas\u201d.<\/p>\n\n\n\n<p class=\"wp-block-paragraph\">\u201cEsta reforma marca un antes y un despu\u00e9s; ahora hay reglas claras, hay seguridad social y hay condiciones laborales justas para todas y todos\u201d, mencion\u00f3.<\/p>\n\n\n\n<p class=\"wp-block-paragraph\">Record\u00f3 que el programa piloto tendr\u00e1 una duraci\u00f3n de seis meses y al inicio de cada mes, las plataformas est\u00e1n obligadas a dar de alta a todas las personas trabajadoras.<\/p>\n\n\n\n<p class=\"wp-block-paragraph\">\u201cA final de mes, si esa persona trabajadora gener\u00f3 ingresos netos equivalentes al menos a un salario m\u00ednimo mensual, la plataforma tiene que asegurarla con todos los beneficios del IMSS. Si no alcanz\u00f3 ese monto, de todas formas est\u00e1 protegida contra accidentes de trabajo durante el tiempo que haya trabajado desde el primer viaje\u201d, refiri\u00f3. (El Universal)<\/p>\n","protected":false},"excerpt":{"rendered":"<p>Ante el programa piloto que comenz\u00f3 a operar el 1 de julio, para que las personas trabajadoras por aplicaciones cuenten con seguridad social, la Secretar\u00eda del Trabajo y Previsi\u00f3n Social (STPS) report\u00f3 el registro de un mill\u00f3n 291 mil 365 puestos de trabajo ante el Instituto Mexicano del Seguro Social (IMSS), asociados a plataformas digitales. [&hellip;]<\/p>\n","protected":false},"author":6,"featured_media":65476,"comment_status":"closed","ping_status":"closed","sticky":false,"template":"","format":"standard","meta":{"_acf_changed":false,"_monsterinsights_skip_tracking":false,"slim_seo":{"title":"Ya son m\u00e1s de un mill\u00f3n de trabajadores de plataformas asegurados ante el IMSS - Opini\u00f3n P\u00fablica","description":"Ante el programa piloto que comenz\u00f3 a operar el 1 de julio, para que las personas trabajadoras por aplicaciones cuenten con seguridad social, la Secretar\u00eda del"},"footnotes":""},"categories":[4],"tags":[],"class_list":["post-65473","post","type-post","status-publish","format-standard","has-post-thumbnail","hentry","category-pulsopolitico"],"acf":[],"_links":{"self":[{"href":"https:\/\/www.opinionpublica.tv\/portada\/wp-json\/wp\/v2\/posts\/65473","targetHints":{"allow":["GET"]}}],"collection":[{"href":"https:\/\/www.opinionpublica.tv\/portada\/wp-json\/wp\/v2\/posts"}],"about":[{"href":"https:\/\/www.opinionpublica.tv\/portada\/wp-json\/wp\/v2\/types\/post"}],"author":[{"embeddable":true,"href":"https:\/\/www.opinionpublica.tv\/portada\/wp-json\/wp\/v2\/users\/6"}],"replies":[{"embeddable":true,"href":"https:\/\/www.opinionpublica.tv\/portada\/wp-json\/wp\/v2\/comments?post=65473"}],"version-history":[{"count":2,"href":"https:\/\/www.opinionpublica.tv\/portada\/wp-json\/wp\/v2\/posts\/65473\/revisions"}],"predecessor-version":[{"id":65477,"href":"https:\/\/www.opinionpublica.tv\/portada\/wp-json\/wp\/v2\/posts\/65473\/revisions\/65477"}],"wp:featuredmedia":[{"embeddable":true,"href":"https:\/\/www.opinionpublica.tv\/portada\/wp-json\/wp\/v2\/media\/65476"}],"wp:attachment":[{"href":"https:\/\/www.opinionpublica.tv\/portada\/wp-json\/wp\/v2\/media?parent=65473"}],"wp:term":[{"taxonomy":"category","embeddable":true,"href":"https:\/\/www.opinionpublica.tv\/portada\/wp-json\/wp\/v2\/categories?post=65473"},{"taxonomy":"post_tag","embeddable":true,"href":"https:\/\/www.opinionpublica.tv\/portada\/wp-json\/wp\/v2\/tags?post=65473"}],"curies":[{"name":"wp","href":"https:\/\/api.w.org\/{rel}","templated":true}]}}