{"id":65440,"date":"2025-08-06T15:33:18","date_gmt":"2025-08-06T21:33:18","guid":{"rendered":"https:\/\/www.opinionpublica.tv\/portada\/?p=65440"},"modified":"2025-08-06T15:37:13","modified_gmt":"2025-08-06T21:37:13","slug":"inician-trabajos-para-el-plan-estrategico-binacional-de-cruces-fronterizos","status":"publish","type":"post","link":"https:\/\/www.opinionpublica.tv\/portada\/inician-trabajos-para-el-plan-estrategico-binacional-de-cruces-fronterizos\/","title":{"rendered":"Participa alcalde en reuni\u00f3n del plan estrat\u00e9gico binacional de cruces fronterizos en EP"},"content":{"rendered":"\n<figure class=\"wp-block-image size-large\"><img fetchpriority=\"high\" decoding=\"async\" width=\"1024\" height=\"682\" src=\"https:\/\/www.opinionpublica.tv\/portada\/wp-content\/uploads\/2025\/08\/Participa-alcalde-en-reunion-del-plan-estrategico-binacional-de-cruces-fronterizos-en-EP-1024x682.jpeg\" alt=\"Participa alcalde en reunio\u0301n del plan estrate\u0301gico binacional de cruces fronterizos en ep\" class=\"wp-image-65447\" srcset=\"https:\/\/www.opinionpublica.tv\/portada\/wp-content\/uploads\/2025\/08\/Participa-alcalde-en-reunion-del-plan-estrategico-binacional-de-cruces-fronterizos-en-EP-1024x682.jpeg 1024w, https:\/\/www.opinionpublica.tv\/portada\/wp-content\/uploads\/2025\/08\/Participa-alcalde-en-reunion-del-plan-estrategico-binacional-de-cruces-fronterizos-en-EP-300x200.jpeg 300w, https:\/\/www.opinionpublica.tv\/portada\/wp-content\/uploads\/2025\/08\/Participa-alcalde-en-reunion-del-plan-estrategico-binacional-de-cruces-fronterizos-en-EP-768x512.jpeg 768w, https:\/\/www.opinionpublica.tv\/portada\/wp-content\/uploads\/2025\/08\/Participa-alcalde-en-reunion-del-plan-estrategico-binacional-de-cruces-fronterizos-en-EP-1536x1023.jpeg 1536w, https:\/\/www.opinionpublica.tv\/portada\/wp-content\/uploads\/2025\/08\/Participa-alcalde-en-reunion-del-plan-estrategico-binacional-de-cruces-fronterizos-en-EP.jpeg 1600w\" sizes=\"(max-width: 1024px) 100vw, 1024px\" \/><\/figure>\n\n\n\n<p><em>El Paso, Texas, EU<\/em>.- Con la presencia de autoridades de M\u00e9xico y Estados Unidos, este mi\u00e9rcoles se llev\u00f3 a cabo la reuni\u00f3n inaugural del Comit\u00e9 Directivo del Plan Estrat\u00e9gico de Cruces Fronterizos Internacionales (IBC, por sus siglas en ingl\u00e9s), en las instalaciones del Centro Recreativo Chamizal, en la vecina ciudad El Paso, Texas.<\/p>\n\n\n\n<p>El evento fue encabezado por la Organizaci\u00f3n de Planeaci\u00f3n Metropolitana de El Paso (MPO) y marc\u00f3 el inicio de los trabajos de planeaci\u00f3n conjunta para mejorar la movilidad, seguridad y eficiencia de los cruces internacionales en la regi\u00f3n del Borderplex, que comprende Texas, Nuevo M\u00e9xico y Chihuahua.<\/p>\n\n\n\n<p>Entre las autoridades participantes estuvieron el alcalde de Ju\u00e1rez, Cruz P\u00e9rez Cu\u00e9llar y el alcalde de El Paso, Renard Johnson, quienes ofrecieron mensajes de apertura subrayando la importancia de la cooperaci\u00f3n binacional.<\/p>\n\n\n\n<p>P\u00e9rez Cu\u00e9llar resalt\u00f3 la naturaleza \u00fanica de la regi\u00f3n fronteriza, compuesta por dos pa\u00edses, tres estados y una sola comunidad interdependiente.<\/p>\n\n\n\n<p>\u201cDesde la frontera entendemos mejor que nadie que los desaf\u00edos no reconocen l\u00edmites territoriales. Lo que ocurre en un lado tiene efectos inmediatos en el otro\u201d, afirm\u00f3.<\/p>\n\n\n\n<p>El edil juarense celebr\u00f3 la visi\u00f3n estrat\u00e9gica del Comit\u00e9 y subray\u00f3 el papel fundamental que juegan las \u00e1reas t\u00e9cnicas, urbanistas, ingenieros, especialistas en movilidad, aduanas, medio ambiente y tecnolog\u00eda, para convertir los diagn\u00f3sticos en soluciones reales.<\/p>\n\n\n\n<p>\u201cHoy la planificaci\u00f3n fronteriza exige enfoques integrales, an\u00e1lisis conjunto, armonizaci\u00f3n normativa, inversi\u00f3n inteligente y una mirada binacional. Requiere voluntad pol\u00edtica y visi\u00f3n compartida, ambas presentes aqu\u00ed\u201d, dijo el alcalde, a quien acompa\u00f1aron en la reuni\u00f3n el director del Instituto Municipal de Investigaci\u00f3n, Roberto Mora Palacios y la directora de Desarrollo Econ\u00f3mico, Tania Maldonado Gardu\u00f1o.<\/p>\n\n\n\n<p>El edil reiter\u00f3 la disposici\u00f3n total del Gobierno Municipal para sumar capacidades t\u00e9cnicas y coordinar esfuerzos que se traduzcan en beneficios tangibles para la comunidad.<\/p>\n\n\n\n<p>\u201cJu\u00e1rez quiere ser y es un aliado activo en esta estrategia. Nuestro desarrollo econ\u00f3mico, movilidad y bienestar est\u00e1n profundamente ligados al funcionamiento eficiente de los cruces fronterizos\u201d, concluy\u00f3.<\/p>\n\n\n\n<p>Por su parte, Johnson inici\u00f3 con un mensaje ameno y simb\u00f3lico al contar un \u201cchiste de pap\u00e1\u201d sobre un puente internacional que se sent\u00eda exhausto y subestimado, como analog\u00eda de los retos diarios en los cruces fronterizos. Posteriormente, destac\u00f3 la relevancia del lugar del evento, al se\u00f1alar que el Chamizal es un sitio emblem\u00e1tico que representa la resoluci\u00f3n pac\u00edfica de una disputa fronteriza entre ambos pa\u00edses.<\/p>\n\n\n\n<p>\u201cEste lugar es un recordatorio vivo de que la cooperaci\u00f3n binacional es posible, y que incluso los desaf\u00edos fronterizos m\u00e1s complejos pueden superarse con di\u00e1logo, entendimiento y respeto mutuo\u201d, expres\u00f3.<\/p>\n\n\n\n<p>El alcalde de El Paso subray\u00f3 que su ciudad opera tres cruces internacionales (Puente Paso del Norte, Stanton y Zaragoza), que diariamente movilizan miles de veh\u00edculos y personas. A\u00f1adi\u00f3 que el objetivo del Plan IBC es desarrollar una visi\u00f3n compartida que permita alinear operaciones, infraestructura y pol\u00edticas para atender las crecientes demandas de la regi\u00f3n.<\/p>\n\n\n\n<p>\u201cCuando alineamos nuestras estrategias, reducimos los tiempos de espera, mejoramos la seguridad y mantenemos el flujo de personas y mercanc\u00edas. La Ciudad de El Paso est\u00e1 completamente comprometida con este proceso\u201d, puntualiz\u00f3.<\/p>\n\n\n\n<p>El Comit\u00e9 dar\u00e1 seguimiento a la elaboraci\u00f3n del Plan IBC, que sentar\u00e1 las bases para una frontera m\u00e1s eficiente, segura y moderna.<\/p>\n","protected":false},"excerpt":{"rendered":"<p>El Paso, Texas, EU.- Con la presencia de autoridades de M\u00e9xico y Estados Unidos, este mi\u00e9rcoles se llev\u00f3 a cabo la reuni\u00f3n inaugural del Comit\u00e9 Directivo del Plan Estrat\u00e9gico de Cruces Fronterizos Internacionales (IBC, por sus siglas en ingl\u00e9s), en las instalaciones del Centro Recreativo Chamizal, en la vecina ciudad El Paso, Texas. El evento [&hellip;]<\/p>\n","protected":false},"author":6,"featured_media":65447,"comment_status":"closed","ping_status":"closed","sticky":false,"template":"","format":"standard","meta":{"_acf_changed":false,"_monsterinsights_skip_tracking":false,"_monsterinsights_sitenote_active":false,"_monsterinsights_sitenote_note":"","_monsterinsights_sitenote_category":0,"slim_seo":{"title":"Participa alcalde en reuni\u00f3n del plan estrat\u00e9gico binacional de cruces fronterizos en EP - Opini\u00f3n P\u00fablica","description":"El Paso, Texas, EU .- Con la presencia de autoridades de M\u00e9xico y Estados Unidos, este mi\u00e9rcoles se llev\u00f3 a cabo la reuni\u00f3n inaugural del Comit\u00e9 Directivo del P"},"footnotes":""},"categories":[41],"tags":[],"class_list":["post-65440","post","type-post","status-publish","format-standard","has-post-thumbnail","hentry","category-juarez"],"acf":[],"_links":{"self":[{"href":"https:\/\/www.opinionpublica.tv\/portada\/wp-json\/wp\/v2\/posts\/65440","targetHints":{"allow":["GET"]}}],"collection":[{"href":"https:\/\/www.opinionpublica.tv\/portada\/wp-json\/wp\/v2\/posts"}],"about":[{"href":"https:\/\/www.opinionpublica.tv\/portada\/wp-json\/wp\/v2\/types\/post"}],"author":[{"embeddable":true,"href":"https:\/\/www.opinionpublica.tv\/portada\/wp-json\/wp\/v2\/users\/6"}],"replies":[{"embeddable":true,"href":"https:\/\/www.opinionpublica.tv\/portada\/wp-json\/wp\/v2\/comments?post=65440"}],"version-history":[{"count":6,"href":"https:\/\/www.opinionpublica.tv\/portada\/wp-json\/wp\/v2\/posts\/65440\/revisions"}],"predecessor-version":[{"id":65449,"href":"https:\/\/www.opinionpublica.tv\/portada\/wp-json\/wp\/v2\/posts\/65440\/revisions\/65449"}],"wp:featuredmedia":[{"embeddable":true,"href":"https:\/\/www.opinionpublica.tv\/portada\/wp-json\/wp\/v2\/media\/65447"}],"wp:attachment":[{"href":"https:\/\/www.opinionpublica.tv\/portada\/wp-json\/wp\/v2\/media?parent=65440"}],"wp:term":[{"taxonomy":"category","embeddable":true,"href":"https:\/\/www.opinionpublica.tv\/portada\/wp-json\/wp\/v2\/categories?post=65440"},{"taxonomy":"post_tag","embeddable":true,"href":"https:\/\/www.opinionpublica.tv\/portada\/wp-json\/wp\/v2\/tags?post=65440"}],"curies":[{"name":"wp","href":"https:\/\/api.w.org\/{rel}","templated":true}]}}