{"id":65431,"date":"2025-08-06T15:26:18","date_gmt":"2025-08-06T21:26:18","guid":{"rendered":"https:\/\/www.opinionpublica.tv\/portada\/?p=65431"},"modified":"2025-08-06T15:29:42","modified_gmt":"2025-08-06T21:29:42","slug":"abandera-maru-a-atletas-raramuri-que-van-a-juegos-maestros-indigenas-2025-en-canada","status":"publish","type":"post","link":"https:\/\/www.opinionpublica.tv\/portada\/abandera-maru-a-atletas-raramuri-que-van-a-juegos-maestros-indigenas-2025-en-canada\/","title":{"rendered":"Abandera la gobernadora a los 18 atletas rar\u00e1muri que ir\u00e1n a Juegos Ind\u00edgenas en Canad\u00e1"},"content":{"rendered":"\n<figure class=\"wp-block-image size-large\"><img fetchpriority=\"high\" decoding=\"async\" width=\"1024\" height=\"682\" src=\"https:\/\/www.opinionpublica.tv\/portada\/wp-content\/uploads\/2025\/08\/Abandera-la-gobernadora-a-los-18-atletas-raramuri-que-iran-a-Juegos-Indigenas-en-Canada-1024x682.jpeg\" alt=\"Abandera la gobernadora a los 18 atletas rara\u0301muri que ira\u0301n a juegos indi\u0301genas en canada\u0301\" class=\"wp-image-65438\" srcset=\"https:\/\/www.opinionpublica.tv\/portada\/wp-content\/uploads\/2025\/08\/Abandera-la-gobernadora-a-los-18-atletas-raramuri-que-iran-a-Juegos-Indigenas-en-Canada-1024x682.jpeg 1024w, https:\/\/www.opinionpublica.tv\/portada\/wp-content\/uploads\/2025\/08\/Abandera-la-gobernadora-a-los-18-atletas-raramuri-que-iran-a-Juegos-Indigenas-en-Canada-300x200.jpeg 300w, https:\/\/www.opinionpublica.tv\/portada\/wp-content\/uploads\/2025\/08\/Abandera-la-gobernadora-a-los-18-atletas-raramuri-que-iran-a-Juegos-Indigenas-en-Canada-768x511.jpeg 768w, https:\/\/www.opinionpublica.tv\/portada\/wp-content\/uploads\/2025\/08\/Abandera-la-gobernadora-a-los-18-atletas-raramuri-que-iran-a-Juegos-Indigenas-en-Canada-1536x1022.jpeg 1536w, https:\/\/www.opinionpublica.tv\/portada\/wp-content\/uploads\/2025\/08\/Abandera-la-gobernadora-a-los-18-atletas-raramuri-que-iran-a-Juegos-Indigenas-en-Canada.jpeg 1600w\" sizes=\"(max-width: 1024px) 100vw, 1024px\" \/><\/figure>\n\n\n\n<p><em>Chihuahua, Chih<\/em>.- La gobernadora Maru Campos abander\u00f3 a la delegaci\u00f3n de 18 atletas rar\u00e1muri, que participar\u00e1 en la cuarta edici\u00f3n de los Juegos Maestros Ind\u00edgenas 2025 (ISWO, por sus siglas en ingl\u00e9s), que se llevar\u00e1 a cabo en la ciudad de Ottawa, Canad\u00e1.<\/p>\n\n\n\n<p>El evento se llev\u00f3 a cabo en el sal\u00f3n 25 de Marzo del Palacio de Gobierno, donde la mandataria reconoci\u00f3 el esfuerzo de las y los 18 atletas provenientes de la Sierra Tarahumara.<\/p>\n\n\n\n<p>\u201cComo chihuahuense me siento profundamente orgullosa de ser representada por cada uno de ustedes. A trav\u00e9s de su talento, llevan todos los colores de Chihuahua al mundo\u201d, declar\u00f3 la mandataria estatal.<\/p>\n\n\n\n<p>Esta competencia deportiva es organizada por el Gobierno de Canad\u00e1 para atletas miembros de los pueblos originarios del mundo. En ella participar\u00e1n deportistas de todo el mundo y la delegaci\u00f3n Chihuahua, ser\u00e1 la \u00fanica representante mexicana en esta justa.<\/p>\n\n\n\n<p>Para solventar la asistencia de los atletas a la capital canadiense, el Fideicomiso Ah Chihuahua aport\u00f3 300 mil pesos en traslados y alimentos, la Secretar\u00eda de Pueblos y Comunidades Ind\u00edgenas (SPyCI) otros 35 mil en calzado deportivo y el Instituto Chihuahuense del Deporta y Cultura F\u00edsica (ICHD) aporta uniformes e instalaciones para entrenamientos.<\/p>\n\n\n\n<p>La titular del Ejecutivo, agradeci\u00f3 a los participantes, porque con su esfuerzo y sus triunfos se convierten en ejemplo para sus comunidades.<\/p>\n\n\n\n<p>Reafirm\u00f3 su compromiso de continuar el acercamiento de los servicios de salud, nutrici\u00f3n, agua, electricidad e infraestructura a las comunidades serranas, mediante el programa Juntos por la Sierra Tarahumara.<\/p>\n\n\n\n<p>\u201cCon esfuerzo y voluntad hemos dejado atr\u00e1s una historia de olvido. Juntos hemos trabajado arduamente para lograr un cambio profundo en favor de las familias de la zona serrana\u201d, afirm\u00f3.<\/p>\n\n\n\n<p>Sergio Hern\u00e1ndez Ru\u00edz, entrenador y encargado de la delegaci\u00f3n Chihuahua, dijo a los j\u00f3venes que representan a todo un pa\u00eds, que cree en ellos, que se inspira en su esfuerzo y que encuentra en su ejemplo una lecci\u00f3n de entrega, disciplina y orgullo nacional.<\/p>\n\n\n\n<p>A la ceremonia tambi\u00e9n asistieron la directora del DIF Estatal, Mar\u00eda Eugenia Galv\u00e1n; el secretario de Turismo, Edibray G\u00f3mez; el titular de la SPyCI, Enrique Rasc\u00f3n; la directora del ICHD, Teporaca Romero; la capitana del equipo de baloncesto, Lorena D\u00edaz y el director del fideicomiso \u00a1Ah Chihuahua!, Julio Ch\u00e1vez.<\/p>\n","protected":false},"excerpt":{"rendered":"<p>Chihuahua, Chih.- La gobernadora Maru Campos abander\u00f3 a la delegaci\u00f3n de 18 atletas rar\u00e1muri, que participar\u00e1 en la cuarta edici\u00f3n de los Juegos Maestros Ind\u00edgenas 2025 (ISWO, por sus siglas en ingl\u00e9s), que se llevar\u00e1 a cabo en la ciudad de Ottawa, Canad\u00e1. El evento se llev\u00f3 a cabo en el sal\u00f3n 25 de Marzo [&hellip;]<\/p>\n","protected":false},"author":6,"featured_media":65438,"comment_status":"closed","ping_status":"closed","sticky":false,"template":"","format":"standard","meta":{"_acf_changed":false,"_monsterinsights_skip_tracking":false,"_monsterinsights_sitenote_active":false,"_monsterinsights_sitenote_note":"","_monsterinsights_sitenote_category":0,"slim_seo":{"title":"Abandera la gobernadora a los 18 atletas rar\u00e1muri que ir\u00e1n a Juegos Ind\u00edgenas en Canad\u00e1 - Opini\u00f3n P\u00fablica","description":"Chihuahua, Chih .- La gobernadora Maru Campos abander\u00f3 a la delegaci\u00f3n de 18 atletas rar\u00e1muri, que participar\u00e1 en la cuarta edici\u00f3n de los Juegos Maestros Ind\u00edg"},"footnotes":""},"categories":[11],"tags":[],"class_list":["post-65431","post","type-post","status-publish","format-standard","has-post-thumbnail","hentry","category-tendencias"],"acf":[],"_links":{"self":[{"href":"https:\/\/www.opinionpublica.tv\/portada\/wp-json\/wp\/v2\/posts\/65431","targetHints":{"allow":["GET"]}}],"collection":[{"href":"https:\/\/www.opinionpublica.tv\/portada\/wp-json\/wp\/v2\/posts"}],"about":[{"href":"https:\/\/www.opinionpublica.tv\/portada\/wp-json\/wp\/v2\/types\/post"}],"author":[{"embeddable":true,"href":"https:\/\/www.opinionpublica.tv\/portada\/wp-json\/wp\/v2\/users\/6"}],"replies":[{"embeddable":true,"href":"https:\/\/www.opinionpublica.tv\/portada\/wp-json\/wp\/v2\/comments?post=65431"}],"version-history":[{"count":7,"href":"https:\/\/www.opinionpublica.tv\/portada\/wp-json\/wp\/v2\/posts\/65431\/revisions"}],"predecessor-version":[{"id":65439,"href":"https:\/\/www.opinionpublica.tv\/portada\/wp-json\/wp\/v2\/posts\/65431\/revisions\/65439"}],"wp:featuredmedia":[{"embeddable":true,"href":"https:\/\/www.opinionpublica.tv\/portada\/wp-json\/wp\/v2\/media\/65438"}],"wp:attachment":[{"href":"https:\/\/www.opinionpublica.tv\/portada\/wp-json\/wp\/v2\/media?parent=65431"}],"wp:term":[{"taxonomy":"category","embeddable":true,"href":"https:\/\/www.opinionpublica.tv\/portada\/wp-json\/wp\/v2\/categories?post=65431"},{"taxonomy":"post_tag","embeddable":true,"href":"https:\/\/www.opinionpublica.tv\/portada\/wp-json\/wp\/v2\/tags?post=65431"}],"curies":[{"name":"wp","href":"https:\/\/api.w.org\/{rel}","templated":true}]}}