{"id":65426,"date":"2025-08-06T00:01:00","date_gmt":"2025-08-06T06:01:00","guid":{"rendered":"https:\/\/www.opinionpublica.tv\/portada\/?p=65426"},"modified":"2025-08-05T22:23:26","modified_gmt":"2025-08-06T04:23:26","slug":"impulsa-desarrollo-rural-la-produccion-de-manzanas-a-traves-del-vivero-estatal","status":"publish","type":"post","link":"https:\/\/www.opinionpublica.tv\/portada\/impulsa-desarrollo-rural-la-produccion-de-manzanas-a-traves-del-vivero-estatal\/","title":{"rendered":"Impulsa Desarrollo Rural la producci\u00f3n de manzanas a trav\u00e9s del Vivero Estatal"},"content":{"rendered":"\n<figure class=\"wp-block-image size-large\"><img fetchpriority=\"high\" decoding=\"async\" width=\"768\" height=\"1024\" src=\"https:\/\/www.opinionpublica.tv\/portada\/wp-content\/uploads\/2025\/08\/Impulsa-Desarrollo-Rural-la-produccion-de-manzanas-a-traves-del-Vivero-Estatal-768x1024.jpeg\" alt=\"Impulsa desarrollo rural la produccio\u0301n de manzanas a trave\u0301s del vivero estatal\" class=\"wp-image-65429\" srcset=\"https:\/\/www.opinionpublica.tv\/portada\/wp-content\/uploads\/2025\/08\/Impulsa-Desarrollo-Rural-la-produccion-de-manzanas-a-traves-del-Vivero-Estatal-768x1024.jpeg 768w, https:\/\/www.opinionpublica.tv\/portada\/wp-content\/uploads\/2025\/08\/Impulsa-Desarrollo-Rural-la-produccion-de-manzanas-a-traves-del-Vivero-Estatal-225x300.jpeg 225w, https:\/\/www.opinionpublica.tv\/portada\/wp-content\/uploads\/2025\/08\/Impulsa-Desarrollo-Rural-la-produccion-de-manzanas-a-traves-del-Vivero-Estatal-1152x1536.jpeg 1152w, https:\/\/www.opinionpublica.tv\/portada\/wp-content\/uploads\/2025\/08\/Impulsa-Desarrollo-Rural-la-produccion-de-manzanas-a-traves-del-Vivero-Estatal.jpeg 1200w\" sizes=\"(max-width: 768px) 100vw, 768px\" \/><\/figure>\n\n\n\n<p><em>Chihuahua, Chih<\/em>.- Como parte del compromiso de Secretar\u00eda de Desarrollo Rural (SDR) para fortalecer el campo y apoyar a las y los productores, se ha impulsado la producci\u00f3n de \u00e1rboles frutales de manzana mediante el Vivero Estatal ubicado en el municipio de Guerrero.<\/p>\n\n\n\n<p>El jefe del Departamento de Agricultura de la Secretar\u00eda, Rogelio Olvera, inform\u00f3 que en el sitio se producen anualmente entre 80 mil y 100 mil \u00e1rboles por a\u00f1o, principalmente de variedades adaptadas a la regi\u00f3n como Golden Delicious, Golden Glory, Rombeauty y Top Red, adem\u00e1s de polinizadores.<\/p>\n\n\n\n<p>\u201cEl vivero tiene como objetivo facilitar a las y los peque\u00f1os fruticultores el acceso a \u00e1rboles de calidad, con un precio subsidiado por el Gobierno del Estado\u201d, se\u00f1al\u00f3 Olvera.<\/p>\n\n\n\n<p>Cada a\u00f1o, entre los meses de febrero y marzo, se lanza una convocatoria abierta para que la poblaci\u00f3n pueda acceder a estos \u00e1rboles, ya sea con fines productivos o de traspatio.<\/p>\n\n\n\n<p>Tambi\u00e9n se realizan donaciones estrat\u00e9gicas a trav\u00e9s de presidencias municipales, asociaciones de fruticultores y directamente desde la Secretar\u00eda, como parte de los esfuerzos de promoci\u00f3n y cultura frut\u00edcola.<\/p>\n\n\n\n<p>Adem\u00e1s de mantener y ampliar esta producci\u00f3n, se contempla diversificar el vivero con nuevas especies frutales de clima templado como ciruelos, cerezos, fresas, vid e incluso especies forestales locales como encinos y pinos.<\/p>\n\n\n\n<p>\u201cQueremos que el vivero no solo sea una fuente de \u00e1rboles de manzana, sino tambi\u00e9n un espacio de innovaci\u00f3n y diversificaci\u00f3n para el desarrollo rural del estado\u201d, explic\u00f3 el funcionario.<\/p>\n\n\n\n<p>Para mayor informaci\u00f3n, las y los interesados pueden comunicarse al Departamento de Agricultura de la SDR al tel\u00e9fono (614) 429-33-00, extensiones 12550, 12553 y 12537.<\/p>\n","protected":false},"excerpt":{"rendered":"<p>Chihuahua, Chih.- Como parte del compromiso de Secretar\u00eda de Desarrollo Rural (SDR) para fortalecer el campo y apoyar a las y los productores, se ha impulsado la producci\u00f3n de \u00e1rboles frutales de manzana mediante el Vivero Estatal ubicado en el municipio de Guerrero. El jefe del Departamento de Agricultura de la Secretar\u00eda, Rogelio Olvera, inform\u00f3 [&hellip;]<\/p>\n","protected":false},"author":6,"featured_media":65429,"comment_status":"closed","ping_status":"closed","sticky":false,"template":"","format":"standard","meta":{"_acf_changed":false,"_monsterinsights_skip_tracking":false,"_monsterinsights_sitenote_active":false,"_monsterinsights_sitenote_note":"","_monsterinsights_sitenote_category":0,"slim_seo":{"title":"Impulsa Desarrollo Rural la producci\u00f3n de manzanas a trav\u00e9s del Vivero Estatal - Opini\u00f3n P\u00fablica","description":"Chihuahua, Chih .- Como parte del compromiso de Secretar\u00eda de Desarrollo Rural (SDR) para fortalecer el campo y apoyar a las y los productores, se ha impulsado"},"footnotes":""},"categories":[11],"tags":[],"class_list":["post-65426","post","type-post","status-publish","format-standard","has-post-thumbnail","hentry","category-tendencias"],"acf":[],"_links":{"self":[{"href":"https:\/\/www.opinionpublica.tv\/portada\/wp-json\/wp\/v2\/posts\/65426","targetHints":{"allow":["GET"]}}],"collection":[{"href":"https:\/\/www.opinionpublica.tv\/portada\/wp-json\/wp\/v2\/posts"}],"about":[{"href":"https:\/\/www.opinionpublica.tv\/portada\/wp-json\/wp\/v2\/types\/post"}],"author":[{"embeddable":true,"href":"https:\/\/www.opinionpublica.tv\/portada\/wp-json\/wp\/v2\/users\/6"}],"replies":[{"embeddable":true,"href":"https:\/\/www.opinionpublica.tv\/portada\/wp-json\/wp\/v2\/comments?post=65426"}],"version-history":[{"count":2,"href":"https:\/\/www.opinionpublica.tv\/portada\/wp-json\/wp\/v2\/posts\/65426\/revisions"}],"predecessor-version":[{"id":65430,"href":"https:\/\/www.opinionpublica.tv\/portada\/wp-json\/wp\/v2\/posts\/65426\/revisions\/65430"}],"wp:featuredmedia":[{"embeddable":true,"href":"https:\/\/www.opinionpublica.tv\/portada\/wp-json\/wp\/v2\/media\/65429"}],"wp:attachment":[{"href":"https:\/\/www.opinionpublica.tv\/portada\/wp-json\/wp\/v2\/media?parent=65426"}],"wp:term":[{"taxonomy":"category","embeddable":true,"href":"https:\/\/www.opinionpublica.tv\/portada\/wp-json\/wp\/v2\/categories?post=65426"},{"taxonomy":"post_tag","embeddable":true,"href":"https:\/\/www.opinionpublica.tv\/portada\/wp-json\/wp\/v2\/tags?post=65426"}],"curies":[{"name":"wp","href":"https:\/\/api.w.org\/{rel}","templated":true}]}}