{"id":65422,"date":"2025-08-06T00:01:00","date_gmt":"2025-08-06T06:01:00","guid":{"rendered":"https:\/\/www.opinionpublica.tv\/portada\/?p=65422"},"modified":"2025-08-05T22:19:42","modified_gmt":"2025-08-06T04:19:42","slug":"implementara-conalep-modelo-bilingue-en-todos-sus-planteles-desde-septiembre","status":"publish","type":"post","link":"https:\/\/www.opinionpublica.tv\/portada\/implementara-conalep-modelo-bilingue-en-todos-sus-planteles-desde-septiembre\/","title":{"rendered":"Implementar\u00e1 Conalep modelo biling\u00fce en todos sus planteles a partir de septiembre"},"content":{"rendered":"\n<figure class=\"wp-block-image size-large\"><img fetchpriority=\"high\" decoding=\"async\" width=\"1024\" height=\"768\" src=\"https:\/\/www.opinionpublica.tv\/portada\/wp-content\/uploads\/2025\/08\/Implementara-Conalep-modelo-bilingue-en-todos-sus-planteles-a-partir-de-septiembre-1024x768.jpeg\" alt=\"Implementara\u0301 conalep modelo bilingu\u0308e en todos sus planteles a partir de septiembre\" class=\"wp-image-65424\" srcset=\"https:\/\/www.opinionpublica.tv\/portada\/wp-content\/uploads\/2025\/08\/Implementara-Conalep-modelo-bilingue-en-todos-sus-planteles-a-partir-de-septiembre-1024x768.jpeg 1024w, https:\/\/www.opinionpublica.tv\/portada\/wp-content\/uploads\/2025\/08\/Implementara-Conalep-modelo-bilingue-en-todos-sus-planteles-a-partir-de-septiembre-300x225.jpeg 300w, https:\/\/www.opinionpublica.tv\/portada\/wp-content\/uploads\/2025\/08\/Implementara-Conalep-modelo-bilingue-en-todos-sus-planteles-a-partir-de-septiembre-768x576.jpeg 768w, https:\/\/www.opinionpublica.tv\/portada\/wp-content\/uploads\/2025\/08\/Implementara-Conalep-modelo-bilingue-en-todos-sus-planteles-a-partir-de-septiembre-1536x1152.jpeg 1536w, https:\/\/www.opinionpublica.tv\/portada\/wp-content\/uploads\/2025\/08\/Implementara-Conalep-modelo-bilingue-en-todos-sus-planteles-a-partir-de-septiembre.jpeg 1600w\" sizes=\"(max-width: 1024px) 100vw, 1024px\" \/><\/figure>\n\n\n\n<p><em>Chihuahua, Chih<\/em>.- El Colegio de Educaci\u00f3n Profesional T\u00e9cnica del Estado de Chihuahua (Conalep) iniciar\u00e1, a partir del pr\u00f3ximo ciclo escolar, un modelo de educaci\u00f3n biling\u00fce y ser\u00e1 el primer subsistema de educaci\u00f3n Media Superior en impartir todas sus asignaturas tanto en espa\u00f1ol como en ingl\u00e9s.<\/p>\n\n\n\n<p>El director general del subsistema, Omar Baz\u00e1n, inform\u00f3 que esta iniciativa comenzar\u00e1 a partir del 01 de septiembre en los ocho planteles del estado y sus dos extensiones, en Santa B\u00e1rbara y Ciudad Ju\u00e1rez, y beneficiar\u00e1 a m\u00e1s de 5 mil estudiantes de nuevo ingreso.<\/p>\n\n\n\n<p>\u201cEstamos por dar un paso hist\u00f3rico en la educaci\u00f3n p\u00fablica. Con esta estrategia buscamos que nuestros j\u00f3venes tengan acceso a herramientas globales sin que ninguno se quede fuera. La implementaci\u00f3n del modelo biling\u00fce es parte de un eje de transformaci\u00f3n que incluye tambi\u00e9n la digitalizaci\u00f3n y las certificaciones internacionales\u201d, inform\u00f3.<\/p>\n\n\n\n<p>Deyanira Hern\u00e1ndez, responsable del nuevo Centro de Idiomas, explic\u00f3 que el plan se basar\u00e1 en la metodolog\u00eda CLIL (Content and Language Integrated Learning), que integra el idioma ingl\u00e9s en los m\u00f3dulos t\u00e9cnicos de cada carrera. Cada clase contar\u00e1 con dos docentes: el titular del m\u00f3dulo y un experto en ense\u00f1anza del idioma ingl\u00e9s.<\/p>\n\n\n\n<p>Como parte de este programa, tambi\u00e9n se ofrecer\u00e1n talleres de lectura, escritura y conversaci\u00f3n en ingl\u00e9s, enfocados en reforzar las competencias ling\u00fc\u00edsticas de los estudiantes.<\/p>\n\n\n\n<p>Adem\u00e1s, se anunci\u00f3 la instalaci\u00f3n de m\u00e1s de 100 pizarrones inteligentes en todos los planteles, as\u00ed como la integraci\u00f3n de herramientas de IA, con el objetivo de elevar la calidad educativa y responder a las demandas de la industria.<\/p>\n\n\n\n<p>Baz\u00e1n destac\u00f3 que, al concluir el primer semestre, los estudiantes tendr\u00e1n la posibilidad de obtener hasta seis certificaciones internacionales, adem\u00e1s de su t\u00edtulo t\u00e9cnico y el certificado de bachillerato.<\/p>\n\n\n\n<p>\u201cEste logro permitir\u00e1 formar egresados altamente capacitados, con un perfil profesional competitivo y alineado a las exigencias del sector productivo, capaces de ocupar posiciones estrat\u00e9gicas en la industria y contribuir al desarrollo de la sociedad chihuahuense\u201d, coment\u00f3.<\/p>\n","protected":false},"excerpt":{"rendered":"<p>Chihuahua, Chih.- El Colegio de Educaci\u00f3n Profesional T\u00e9cnica del Estado de Chihuahua (Conalep) iniciar\u00e1, a partir del pr\u00f3ximo ciclo escolar, un modelo de educaci\u00f3n biling\u00fce y ser\u00e1 el primer subsistema de educaci\u00f3n Media Superior en impartir todas sus asignaturas tanto en espa\u00f1ol como en ingl\u00e9s. El director general del subsistema, Omar Baz\u00e1n, inform\u00f3 que esta [&hellip;]<\/p>\n","protected":false},"author":6,"featured_media":65424,"comment_status":"closed","ping_status":"closed","sticky":false,"template":"","format":"standard","meta":{"_acf_changed":false,"_monsterinsights_skip_tracking":false,"_monsterinsights_sitenote_active":false,"_monsterinsights_sitenote_note":"","_monsterinsights_sitenote_category":0,"slim_seo":{"title":"Implementar\u00e1 Conalep modelo biling\u00fce en todos sus planteles a partir de septiembre - Opini\u00f3n P\u00fablica","description":"Chihuahua, Chih .- El Colegio de Educaci\u00f3n Profesional T\u00e9cnica del Estado de Chihuahua (Conalep) iniciar\u00e1, a partir del pr\u00f3ximo ciclo escolar, un modelo de educ"},"footnotes":""},"categories":[11],"tags":[],"class_list":["post-65422","post","type-post","status-publish","format-standard","has-post-thumbnail","hentry","category-tendencias"],"acf":[],"_links":{"self":[{"href":"https:\/\/www.opinionpublica.tv\/portada\/wp-json\/wp\/v2\/posts\/65422","targetHints":{"allow":["GET"]}}],"collection":[{"href":"https:\/\/www.opinionpublica.tv\/portada\/wp-json\/wp\/v2\/posts"}],"about":[{"href":"https:\/\/www.opinionpublica.tv\/portada\/wp-json\/wp\/v2\/types\/post"}],"author":[{"embeddable":true,"href":"https:\/\/www.opinionpublica.tv\/portada\/wp-json\/wp\/v2\/users\/6"}],"replies":[{"embeddable":true,"href":"https:\/\/www.opinionpublica.tv\/portada\/wp-json\/wp\/v2\/comments?post=65422"}],"version-history":[{"count":2,"href":"https:\/\/www.opinionpublica.tv\/portada\/wp-json\/wp\/v2\/posts\/65422\/revisions"}],"predecessor-version":[{"id":65425,"href":"https:\/\/www.opinionpublica.tv\/portada\/wp-json\/wp\/v2\/posts\/65422\/revisions\/65425"}],"wp:featuredmedia":[{"embeddable":true,"href":"https:\/\/www.opinionpublica.tv\/portada\/wp-json\/wp\/v2\/media\/65424"}],"wp:attachment":[{"href":"https:\/\/www.opinionpublica.tv\/portada\/wp-json\/wp\/v2\/media?parent=65422"}],"wp:term":[{"taxonomy":"category","embeddable":true,"href":"https:\/\/www.opinionpublica.tv\/portada\/wp-json\/wp\/v2\/categories?post=65422"},{"taxonomy":"post_tag","embeddable":true,"href":"https:\/\/www.opinionpublica.tv\/portada\/wp-json\/wp\/v2\/tags?post=65422"}],"curies":[{"name":"wp","href":"https:\/\/api.w.org\/{rel}","templated":true}]}}