{"id":65417,"date":"2025-08-06T00:01:00","date_gmt":"2025-08-06T06:01:00","guid":{"rendered":"https:\/\/www.opinionpublica.tv\/portada\/?p=65417"},"modified":"2025-08-05T22:08:55","modified_gmt":"2025-08-06T04:08:55","slug":"continuan-las-funciones-de-cine-en-el-biblioavion-invitan-a-menores-este-verano","status":"publish","type":"post","link":"https:\/\/www.opinionpublica.tv\/portada\/continuan-las-funciones-de-cine-en-el-biblioavion-invitan-a-menores-este-verano\/","title":{"rendered":"Contin\u00faan las funciones de \u201cCine en el Biblioavi\u00f3n\u201d, invitan a menores este verano"},"content":{"rendered":"\n<figure class=\"wp-block-image size-large\"><img fetchpriority=\"high\" decoding=\"async\" width=\"1024\" height=\"1024\" src=\"https:\/\/www.opinionpublica.tv\/portada\/wp-content\/uploads\/2025\/08\/Continuan-las-funciones-de-Cine-en-el-Biblioavion-invitan-a-menores-este-verano-1024x1024.jpeg\" alt=\"Continu\u0301an las funciones de \u201ccine en el biblioavio\u0301n\u201d, invitan a menores este verano\" class=\"wp-image-65420\" srcset=\"https:\/\/www.opinionpublica.tv\/portada\/wp-content\/uploads\/2025\/08\/Continuan-las-funciones-de-Cine-en-el-Biblioavion-invitan-a-menores-este-verano-1024x1024.jpeg 1024w, https:\/\/www.opinionpublica.tv\/portada\/wp-content\/uploads\/2025\/08\/Continuan-las-funciones-de-Cine-en-el-Biblioavion-invitan-a-menores-este-verano-300x300.jpeg 300w, https:\/\/www.opinionpublica.tv\/portada\/wp-content\/uploads\/2025\/08\/Continuan-las-funciones-de-Cine-en-el-Biblioavion-invitan-a-menores-este-verano-150x150.jpeg 150w, https:\/\/www.opinionpublica.tv\/portada\/wp-content\/uploads\/2025\/08\/Continuan-las-funciones-de-Cine-en-el-Biblioavion-invitan-a-menores-este-verano-768x768.jpeg 768w, https:\/\/www.opinionpublica.tv\/portada\/wp-content\/uploads\/2025\/08\/Continuan-las-funciones-de-Cine-en-el-Biblioavion-invitan-a-menores-este-verano-1536x1536.jpeg 1536w, https:\/\/www.opinionpublica.tv\/portada\/wp-content\/uploads\/2025\/08\/Continuan-las-funciones-de-Cine-en-el-Biblioavion-invitan-a-menores-este-verano.jpeg 1600w\" sizes=\"(max-width: 1024px) 100vw, 1024px\" \/><\/figure>\n\n\n\n<p><em>Ciudad Ju\u00e1rez, Chih<\/em>.- La Direcci\u00f3n de Educaci\u00f3n Municipal contin\u00faa con su programa de \u201cCine en el Biblioavi\u00f3n\u201d.<\/p>\n\n\n\n<p>Guillermo Enrique Alv\u00eddrez Olivas, titular de la dependencia, coment\u00f3 que desde el pasado 28 de julio se proyectan pel\u00edculas familiares en las instalaciones del Biblioavi\u00f3n.<\/p>\n\n\n\n<p>Las proyecciones se llevan a cabo los d\u00edas lunes, mi\u00e9rcoles, viernes y s\u00e1bado de 10:00 a 12:00 horas y la cartelera puede conocerse enviando un mensaje escrito al WhatsApp 656 858 3112.<\/p>\n\n\n\n<p>Alv\u00eddrez Olivas mencion\u00f3 que el p\u00fablico puede llevar sus palomitas, adem\u00e1s de bebidas en termos o vaso con tapadera.<\/p>\n\n\n\n<p>El actual periodo vacacional es el pretexto exacto para acudir en familia a disfrutar de la funci\u00f3n, adem\u00e1s de recorrer el Biblioavi\u00f3n quienes a\u00fan no lo conocen.<\/p>\n\n\n\n<p>La biblioteca se ubica en Heroico Colegio Militar y calle Moctezuma en la zona de El Chamizal.<\/p>\n","protected":false},"excerpt":{"rendered":"<p>Ciudad Ju\u00e1rez, Chih.- La Direcci\u00f3n de Educaci\u00f3n Municipal contin\u00faa con su programa de \u201cCine en el Biblioavi\u00f3n\u201d. Guillermo Enrique Alv\u00eddrez Olivas, titular de la dependencia, coment\u00f3 que desde el pasado 28 de julio se proyectan pel\u00edculas familiares en las instalaciones del Biblioavi\u00f3n. Las proyecciones se llevan a cabo los d\u00edas lunes, mi\u00e9rcoles, viernes y s\u00e1bado [&hellip;]<\/p>\n","protected":false},"author":6,"featured_media":65420,"comment_status":"closed","ping_status":"closed","sticky":false,"template":"","format":"standard","meta":{"_acf_changed":false,"_monsterinsights_skip_tracking":false,"_monsterinsights_sitenote_active":false,"_monsterinsights_sitenote_note":"","_monsterinsights_sitenote_category":0,"slim_seo":{"title":"Contin\u00faan las funciones de \u201cCine en el Biblioavi\u00f3n\u201d, invitan a menores este verano - Opini\u00f3n P\u00fablica","description":"Ciudad Ju\u00e1rez, Chih .- La Direcci\u00f3n de Educaci\u00f3n Municipal contin\u00faa con su programa de \u201cCine en el Biblioavi\u00f3n\u201d. Guillermo Enrique Alv\u00eddrez Olivas, titular de l"},"footnotes":""},"categories":[41],"tags":[],"class_list":["post-65417","post","type-post","status-publish","format-standard","has-post-thumbnail","hentry","category-juarez"],"acf":[],"_links":{"self":[{"href":"https:\/\/www.opinionpublica.tv\/portada\/wp-json\/wp\/v2\/posts\/65417","targetHints":{"allow":["GET"]}}],"collection":[{"href":"https:\/\/www.opinionpublica.tv\/portada\/wp-json\/wp\/v2\/posts"}],"about":[{"href":"https:\/\/www.opinionpublica.tv\/portada\/wp-json\/wp\/v2\/types\/post"}],"author":[{"embeddable":true,"href":"https:\/\/www.opinionpublica.tv\/portada\/wp-json\/wp\/v2\/users\/6"}],"replies":[{"embeddable":true,"href":"https:\/\/www.opinionpublica.tv\/portada\/wp-json\/wp\/v2\/comments?post=65417"}],"version-history":[{"count":2,"href":"https:\/\/www.opinionpublica.tv\/portada\/wp-json\/wp\/v2\/posts\/65417\/revisions"}],"predecessor-version":[{"id":65421,"href":"https:\/\/www.opinionpublica.tv\/portada\/wp-json\/wp\/v2\/posts\/65417\/revisions\/65421"}],"wp:featuredmedia":[{"embeddable":true,"href":"https:\/\/www.opinionpublica.tv\/portada\/wp-json\/wp\/v2\/media\/65420"}],"wp:attachment":[{"href":"https:\/\/www.opinionpublica.tv\/portada\/wp-json\/wp\/v2\/media?parent=65417"}],"wp:term":[{"taxonomy":"category","embeddable":true,"href":"https:\/\/www.opinionpublica.tv\/portada\/wp-json\/wp\/v2\/categories?post=65417"},{"taxonomy":"post_tag","embeddable":true,"href":"https:\/\/www.opinionpublica.tv\/portada\/wp-json\/wp\/v2\/tags?post=65417"}],"curies":[{"name":"wp","href":"https:\/\/api.w.org\/{rel}","templated":true}]}}