{"id":65403,"date":"2025-08-06T00:01:00","date_gmt":"2025-08-06T06:01:00","guid":{"rendered":"https:\/\/www.opinionpublica.tv\/portada\/?p=65403"},"modified":"2025-08-05T21:49:14","modified_gmt":"2025-08-06T03:49:14","slug":"mis-adversarios-mandaron-espias-a-mis-vacaciones-de-japon-responde-andy-lopez-beltran-tras-escandalo-10-dias-despues","status":"publish","type":"post","link":"https:\/\/www.opinionpublica.tv\/portada\/mis-adversarios-mandaron-espias-a-mis-vacaciones-de-japon-responde-andy-lopez-beltran-tras-escandalo-10-dias-despues\/","title":{"rendered":"\u00abMis adversarios mandaron esp\u00edas a mis vacaciones de Jap\u00f3n\u00bb: Andy L\u00f3pez Beltr\u00e1n tras esc\u00e1ndalo 10 d\u00edas despu\u00e9s"},"content":{"rendered":"\n<figure class=\"wp-block-image size-large\"><img fetchpriority=\"high\" decoding=\"async\" width=\"1024\" height=\"620\" src=\"https:\/\/www.opinionpublica.tv\/portada\/wp-content\/uploads\/2025\/08\/22Mis-adversarios-mandaron-espias-a-mis-vacaciones-de-Japon22-Andy-Lopez-Beltran-tras-escandalo-10-dias-despues-1024x620.avif\" alt=\"%22mis adversarios mandaron espi\u0301as a mis vacaciones de japo\u0301n%22 andy lo\u0301pez beltra\u0301n tras esca\u0301ndalo 10 di\u0301as despue\u0301s\" class=\"wp-image-65406\" srcset=\"https:\/\/www.opinionpublica.tv\/portada\/wp-content\/uploads\/2025\/08\/22Mis-adversarios-mandaron-espias-a-mis-vacaciones-de-Japon22-Andy-Lopez-Beltran-tras-escandalo-10-dias-despues-1024x620.avif 1024w, https:\/\/www.opinionpublica.tv\/portada\/wp-content\/uploads\/2025\/08\/22Mis-adversarios-mandaron-espias-a-mis-vacaciones-de-Japon22-Andy-Lopez-Beltran-tras-escandalo-10-dias-despues-300x182.avif 300w, https:\/\/www.opinionpublica.tv\/portada\/wp-content\/uploads\/2025\/08\/22Mis-adversarios-mandaron-espias-a-mis-vacaciones-de-Japon22-Andy-Lopez-Beltran-tras-escandalo-10-dias-despues-768x465.avif 768w, https:\/\/www.opinionpublica.tv\/portada\/wp-content\/uploads\/2025\/08\/22Mis-adversarios-mandaron-espias-a-mis-vacaciones-de-Japon22-Andy-Lopez-Beltran-tras-escandalo-10-dias-despues.avif 1100w\" sizes=\"(max-width: 1024px) 100vw, 1024px\" \/><\/figure>\n\n\n\n<p>El secretario de Organizaci\u00f3n de Morena, Andy L\u00f3pez Beltr\u00e1n, reapareci\u00f3 en redes sociales despu\u00e9s de que se diera a conocer el pasado s\u00e1bado 26 de julio que vacacion\u00f3 en Tokio, Jap\u00f3n.<\/p>\n\n\n\n<p>En un comunicado, el morenista se\u00f1al\u00f3 que, como le inform\u00f3 a Luisa Mar\u00eda Alcalde, el viaje se pag\u00f3 con sus propios recursos, ya que decidi\u00f3 salir de vacaciones a Jap\u00f3n \u00abluego de extenuantes jornadas de trabajo\u00bb.<\/p>\n\n\n\n<p>L\u00f3pez Beltr\u00e1n agreg\u00f3 que se traslad\u00f3 a la ciudad de Seattle, Washington, y despu\u00e9s de una escala de un d\u00eda tom\u00f3 un vuelo comercial con destino a Tokio.<\/p>\n\n\n\n<p>De acuerdo con el secretario de Organizaci\u00f3n, sus adversarios y los \u00abhip\u00f3critas conservadores\u00bb mandaron esp\u00edas a fotografiarlo, acosarlo y emprender una campa\u00f1a de linchamiento pol\u00edtico \u00abimpregnada de odio, clasismo y calumnias\u00bb.<\/p>\n\n\n\n<p>Dichas mentiras, afirm\u00f3, van desde que viaj\u00f3 en avi\u00f3n privado o del ej\u00e9rcito y que se hosped\u00f3 en un hotel que cobra 50 mil pesos por noche.<\/p>\n\n\n\n<p>\u00abComo he dicho, viaj\u00e9 en aerol\u00edneas comerciales y pagu\u00e9 7 mil 500 pesos diarios en un hotel, incluido el desayuno\u00bb, subray\u00f3.<\/p>\n\n\n\n<p>Seg\u00fan el hijo del expresidente, desde ni\u00f1o aprendi\u00f3 que \u00abel poder es humildad\u00bb y que la austeridad es un asunto de principios, por lo que, \u00abse debe vivir en la justa median\u00eda\u00bb.<\/p>\n\n\n\n<p>Por lo anterior, a\u00f1adi\u00f3 que no se siente sorprendido del \u00abhampa del periodismo\u00bb que es supuestamente equivalente a la mafia del poder econ\u00f3mico y pol\u00edtico \u00abdel que desde hace d\u00e9cadas hemos venido enfrentando\u00bb.<\/p>\n\n\n\n<p>No obstante, reiter\u00f3 que \u00abno somos iguales y nosotros no somos corruptos\u00bb, en alusi\u00f3n a su partido.<\/p>\n\n\n\n<p>\u00abJam\u00e1s olvidaremos hacer de nuestra vida p\u00fablica una l\u00ednea recta y seguiremos el ejemplo de nuestra presidenta Claudia Sheinbaum Pardo de no mentir, no robar y no traicionar al pueblo de M\u00e9xico\u00bb, expres\u00f3 Andy L\u00f3pez.<\/p>\n\n\n\n<p>En su comunicado, dijo que siempre valdr\u00e1 la pena \u00abpagar una cuota de humillaci\u00f3n\u00bb cuando se lucha por una causa justa y en contra de los opresores del pueblo.<\/p>\n\n\n\n<p><em>Con informaci\u00f3n de El Universal<\/em>.<\/p>\n","protected":false},"excerpt":{"rendered":"<p>El secretario de Organizaci\u00f3n de Morena, Andy L\u00f3pez Beltr\u00e1n, reapareci\u00f3 en redes sociales despu\u00e9s de que se diera a conocer el pasado s\u00e1bado 26 de julio que vacacion\u00f3 en Tokio, Jap\u00f3n. En un comunicado, el morenista se\u00f1al\u00f3 que, como le inform\u00f3 a Luisa Mar\u00eda Alcalde, el viaje se pag\u00f3 con sus propios recursos, ya que [&hellip;]<\/p>\n","protected":false},"author":6,"featured_media":65406,"comment_status":"closed","ping_status":"closed","sticky":false,"template":"","format":"standard","meta":{"_acf_changed":false,"_monsterinsights_skip_tracking":false,"_monsterinsights_sitenote_active":false,"_monsterinsights_sitenote_note":"","_monsterinsights_sitenote_category":0,"slim_seo":{"title":"\"Mis adversarios mandaron esp\u00edas a mis vacaciones de Jap\u00f3n\": Andy L\u00f3pez Beltr\u00e1n tras esc\u00e1ndalo 10 d\u00edas despu\u00e9s - Opini\u00f3n P\u00fablica","description":"El secretario de Organizaci\u00f3n de Morena, Andy L\u00f3pez Beltr\u00e1n, reapareci\u00f3 en redes sociales despu\u00e9s de que se diera a conocer el pasado s\u00e1bado 26 de julio que vac"},"footnotes":""},"categories":[3],"tags":[],"class_list":["post-65403","post","type-post","status-publish","format-standard","has-post-thumbnail","hentry","category-principal"],"acf":[],"_links":{"self":[{"href":"https:\/\/www.opinionpublica.tv\/portada\/wp-json\/wp\/v2\/posts\/65403","targetHints":{"allow":["GET"]}}],"collection":[{"href":"https:\/\/www.opinionpublica.tv\/portada\/wp-json\/wp\/v2\/posts"}],"about":[{"href":"https:\/\/www.opinionpublica.tv\/portada\/wp-json\/wp\/v2\/types\/post"}],"author":[{"embeddable":true,"href":"https:\/\/www.opinionpublica.tv\/portada\/wp-json\/wp\/v2\/users\/6"}],"replies":[{"embeddable":true,"href":"https:\/\/www.opinionpublica.tv\/portada\/wp-json\/wp\/v2\/comments?post=65403"}],"version-history":[{"count":3,"href":"https:\/\/www.opinionpublica.tv\/portada\/wp-json\/wp\/v2\/posts\/65403\/revisions"}],"predecessor-version":[{"id":65407,"href":"https:\/\/www.opinionpublica.tv\/portada\/wp-json\/wp\/v2\/posts\/65403\/revisions\/65407"}],"wp:featuredmedia":[{"embeddable":true,"href":"https:\/\/www.opinionpublica.tv\/portada\/wp-json\/wp\/v2\/media\/65406"}],"wp:attachment":[{"href":"https:\/\/www.opinionpublica.tv\/portada\/wp-json\/wp\/v2\/media?parent=65403"}],"wp:term":[{"taxonomy":"category","embeddable":true,"href":"https:\/\/www.opinionpublica.tv\/portada\/wp-json\/wp\/v2\/categories?post=65403"},{"taxonomy":"post_tag","embeddable":true,"href":"https:\/\/www.opinionpublica.tv\/portada\/wp-json\/wp\/v2\/tags?post=65403"}],"curies":[{"name":"wp","href":"https:\/\/api.w.org\/{rel}","templated":true}]}}