{"id":65396,"date":"2025-08-06T00:01:00","date_gmt":"2025-08-06T06:01:00","guid":{"rendered":"https:\/\/www.opinionpublica.tv\/portada\/?p=65396"},"modified":"2025-08-05T21:41:08","modified_gmt":"2025-08-06T03:41:08","slug":"la-presidenta-claudia-sheinbaum-se-reune-con-empresarios-y-anuncia-nuevas-inversiones","status":"publish","type":"post","link":"https:\/\/www.opinionpublica.tv\/portada\/la-presidenta-claudia-sheinbaum-se-reune-con-empresarios-y-anuncia-nuevas-inversiones\/","title":{"rendered":"La presidenta Sheinbaum se re\u00fane con empresarios y anuncia nuevas inversiones"},"content":{"rendered":"\n<figure class=\"wp-block-image size-full\"><img fetchpriority=\"high\" decoding=\"async\" width=\"770\" height=\"530\" src=\"https:\/\/www.opinionpublica.tv\/portada\/wp-content\/uploads\/2025\/08\/La-presidenta-Sheinbaum-se-reune-con-empresarios-y-anuncia-nuevas-inversiones.webp\" alt=\"La presidenta sheinbaum se reu\u0301ne con empresarios y anuncia nuevas inversiones\" class=\"wp-image-65399\" srcset=\"https:\/\/www.opinionpublica.tv\/portada\/wp-content\/uploads\/2025\/08\/La-presidenta-Sheinbaum-se-reune-con-empresarios-y-anuncia-nuevas-inversiones.webp 770w, https:\/\/www.opinionpublica.tv\/portada\/wp-content\/uploads\/2025\/08\/La-presidenta-Sheinbaum-se-reune-con-empresarios-y-anuncia-nuevas-inversiones-300x206.webp 300w, https:\/\/www.opinionpublica.tv\/portada\/wp-content\/uploads\/2025\/08\/La-presidenta-Sheinbaum-se-reune-con-empresarios-y-anuncia-nuevas-inversiones-768x529.webp 768w\" sizes=\"(max-width: 770px) 100vw, 770px\" \/><\/figure>\n\n\n\n<p>La empresa Walmart seguir\u00e1 invirtiendo en nuestro pa\u00eds bajo las directrices establecidas por el gobierno en el Plan M\u00e9xico, confirm\u00f3 este martes a la presidenta Claudia Sheinbaum el directivo de m\u00e1s alto nivel de esa compa\u00f1\u00eda a nivel mundial.<\/p>\n\n\n\n<p>Nos reunimos en Palacio Nacional con Doug McMillon, presidente y director ejecutivo de Walmart Inc., y su equipo. Confirman las inversiones que tienen en nuestro pa\u00eds y su compromiso de integrarse al Plan M\u00e9xico\u201d, expuso Sheinbaum en un mensaje difundido en sus cuentas de redes sociales.<\/p>\n\n\n\n<p>Mcmillion es el CEO de Walmart desde 2014 y este martes acudi\u00f3 a Palacio Nacional en compa\u00f1\u00eda de su staff.<\/p>\n\n\n\n<p>Adem\u00e1s de la presidenta Sheinbaum estuvo presente el subsecretario de Econom\u00eda para Industria y Comercio.<\/p>\n\n\n\n<p>El pasado 27 de marzo, en la rueda de prensa matutina directivos regionales de Walmart anunciaron la inversi\u00f3n de seis mil millones de d\u00f3lares en M\u00e9xico y la generaci\u00f3n de 5 mil 500 empleos directos con la apertura de tiendas y dos centros de distribuci\u00f3n.<\/p>\n\n\n\n<p>Adem\u00e1s, se inform\u00f3 que el 85 por ciento de proveedores de la empresa son de origen mexicano y el 83 por ciento de las mercanc\u00edas que se venden son mexicanas. (Exc\u00e9lsior)<\/p>\n","protected":false},"excerpt":{"rendered":"<p>La empresa Walmart seguir\u00e1 invirtiendo en nuestro pa\u00eds bajo las directrices establecidas por el gobierno en el Plan M\u00e9xico, confirm\u00f3 este martes a la presidenta Claudia Sheinbaum el directivo de m\u00e1s alto nivel de esa compa\u00f1\u00eda a nivel mundial. Nos reunimos en Palacio Nacional con Doug McMillon, presidente y director ejecutivo de Walmart Inc., y [&hellip;]<\/p>\n","protected":false},"author":6,"featured_media":65399,"comment_status":"closed","ping_status":"closed","sticky":false,"template":"","format":"standard","meta":{"_acf_changed":false,"_monsterinsights_skip_tracking":false,"_monsterinsights_sitenote_active":false,"_monsterinsights_sitenote_note":"","_monsterinsights_sitenote_category":0,"slim_seo":{"title":"La presidenta Sheinbaum se re\u00fane con empresarios y anuncia nuevas inversiones - Opini\u00f3n P\u00fablica","description":"La empresa Walmart seguir\u00e1 invirtiendo en nuestro pa\u00eds bajo las directrices establecidas por el gobierno en el Plan M\u00e9xico, confirm\u00f3 este martes a la presidenta"},"footnotes":""},"categories":[4],"tags":[],"class_list":["post-65396","post","type-post","status-publish","format-standard","has-post-thumbnail","hentry","category-pulsopolitico"],"acf":[],"_links":{"self":[{"href":"https:\/\/www.opinionpublica.tv\/portada\/wp-json\/wp\/v2\/posts\/65396","targetHints":{"allow":["GET"]}}],"collection":[{"href":"https:\/\/www.opinionpublica.tv\/portada\/wp-json\/wp\/v2\/posts"}],"about":[{"href":"https:\/\/www.opinionpublica.tv\/portada\/wp-json\/wp\/v2\/types\/post"}],"author":[{"embeddable":true,"href":"https:\/\/www.opinionpublica.tv\/portada\/wp-json\/wp\/v2\/users\/6"}],"replies":[{"embeddable":true,"href":"https:\/\/www.opinionpublica.tv\/portada\/wp-json\/wp\/v2\/comments?post=65396"}],"version-history":[{"count":3,"href":"https:\/\/www.opinionpublica.tv\/portada\/wp-json\/wp\/v2\/posts\/65396\/revisions"}],"predecessor-version":[{"id":65401,"href":"https:\/\/www.opinionpublica.tv\/portada\/wp-json\/wp\/v2\/posts\/65396\/revisions\/65401"}],"wp:featuredmedia":[{"embeddable":true,"href":"https:\/\/www.opinionpublica.tv\/portada\/wp-json\/wp\/v2\/media\/65399"}],"wp:attachment":[{"href":"https:\/\/www.opinionpublica.tv\/portada\/wp-json\/wp\/v2\/media?parent=65396"}],"wp:term":[{"taxonomy":"category","embeddable":true,"href":"https:\/\/www.opinionpublica.tv\/portada\/wp-json\/wp\/v2\/categories?post=65396"},{"taxonomy":"post_tag","embeddable":true,"href":"https:\/\/www.opinionpublica.tv\/portada\/wp-json\/wp\/v2\/tags?post=65396"}],"curies":[{"name":"wp","href":"https:\/\/api.w.org\/{rel}","templated":true}]}}