{"id":65317,"date":"2025-08-06T00:01:00","date_gmt":"2025-08-06T06:01:00","guid":{"rendered":"https:\/\/www.opinionpublica.tv\/portada\/?p=65317"},"modified":"2025-08-04T18:39:01","modified_gmt":"2025-08-05T00:39:01","slug":"efemerides-6-de-agosto-un-dia-como-hoy-en-la-historia","status":"publish","type":"post","link":"https:\/\/www.opinionpublica.tv\/portada\/efemerides-6-de-agosto-un-dia-como-hoy-en-la-historia\/","title":{"rendered":"Efem\u00e9rides 6 de agosto | Un d\u00eda como hoy en la historia&#8230;"},"content":{"rendered":"\n<p><em>Un d\u00eda 6 de agosto como hoy, pero de 1945, Estados Unidos lanza su primera bomba at\u00f3mica sobre la ciudad japonesa de Hiroshima, durante la Segunda Guerra Mundial<\/em>.<\/p>\n\n\n\n<figure class=\"wp-block-image size-full\"><img fetchpriority=\"high\" decoding=\"async\" width=\"900\" height=\"600\" src=\"https:\/\/www.opinionpublica.tv\/portada\/wp-content\/uploads\/2025\/08\/1945-Estados-Unidos-lanza-su-primera-bomba-atomica-sobre-la-ciudad-japonesa-de-Hiroshima.jpg\" alt=\"1945, estados unidos lanza su primera bomba ato\u0301mica sobre la ciudad japonesa de hiroshima\" class=\"wp-image-65318\" srcset=\"https:\/\/www.opinionpublica.tv\/portada\/wp-content\/uploads\/2025\/08\/1945-Estados-Unidos-lanza-su-primera-bomba-atomica-sobre-la-ciudad-japonesa-de-Hiroshima.jpg 900w, https:\/\/www.opinionpublica.tv\/portada\/wp-content\/uploads\/2025\/08\/1945-Estados-Unidos-lanza-su-primera-bomba-atomica-sobre-la-ciudad-japonesa-de-Hiroshima-300x200.jpg 300w, https:\/\/www.opinionpublica.tv\/portada\/wp-content\/uploads\/2025\/08\/1945-Estados-Unidos-lanza-su-primera-bomba-atomica-sobre-la-ciudad-japonesa-de-Hiroshima-768x512.jpg 768w\" sizes=\"(max-width: 900px) 100vw, 900px\" \/><\/figure>\n\n\n\n<p><strong>Otras efem\u00e9rides<\/strong><\/p>\n\n\n\n<p>1538.- Gonzalo Jim\u00e9nez de Quesada funda la ciudad de Santa Fe de Bogot\u00e1, capital de Nueva Granada, hoy Colombia.<\/p>\n\n\n\n<p>1813.- Sim\u00f3n Bol\u00edvar entra en Caracas tras la victoria de Taguanes y recibe el nombre de \u00abLibertador\u00bb.<\/p>\n\n\n\n<p>1824.- Victoria de Bol\u00edvar en la pampa de Junin (Per\u00fa) sobre el general espa\u00f1ol Canterac, acci\u00f3n decisiva contra la dominaci\u00f3n espa\u00f1ola.<\/p>\n\n\n\n<p>1825.- La Asamblea de Representantes de las provincias del Alto Per\u00fa proclama el Estado libre e independiente de Bolivia.<\/p>\n\n\n\n<p>1875.- El presidente de Ecuador Gabriel Garc\u00eda Moreno es asesinado a machetazos por el colombiano Faustino Lemos.<\/p>\n\n\n\n<p>1890.- Primera ejecuci\u00f3n en silla el\u00e9ctrica en EEUU en la prisi\u00f3n neoyorquina de Auburn, en Nueva York.<\/p>\n\n\n\n<p>1896.- Una ley francesa declara la anexi\u00f3n de Madagascar.<\/p>\n\n\n\n<p>1926.- La estadounidense Gertrude Ederle se convierte en la primera mujer en cruzar a nado el Canal de la Mancha.<\/p>\n\n\n\n<p>1932.- Comienza la I \u00abMostra\u00bb de cine de Venecia.<\/p>\n\n\n\n<p>1956.- Hern\u00e1n Siles Suazo toma posesi\u00f3n de la Presidencia de Bolivia.<\/p>\n\n\n\n<p>1960. &#8211; El Twist se hace popular despu\u00e9s de que Chubby Checker lo bailara mientras cantaba la canci\u00f3n del mismo nombre en el programa de televisi\u00f3n estadounidense American Bandstand.<\/p>\n\n\n\n<p>1961.- Vuelve a la Tierra, a bordo del \u00abVostok II\u00bb, el astronauta sovi\u00e9tico G.Titov, despu\u00e9s de 17 \u00f3rbitas completas, realizadas en 25 horas y 18 minutos.<\/p>\n\n\n\n<p>1965.- Los Beatles lanzan \u00abHelp\u00bb.<\/p>\n\n\n\n<p>1966.- Se inaugura en Lisboa el Puente Salazar, sobre el Tajo, llamado actualmente del 25 de abril.<\/p>\n\n\n\n<p>1985.- V\u00edctor Paz Estensoro jura, por cuarta vez, como presidente de Bolivia.<\/p>\n\n\n\n<p>1987.- Comienza en Guatemala la \u00abCumbre\u00bb centroamericana Esquipulas II, en la que participan los dirigentes de Costa Rica, El Salvador, Guatemala, Honduras y Nicaragua.<\/p>\n\n\n\n<p>1990.- El presidente de Pakist\u00e1n, Gulam Ishaq Khan, destituye a la primera ministra Benazir Bhutto y decreta el estado de emergencia.<\/p>\n\n\n\n<p>1991.- El cient\u00edfico brit\u00e1nico, Tim Berners-Lee crea la World Wide Web, WWW, la primera p\u00e1gina de Internet.<\/p>\n\n\n\n<p>1993.- Gonzalo S\u00e1nchez de Lozada toma posesi\u00f3n de la Presidencia de Bolivia.<\/p>\n\n\n\n<p>1996.- El grupo de rock estadounidense Los Ramones da su \u00faltimo concierto en el Palace de Los Angeles.<\/p>\n\n\n\n<p>2001.- Hugo B\u00e1nzer, aquejado de un c\u00e1ncer, renuncia a la presidencia de Bolivia.<\/p>\n\n\n\n<p>2002.- Gonzalo S\u00e1nchez de Lozada asume la presidencia de Bolivia por segunda y \u00faltima vez.<\/p>\n\n\n\n<p>2005 .- El l\u00edder del Ej\u00e9rcito Zapatista de Liberaci\u00f3n, el subcomandante Marcos, reaparece en un mitin en Chiapas tras cinco a\u00f1os de ausencia.<\/p>\n\n\n\n<p>2006.- Se instala la Asamblea Constituyente de Bolivia en Sucre, capital oficial del pa\u00eds.<\/p>\n\n\n\n<p>2009.- Ronnie Biggs, uno de los ladrones que asaltaron el tren de Glasgow, sale de la c\u00e1rcel por motivos de salud.<\/p>\n\n\n\n<p>2015.- El presidente egipcio Abdelfatah al Sisi inaugura el nuevo canal de Suez.<\/p>\n\n\n\n<p>2016.- Se inauguran en R\u00edo de Janeiro (Brasil) los Juegos de la XXI Olimpiada, los primeros en Am\u00e9rica Latina.<\/p>\n\n\n\n<p>2020.- El presidente de Estados Unidos, Donald Trump, firma una orden por la que proh\u00edbe cualquier transacci\u00f3n o negocio con ByteDance, el desarrollador chino de TikTok, a partir de 45 d\u00edas.<\/p>\n\n\n\n<p><strong>Nacimientos<\/strong><\/p>\n\n\n\n<p>1868.- Paul Claudel, escritor franc\u00e9s.<\/p>\n\n\n\n<p>1881.- Alexander Fleming, m\u00e9dico brit\u00e1nico, descubridor de la penicilina.<\/p>\n\n\n\n<p>1911.- Lucille Ball, actriz estadounidense.<\/p>\n\n\n\n<p>1917.- Robert Mitchum, actor estadounidense.<\/p>\n\n\n\n<p>1928.- Andy Warhol, pintor estadounidense.<\/p>\n\n\n\n<p>1943.- Jon Postel, inform\u00e1tico estadounidense pionero de Internet.<\/p>\n\n\n\n<p>1963.- Kevin David Mitnick, hacker y phreaker estadounidense m\u00e1s famoso de la historia.<\/p>\n\n\n\n<p>1976.- Melissa George, actriz australiana.<\/p>\n\n\n\n<p><strong>Defunciones<\/strong><\/p>\n\n\n\n<p>1637.- Ben Johnson, dramaturgo ingl\u00e9s.<\/p>\n\n\n\n<p>1660.- Diego Rodr\u00edguez de Silva Vel\u00e1zquez, pintor espa\u00f1ol.<\/p>\n\n\n\n<p>1973.- Fulgencio Batista, expresidente y dictador de Cuba.<\/p>\n\n\n\n<p>1978.- Juan Bautista Montini, Pablo VI, papa italiano.<\/p>\n\n\n\n<p>1986.- Emilio \u00abIndio\u00bb Fern\u00e1ndez, cineasta mexicano.<\/p>\n\n\n\n<p>1994.- Domenico Modugno, cantante y compositor italiano.<\/p>\n\n\n\n<p>1996.- Hern\u00e1n Siles Zuazo, expresidente boliviano.<\/p>\n\n\n\n<p>2001.- Jorge Amado, escritor brasile\u00f1o.<\/p>\n\n\n\n<p>2009.- John Hughes, director de cine estadounidense.<\/p>\n\n\n\n<p>2012.- Robert Hughes, escritor australiano.<\/p>\n\n\n\n<p>2018.- Jo\u00ebl Robuchon, chef franc\u00e9s.<\/p>\n\n\n\n<p>2021.- Mikel Azurmendi, antrop\u00f3logo espa\u00f1ol, fundador de las organizaciones para luchar contra el terrorismo \u00a1Basta ya! y el Foro de Ermua.<\/p>\n","protected":false},"excerpt":{"rendered":"<p>Un d\u00eda 6 de agosto como hoy, pero de 1945, Estados Unidos lanza su primera bomba at\u00f3mica sobre la ciudad japonesa de Hiroshima, durante la Segunda Guerra Mundial. Otras efem\u00e9rides 1538.- Gonzalo Jim\u00e9nez de Quesada funda la ciudad de Santa Fe de Bogot\u00e1, capital de Nueva Granada, hoy Colombia. 1813.- Sim\u00f3n Bol\u00edvar entra en Caracas [&hellip;]<\/p>\n","protected":false},"author":6,"featured_media":65318,"comment_status":"closed","ping_status":"closed","sticky":false,"template":"","format":"standard","meta":{"_acf_changed":false,"_monsterinsights_skip_tracking":false,"_monsterinsights_sitenote_active":false,"_monsterinsights_sitenote_note":"","_monsterinsights_sitenote_category":0,"slim_seo":{"title":"Efem\u00e9rides 6 de agosto | Un d\u00eda como hoy en la historia... - Opini\u00f3n P\u00fablica","description":"Un d\u00eda 6 de agosto como hoy, pero de 1945, Estados Unidos lanza su primera bomba at\u00f3mica sobre la ciudad japonesa de Hiroshima, durante la Segunda Guerra Mundia"},"footnotes":""},"categories":[27],"tags":[],"class_list":["post-65317","post","type-post","status-publish","format-standard","has-post-thumbnail","hentry","category-un-dia-como-hoy"],"acf":[],"_links":{"self":[{"href":"https:\/\/www.opinionpublica.tv\/portada\/wp-json\/wp\/v2\/posts\/65317","targetHints":{"allow":["GET"]}}],"collection":[{"href":"https:\/\/www.opinionpublica.tv\/portada\/wp-json\/wp\/v2\/posts"}],"about":[{"href":"https:\/\/www.opinionpublica.tv\/portada\/wp-json\/wp\/v2\/types\/post"}],"author":[{"embeddable":true,"href":"https:\/\/www.opinionpublica.tv\/portada\/wp-json\/wp\/v2\/users\/6"}],"replies":[{"embeddable":true,"href":"https:\/\/www.opinionpublica.tv\/portada\/wp-json\/wp\/v2\/comments?post=65317"}],"version-history":[{"count":1,"href":"https:\/\/www.opinionpublica.tv\/portada\/wp-json\/wp\/v2\/posts\/65317\/revisions"}],"predecessor-version":[{"id":65319,"href":"https:\/\/www.opinionpublica.tv\/portada\/wp-json\/wp\/v2\/posts\/65317\/revisions\/65319"}],"wp:featuredmedia":[{"embeddable":true,"href":"https:\/\/www.opinionpublica.tv\/portada\/wp-json\/wp\/v2\/media\/65318"}],"wp:attachment":[{"href":"https:\/\/www.opinionpublica.tv\/portada\/wp-json\/wp\/v2\/media?parent=65317"}],"wp:term":[{"taxonomy":"category","embeddable":true,"href":"https:\/\/www.opinionpublica.tv\/portada\/wp-json\/wp\/v2\/categories?post=65317"},{"taxonomy":"post_tag","embeddable":true,"href":"https:\/\/www.opinionpublica.tv\/portada\/wp-json\/wp\/v2\/tags?post=65317"}],"curies":[{"name":"wp","href":"https:\/\/api.w.org\/{rel}","templated":true}]}}