{"id":65304,"date":"2025-08-09T00:01:00","date_gmt":"2025-08-09T06:01:00","guid":{"rendered":"https:\/\/www.opinionpublica.tv\/portada\/?p=65304"},"modified":"2025-08-04T14:30:37","modified_gmt":"2025-08-04T20:30:37","slug":"una-historia-del-comandante-h","status":"publish","type":"post","link":"https:\/\/www.opinionpublica.tv\/portada\/una-historia-del-comandante-h\/","title":{"rendered":"Una historia del Comandante H"},"content":{"rendered":"\n<h4 class=\"wp-block-heading\">H\u00e9ctor De Maule\u00f3n<\/h4>\n\n\n\n<p class=\"wp-block-paragraph\">___________________________<\/p>\n\n\n\n<p class=\"wp-block-paragraph\">El nombre de Hern\u00e1n Berm\u00fadez Requena, el exsecretario de seguridad p\u00fablica de Ad\u00e1n Augusto L\u00f3pez que huy\u00f3 del pa\u00eds el pasado 26 de enero y sobre el que la Interpol ha emitido una ficha roja, lleg\u00f3 a la prensa nacional hace 19 a\u00f1os, envuelto en un esc\u00e1ndalo que hasta la fecha no ha sido aclarado.<\/p>\n\n\n\n<p class=\"wp-block-paragraph\">El 26 de mayo de 2006, hombres vestidos de negro y con chalecos de la Agencia Federal de Inteligencia iniciaron en distintos lugares de Villahermosa, Tabasco, una serie de aprehensiones.<\/p>\n\n\n\n<p class=\"wp-block-paragraph\">En un ejido detuvieron a un hombre llamado Antonio Maga\u00f1a. M\u00e1s tarde subieron a la camioneta Cherokee en que se desplazaban al ganadero Ponciano V\u00e1zquez Lagunes, hermano del poderoso priista, m\u00e1s tarde panista y luego aliado de la Coalici\u00f3n por el Bien de Todos, Cirilo V\u00e1zquez, conocido como El Cacique del Sur.<\/p>\n\n\n\n<p class=\"wp-block-paragraph\">Antes de ingresar al rancho del que se llevaron a tres personas m\u00e1s, los supuestos agentes de la AFI fueron detenidos por agentes de Seguridad P\u00fablica de Tabasco, que los dejaron ir cuando presentaron credenciales que los identificaban como elementos de la entonces Procuradur\u00eda General de la Rep\u00fablica.<\/p>\n\n\n\n<p class=\"wp-block-paragraph\">Dos semanas m\u00e1s tarde, los cad\u00e1veres de esas cinco personas aparecieron destrozados por impactos de AK-47, y con tiro de gracia, dentro de una camioneta Durango abandonada en la carretera Huimanguillo-Chontalpa.<\/p>\n\n\n\n<p class=\"wp-block-paragraph\">Hab\u00eda indicios de que a la familia del cacique pol\u00edtico y ganadero le hab\u00edan exigido 20 millones de pesos por la liberaci\u00f3n de Ponciano. La familia no hab\u00eda presentado denuncia ante las autoridades.<\/p>\n\n\n\n<p class=\"wp-block-paragraph\">Hab\u00eda preferido negociar con los hombres de negro, que por esos d\u00edas se hallaban muy activos en Tabasco: el 12 de julio, un comando con chalecos y gorras de la AFI remat\u00f3 en el hospital donde se repon\u00eda de un atentado a Carlos Mario de la Cruz, El Katty, sobrino del narcotraficante Ram\u00f3n Alcides Maga\u00f1a.<\/p>\n\n\n\n<p class=\"wp-block-paragraph\">El 16, otro supuesto comando de la AFI se enfrent\u00f3 con polic\u00edas municipales en Cunduac\u00e1n: pretend\u00edan liberar a uno de los jefes fundadores de Los Zetas, Mateo D\u00edaz L\u00f3pez, El Comandante Mateo. El saldo fue de dos muertos.<\/p>\n\n\n\n<p class=\"wp-block-paragraph\">Tras la ejecuci\u00f3n de Ponciano V\u00e1zquez Lagunes, su hermano, El Cacique del Sur, entreg\u00f3 a la prensa tabasque\u00f1a y a la revista Proceso el casete que conten\u00eda la \u00e1spera conversaci\u00f3n que hab\u00eda sostenido por tel\u00e9fono con Hern\u00e1n Berm\u00fadez Requena, entonces subsecretario de Protecci\u00f3n Civil, Prevenci\u00f3n y Readaptaci\u00f3n Social en la administraci\u00f3n priista de Manuel Andrade.<\/p>\n\n\n\n<p class=\"wp-block-paragraph\">De la conversaci\u00f3n se desprende que Berm\u00fadez Requena le hab\u00eda recomendado negociar, que le hab\u00eda asegurado que su hermano estaba bien, que hab\u00eda hablado con \u00e9l en la Ciudad de M\u00e9xico, que su detenci\u00f3n se trataba de un asunto pol\u00edtico:<\/p>\n\n\n\n<p class=\"wp-block-paragraph\">\u201c\u00bfPor qu\u00e9 nunca fueron a Soriana a solicitar el casete de la grabaci\u00f3n\u2026 por qu\u00e9 la polic\u00eda de Tabasco los dej\u00f3 ir?\u2026 Solo hay desconfianza en el gobierno de Tabasco\u2026 Aqu\u00ed es gente involucrada con ustedes\u201d.<\/p>\n\n\n\n<p class=\"wp-block-paragraph\">\u201cEso me lo preguntas ahorita y no te puedo contestar muchas cosas, pero de que el gobierno est\u00e1 preocupado por la situaci\u00f3n no tengas la menor duda\u201d, respondi\u00f3 Berm\u00fadez. Agreg\u00f3: \u201cNo estaba a mi alcance la situaci\u00f3n\u201d.<\/p>\n\n\n\n<p class=\"wp-block-paragraph\">Sigui\u00f3 el di\u00e1logo:<\/p>\n\n\n\n<p class=\"wp-block-paragraph\">\u201cYo me acuerdo lo que me dijiste, Hern\u00e1n, me dijiste que era una cuesti\u00f3n de Estado, que era un apret\u00f3n para m\u00ed\u2026.<\/p>\n\n\n\n<p class=\"wp-block-paragraph\">\u201cLo que quiero decirte, que es algo importante, ya no me tienes confianza, ya me la perdiste\u2026<\/p>\n\n\n\n<p class=\"wp-block-paragraph\">\u201cC\u00f3mo no te la voy a perder, si matan a mi hermano y t\u00fa dices que \u00e9l est\u00e1 bien cien por ciento, que lo tiene la SIEDO, c\u00f3mo voy a confiar en ti\u2026 Despu\u00e9s de un hecho como este, \u00bfconfiar\u00edas en una persona cuando te dicen una cosa y es otra? Eso me dijiste. Te tengo grabado\u2026\u201d.<\/p>\n\n\n\n<p class=\"wp-block-paragraph\">El funcionario reclam\u00f3:<\/p>\n\n\n\n<p class=\"wp-block-paragraph\">\u201cQue ma\u00f1ana vas a sacar los videos&#8230; Crees que con eso me van a investigar, ojal\u00e1 lo hagan\u201d.<\/p>\n\n\n\n<p class=\"wp-block-paragraph\">Berm\u00fadez Requena fue detenido d\u00edas m\u00e1s tarde en el Hotel Camino Real, cuando justamente se hallaba reunido con El Cacique del Sur y un grupo de pol\u00edticos. Solo permaneci\u00f3 once d\u00edas arraigado. La PGR argument\u00f3 que no exist\u00edan pruebas en su contra.<\/p>\n\n\n\n<p class=\"wp-block-paragraph\">Cinco meses m\u00e1s tarde, al salir V\u00e1zquez Lagunes en compa\u00f1\u00eda de su suegro de un partido de beisbol en el que hab\u00eda jugado un equipo de su propiedad, dos camionetas con placas de Tabasco se le emparejaron. Los peritos contaron en su cuerpo 12 impactos de bala; en el de su suegro, 11. Murieron tambi\u00e9n los tres municipales que lo escoltaban.<\/p>\n\n\n\n<p class=\"wp-block-paragraph\">Ese d\u00eda hab\u00eda circulado un c\u00f3digo entre elementos policiacos para que no se acercaran al sitio donde m\u00e1s tarde ocurrieron estos hechos.<\/p>\n\n\n\n<p class=\"wp-block-paragraph\">Ni el crimen de Cirilo V\u00e1zquez, el cacique que controlaba el sur de Veracruz en la regi\u00f3n lim\u00edtrofe con Tabasco, ni el de su hermano, fueron resueltos.<\/p>\n\n\n\n<p class=\"wp-block-paragraph\">En 2019, al nombrarlo secretario de seguridad de Tabasco, Ad\u00e1n Augusto L\u00f3pez expres\u00f3: \u201cEs el perfil que necesita Tabasco\u201d. Para entonces, el Ej\u00e9rcito lo hab\u00eda ubicado como el Comandante H, l\u00edder de La Barredora y jefe de una red de extorsi\u00f3n, narcotr\u00e1fico, tr\u00e1fico de personas y tr\u00e1fico de huachicol.<\/p>\n","protected":false},"excerpt":{"rendered":"<p>H\u00e9ctor De Maule\u00f3n ___________________________ El nombre de Hern\u00e1n Berm\u00fadez Requena, el exsecretario de seguridad p\u00fablica de Ad\u00e1n Augusto L\u00f3pez que huy\u00f3 del pa\u00eds el pasado 26 de enero y sobre el que la Interpol ha emitido una ficha roja, lleg\u00f3 a la prensa nacional hace 19 a\u00f1os, envuelto en un esc\u00e1ndalo que hasta la fecha [&hellip;]<\/p>\n","protected":false},"author":6,"featured_media":60735,"comment_status":"closed","ping_status":"closed","sticky":false,"template":"","format":"standard","meta":{"_acf_changed":false,"_monsterinsights_skip_tracking":false,"slim_seo":{"title":"Una historia del Comandante H - Opini\u00f3n P\u00fablica","description":"H\u00e9ctor De Maule\u00f3n ___________________________ El nombre de Hern\u00e1n Berm\u00fadez Requena, el exsecretario de seguridad p\u00fablica de Ad\u00e1n Augusto L\u00f3pez que huy\u00f3 del pa\u00eds"},"footnotes":""},"categories":[38],"tags":[664],"class_list":["post-65304","post","type-post","status-publish","format-standard","has-post-thumbnail","hentry","category-columna-invitada","tag-hector-de-mauleon"],"acf":[],"_links":{"self":[{"href":"https:\/\/www.opinionpublica.tv\/portada\/wp-json\/wp\/v2\/posts\/65304","targetHints":{"allow":["GET"]}}],"collection":[{"href":"https:\/\/www.opinionpublica.tv\/portada\/wp-json\/wp\/v2\/posts"}],"about":[{"href":"https:\/\/www.opinionpublica.tv\/portada\/wp-json\/wp\/v2\/types\/post"}],"author":[{"embeddable":true,"href":"https:\/\/www.opinionpublica.tv\/portada\/wp-json\/wp\/v2\/users\/6"}],"replies":[{"embeddable":true,"href":"https:\/\/www.opinionpublica.tv\/portada\/wp-json\/wp\/v2\/comments?post=65304"}],"version-history":[{"count":3,"href":"https:\/\/www.opinionpublica.tv\/portada\/wp-json\/wp\/v2\/posts\/65304\/revisions"}],"predecessor-version":[{"id":65307,"href":"https:\/\/www.opinionpublica.tv\/portada\/wp-json\/wp\/v2\/posts\/65304\/revisions\/65307"}],"wp:featuredmedia":[{"embeddable":true,"href":"https:\/\/www.opinionpublica.tv\/portada\/wp-json\/wp\/v2\/media\/60735"}],"wp:attachment":[{"href":"https:\/\/www.opinionpublica.tv\/portada\/wp-json\/wp\/v2\/media?parent=65304"}],"wp:term":[{"taxonomy":"category","embeddable":true,"href":"https:\/\/www.opinionpublica.tv\/portada\/wp-json\/wp\/v2\/categories?post=65304"},{"taxonomy":"post_tag","embeddable":true,"href":"https:\/\/www.opinionpublica.tv\/portada\/wp-json\/wp\/v2\/tags?post=65304"}],"curies":[{"name":"wp","href":"https:\/\/api.w.org\/{rel}","templated":true}]}}