{"id":64507,"date":"2025-07-26T00:01:00","date_gmt":"2025-07-26T06:01:00","guid":{"rendered":"https:\/\/www.opinionpublica.tv\/portada\/?p=64507"},"modified":"2025-07-25T21:06:12","modified_gmt":"2025-07-26T03:06:12","slug":"sheinbaum-se-reune-con-embajador-ronald-johnson-y-empresarios-estadounidenses","status":"publish","type":"post","link":"https:\/\/www.opinionpublica.tv\/portada\/sheinbaum-se-reune-con-embajador-ronald-johnson-y-empresarios-estadounidenses\/","title":{"rendered":"Sheinbaum se re\u00fane con el embajador Ronald Johnson y empresarios estadounidenses"},"content":{"rendered":"\n<figure class=\"wp-block-image size-large\"><img fetchpriority=\"high\" decoding=\"async\" width=\"1024\" height=\"620\" src=\"https:\/\/www.opinionpublica.tv\/portada\/wp-content\/uploads\/2025\/07\/Sheinbaum-se-reune-con-el-embajador-Ronald-Johnson-y-empresarios-estadounidenses-1024x620.avif\" alt=\"Sheinbaum se reu\u0301ne con el embajador ronald johnson y empresarios estadounidenses\" class=\"wp-image-64510\" srcset=\"https:\/\/www.opinionpublica.tv\/portada\/wp-content\/uploads\/2025\/07\/Sheinbaum-se-reune-con-el-embajador-Ronald-Johnson-y-empresarios-estadounidenses-1024x620.avif 1024w, https:\/\/www.opinionpublica.tv\/portada\/wp-content\/uploads\/2025\/07\/Sheinbaum-se-reune-con-el-embajador-Ronald-Johnson-y-empresarios-estadounidenses-300x182.avif 300w, https:\/\/www.opinionpublica.tv\/portada\/wp-content\/uploads\/2025\/07\/Sheinbaum-se-reune-con-el-embajador-Ronald-Johnson-y-empresarios-estadounidenses-768x465.avif 768w, https:\/\/www.opinionpublica.tv\/portada\/wp-content\/uploads\/2025\/07\/Sheinbaum-se-reune-con-el-embajador-Ronald-Johnson-y-empresarios-estadounidenses.avif 1100w\" sizes=\"(max-width: 1024px) 100vw, 1024px\" \/><\/figure>\n\n\n\n<p class=\"wp-block-paragraph\"><em>Ciudad de M\u00e9xico<\/em>.- La presidenta Claudia Sheinbaum Pardo recibi\u00f3 la tarde del viernes en Palacio Nacional al embajador de Estados Unidos en M\u00e9xico, Ronald Johnson.<\/p>\n\n\n\n<p class=\"wp-block-paragraph\">Esto, a una semana de que venza el plazo para la entrada en vigor de la imposici\u00f3n de aranceles del 30% productos mexicanos por parte del gobierno de Estados Unidos.<\/p>\n\n\n\n<p class=\"wp-block-paragraph\">El embajador estadounidense ingres\u00f3 al recinto hist\u00f3rico acompa\u00f1ado por una comitiva de empresarios estadounidenses.<\/p>\n\n\n\n<p class=\"wp-block-paragraph\">Y es que esta semana, la presidenta Sheinbaum declar\u00f3 que el embajador Johnson \u201cha sido respetuoso\u201d y tiene \u201cbuena comunicaci\u00f3n\u201d con el Gobierno de M\u00e9xico.<\/p>\n\n\n\n<p class=\"wp-block-paragraph\">El pasado jueves, despu\u00e9s de que el mandatario estadounidense Donald Trump anunci\u00f3 aranceles de 30% para M\u00e9xico y la Uni\u00f3n Europea que podr\u00edan entrar en vigor el 1 de agosto, la presidenta Claudia Sheinbaum Pardo confi\u00f3 en llegar a \u201cun buen acuerdo\u201d, y pidi\u00f3 esperar.<\/p>\n\n\n\n<p class=\"wp-block-paragraph\">La jefa del Ejecutivo federal indic\u00f3 que podr\u00eda tener una llamada con Trump \u201csi es necesario\u201d la pr\u00f3xima semana para revisar el tema.<\/p>\n\n\n\n<p class=\"wp-block-paragraph\">\u201cEstamos haciendo todo para que no entren en vigor\u201d, expres\u00f3 al se\u00f1alar que un equipo de M\u00e9xico est\u00e1 en Estados Unidos en reuniones con autoridades de ese pa\u00eds.<\/p>\n\n\n\n<p class=\"wp-block-paragraph\">Destac\u00f3 que se hizo una propuesta relacionada con el Plan M\u00e9xico y para disminuir el d\u00e9ficit comercial: \u201cHemos estado haciendo una serie de propuestas y ya las presentamos aqu\u00ed, vamos a esperar\u201d.<\/p>\n\n\n\n<p class=\"wp-block-paragraph\">\u201cConfiamos en que podamos llegar a un buen acuerdo\u201d, a\u00f1adi\u00f3. (El Universal)<\/p>\n","protected":false},"excerpt":{"rendered":"<p>Ciudad de M\u00e9xico.- La presidenta Claudia Sheinbaum Pardo recibi\u00f3 la tarde del viernes en Palacio Nacional al embajador de Estados Unidos en M\u00e9xico, Ronald Johnson. Esto, a una semana de que venza el plazo para la entrada en vigor de la imposici\u00f3n de aranceles del 30% productos mexicanos por parte del gobierno de Estados Unidos. [&hellip;]<\/p>\n","protected":false},"author":6,"featured_media":64510,"comment_status":"closed","ping_status":"closed","sticky":false,"template":"","format":"standard","meta":{"_acf_changed":false,"_monsterinsights_skip_tracking":false,"slim_seo":{"title":"Sheinbaum se re\u00fane con el embajador Ronald Johnson y empresarios estadounidenses - Opini\u00f3n P\u00fablica","description":"Ciudad de M\u00e9xico .- La presidenta Claudia Sheinbaum Pardo recibi\u00f3 la tarde del viernes en Palacio Nacional al embajador de Estados Unidos en M\u00e9xico, Ronald John"},"footnotes":""},"categories":[4],"tags":[],"class_list":["post-64507","post","type-post","status-publish","format-standard","has-post-thumbnail","hentry","category-pulsopolitico"],"acf":[],"_links":{"self":[{"href":"https:\/\/www.opinionpublica.tv\/portada\/wp-json\/wp\/v2\/posts\/64507","targetHints":{"allow":["GET"]}}],"collection":[{"href":"https:\/\/www.opinionpublica.tv\/portada\/wp-json\/wp\/v2\/posts"}],"about":[{"href":"https:\/\/www.opinionpublica.tv\/portada\/wp-json\/wp\/v2\/types\/post"}],"author":[{"embeddable":true,"href":"https:\/\/www.opinionpublica.tv\/portada\/wp-json\/wp\/v2\/users\/6"}],"replies":[{"embeddable":true,"href":"https:\/\/www.opinionpublica.tv\/portada\/wp-json\/wp\/v2\/comments?post=64507"}],"version-history":[{"count":2,"href":"https:\/\/www.opinionpublica.tv\/portada\/wp-json\/wp\/v2\/posts\/64507\/revisions"}],"predecessor-version":[{"id":64511,"href":"https:\/\/www.opinionpublica.tv\/portada\/wp-json\/wp\/v2\/posts\/64507\/revisions\/64511"}],"wp:featuredmedia":[{"embeddable":true,"href":"https:\/\/www.opinionpublica.tv\/portada\/wp-json\/wp\/v2\/media\/64510"}],"wp:attachment":[{"href":"https:\/\/www.opinionpublica.tv\/portada\/wp-json\/wp\/v2\/media?parent=64507"}],"wp:term":[{"taxonomy":"category","embeddable":true,"href":"https:\/\/www.opinionpublica.tv\/portada\/wp-json\/wp\/v2\/categories?post=64507"},{"taxonomy":"post_tag","embeddable":true,"href":"https:\/\/www.opinionpublica.tv\/portada\/wp-json\/wp\/v2\/tags?post=64507"}],"curies":[{"name":"wp","href":"https:\/\/api.w.org\/{rel}","templated":true}]}}