{"id":64153,"date":"2025-07-21T00:01:00","date_gmt":"2025-07-21T06:01:00","guid":{"rendered":"https:\/\/www.opinionpublica.tv\/portada\/?p=64153"},"modified":"2025-07-20T20:32:57","modified_gmt":"2025-07-21T02:32:57","slug":"la-lista-de-panama","status":"publish","type":"post","link":"https:\/\/www.opinionpublica.tv\/portada\/la-lista-de-panama\/","title":{"rendered":"La lista de Panam\u00e1"},"content":{"rendered":"\n<h4 class=\"wp-block-heading\">Ra\u00fal Ruiz<\/h4>\n\n\n\n<p class=\"wp-block-paragraph\">___________________________<\/p>\n\n\n\n<p class=\"wp-block-paragraph\">De los creadores de&#8230; La narcolista secreta de Marco Rubio&#8230; Y de los realizadores locales de&#8230; \u00abFuentes an\u00f3nimas dijeron\u00bb.<\/p>\n\n\n\n<p class=\"wp-block-paragraph\">Viene ahora el estreno de&#8230; \u00abLa lista de Panam\u00e1\u00bb.<\/p>\n\n\n\n<p class=\"wp-block-paragraph\">Donde dan por hecho que los personajes que a continuaci\u00f3n se mencionan, son sujetos de investigaci\u00f3n y pronto ser\u00e1n procesados por ser parte de una compleja red criminal.<\/p>\n\n\n\n<p class=\"wp-block-paragraph\">La lista en cuesti\u00f3n, enumera por orden de aparici\u00f3n e importancia, a: Los L\u00f3pez, (incluyendo, el Conde Dr\u00e1cula).<\/p>\n\n\n\n<p class=\"wp-block-paragraph\">AMLO, Andy, Gonzalo Alfonso; Ad\u00e1n Augusto.<\/p>\n\n\n\n<p class=\"wp-block-paragraph\">Los Monreal, Ricardo, David, Katya.<\/p>\n\n\n\n<p class=\"wp-block-paragraph\">El viejo Bartlett; el secretario de Educaci\u00f3n, Mario Delgado; la gobernadora de Veracruz, Roc\u00edo Nahle Garc\u00eda; el gobernador de Tamaulipas, Am\u00e9rico Villarreal; el secretario de Econom\u00eda, Marcelo Ebrard; la gobernadora de la CDMX, Claudia Marina Brugada; y al periodista, Jes\u00fas Ram\u00edrez Cu\u00e9llar.<\/p>\n\n\n\n<p class=\"wp-block-paragraph\">Pues nada&#8230;<\/p>\n\n\n\n<p class=\"wp-block-paragraph\">El comunicador venido a menos, Pedro Ferriz de Con, se avent\u00f3 la charra de que&#8230;<\/p>\n\n\n\n<p class=\"wp-block-paragraph\">\u00ab&#8230; El Comando Norte del ej\u00e9rcito norteamericano y la Marina de los Estados Unidos, me envi\u00f3 esta lista, y yo, de manera responsable, se la hago del conocimiento a mi audiencia \u00ab. (Sic)<\/p>\n\n\n\n<p class=\"wp-block-paragraph\">Dice Ferriz que, el famoso desconocido \u00abComando Norte del Ej\u00e9rcito norteamericano, est\u00e1 haciendo investigaciones financieras para ver qu\u00e9 pol\u00edticos mexicanos est\u00e1n ligados con ingresos extraordinarios e inexplicables\u00bb.<\/p>\n\n\n\n<p class=\"wp-block-paragraph\">Y nos cuenta en un v\u00eddeo, que encontraron esta lista revisando cuentas bancarias de Panam\u00e1.<\/p>\n\n\n\n<p class=\"wp-block-paragraph\">No dice en qu\u00e9 bancos ni a cu\u00e1nto ascienden las cuentas&#8230; Ni en pesos, d\u00f3lares, euros, o pancholares.<\/p>\n\n\n\n<p class=\"wp-block-paragraph\">No hace falta, con esto tiene para darle carnita a los &#8216;haters&#8217; de la 4t, quienes de inmediato dar\u00e1n por cierto:<\/p>\n\n\n\n<p class=\"wp-block-paragraph\">1. Que existe el mencionado \u00abCOMANDO NORTE DEL EJ\u00c9RCITO NORTEAMERICANO\u00bb.<\/p>\n\n\n\n<p class=\"wp-block-paragraph\">2. Que este comando, tiene las atribuciones especiales para investigar en cualquier parte del mundo, incluyendo, Panam\u00e1 y descubrir a los supuestos criminales mexicanos disfrazados de pol\u00edticos.<\/p>\n\n\n\n<p class=\"wp-block-paragraph\">3. Que esta lista es sustento legal para documentar los delitos, simplemente por ser una lista mencionada por el \u00ednclito periodista Ferriz de Con, fedatario p\u00fablico plenipotenciario de la naci\u00f3n.<\/p>\n\n\n\n<p class=\"wp-block-paragraph\">Muy curioso que en esta lista, no mencione a personajes m\u00e1s pesados cuya trayectoria como posibles malandros es m\u00e1s cre\u00edble, como Manlio Fabio Beltrones, la dinast\u00eda Salgado Macedonio de Guerrero; Los Moreira de Coahuila; los Murat de Oaxaca, o el mism\u00edsimo Ulises Ruiz. Y qu\u00e9 decir del gobernador potosino, el Pollo Gallardo.<\/p>\n\n\n\n<p class=\"wp-block-paragraph\">Ah, es que esa camada seguramente no agarr\u00f3 asesor financiero para Panam\u00e1.<\/p>\n\n\n\n<p class=\"wp-block-paragraph\">Ser\u00e1 para otra ocasi\u00f3n, cuando, ahora, \u00abEl Comando Sur del ej\u00e9rcito gringo\u00bb, le filtre la otra lista a Ferriz de Con, donde seguramente se\u00f1alar\u00e1 a los que le faltaron, y de pasadita embarrar\u00eda tambi\u00e9n al alcalde de Ju\u00e1rez.<\/p>\n\n\n\n<p class=\"wp-block-paragraph\">Ah, y por supuesto la sugerencia de un asesor financiero para Islas Caim\u00e1n, Suiza, o Islas V\u00edrgenes Brit\u00e1nicas.<\/p>\n\n\n\n<p class=\"wp-block-paragraph\">Las fuerzas extremistas que hoy enfrentan con todo al gobierno de Claudia Sheinbaum, le apuestan a dispersar rumores para reblandecer su poder.<\/p>\n\n\n\n<p class=\"wp-block-paragraph\">Sin embargo, no son tan expertos en el manejo de la Teor\u00eda del Rumor.<\/p>\n\n\n\n<p class=\"wp-block-paragraph\">La teor\u00eda del rumor estudia c\u00f3mo se originan, se difunden y evolucionan los rumores dentro de los grupos sociales.<\/p>\n\n\n\n<p class=\"wp-block-paragraph\">Es un campo fascinante porque revela tanto nuestras din\u00e1micas de comunicaci\u00f3n como nuestras emociones colectivas.<\/p>\n\n\n\n<p class=\"wp-block-paragraph\">Algunas de sus caracter\u00edsticas principales son:<\/p>\n\n\n\n<p class=\"wp-block-paragraph\">Propagaci\u00f3n informal<\/p>\n\n\n\n<p class=\"wp-block-paragraph\">Los rumores se transmiten de forma espont\u00e1nea, sin canales oficiales, a menudo de persona a persona o a trav\u00e9s de medios informales como redes sociales.<\/p>\n\n\n\n<p class=\"wp-block-paragraph\">Ambig\u00fcedad de origen.<\/p>\n\n\n\n<p class=\"wp-block-paragraph\">Generalmente, es informaci\u00f3n que tiene un leve porcentaje de verdad, lo que lo hace un tanto cre\u00edble, pero no se conoce con certeza qui\u00e9n inici\u00f3 el rumor ni su fuente original, lo que contribuye a su misterio y circulaci\u00f3n.<\/p>\n\n\n\n<p class=\"wp-block-paragraph\">Funci\u00f3n social.<\/p>\n\n\n\n<p class=\"wp-block-paragraph\">Sirven como herramientas para entender el entorno cuando hay incertidumbre o falta de informaci\u00f3n oficial.<\/p>\n\n\n\n<p class=\"wp-block-paragraph\">En tiempos de crisis, los rumores se multiplican.<\/p>\n\n\n\n<p class=\"wp-block-paragraph\">Interpretaci\u00f3n subjetiva.<\/p>\n\n\n\n<p class=\"wp-block-paragraph\">Los individuos interpretan el contenido del rumor seg\u00fan sus creencias, miedos o deseos, lo que puede distorsionar el mensaje original.<\/p>\n\n\n\n<p class=\"wp-block-paragraph\">Amplificaci\u00f3n emocional.<\/p>\n\n\n\n<p class=\"wp-block-paragraph\">Un rumor tiende a ser m\u00e1s poderoso cuando apela a emociones fuertes como miedo, esperanza o indignaci\u00f3n.<\/p>\n\n\n\n<p class=\"wp-block-paragraph\">Componentes de credibilidad.<\/p>\n\n\n\n<p class=\"wp-block-paragraph\">Para que un rumor se sostenga, debe parecer cre\u00edble.<\/p>\n\n\n\n<p class=\"wp-block-paragraph\">Esto depende de qui\u00e9n lo difunde, c\u00f3mo se presenta y si coincide con lo que las personas ya creen.<\/p>\n\n\n\n<p class=\"wp-block-paragraph\">Modelos cl\u00e1sicos.<\/p>\n\n\n\n<p class=\"wp-block-paragraph\">Una de las teor\u00edas m\u00e1s conocidas es el modelo de Allport y Postman, que sostiene que la intensidad del rumor depende de su importancia para quien lo oye, y de la ambig\u00fcedad de los hechos.<\/p>\n\n\n\n<p class=\"wp-block-paragraph\">Su famosa f\u00f3rmula es.<\/p>\n\n\n\n<p class=\"wp-block-paragraph\">Rumor = importancia \u00d7 ambig\u00fcedad.<\/p>\n\n\n\n<p class=\"wp-block-paragraph\">En Chihuahua, los rumores han tenido un impacto profundo en distintos niveles: desde la percepci\u00f3n ciudadana hasta estrategias pol\u00edticas y de seguridad.<\/p>\n\n\n\n<p class=\"wp-block-paragraph\">Aqu\u00ed un par de casos recientes en Chihuahua, que ilustran c\u00f3mo operan y qu\u00e9 efectos generan:<\/p>\n\n\n\n<p class=\"wp-block-paragraph\">1. Rumores como herramienta del crimen organizado.<\/p>\n\n\n\n<p class=\"wp-block-paragraph\">Seg\u00fan el Fiscal General C\u00e9sar J\u00e1uregui, algunos grupos delictivos han utilizado rumores y mensajes como parte de su estrategia para generar alarma social y desestabilizar.<\/p>\n\n\n\n<p class=\"wp-block-paragraph\">Estos rumores suelen circular en redes sociales o por mensajer\u00eda, provocando miedo y confusi\u00f3n, especialmente en momentos de tensi\u00f3n como las fiestas patrias.<\/p>\n\n\n\n<p class=\"wp-block-paragraph\">2. Rumores como desgaste pol\u00edtico.<\/p>\n\n\n\n<p class=\"wp-block-paragraph\">En Ju\u00e1rez, se ha observado lo que llamamos \u201coperaci\u00f3n de descr\u00e9dito sist\u00e9mico\u201d.<\/p>\n\n\n\n<p class=\"wp-block-paragraph\">Se trata de campa\u00f1as de rumores que buscan erosionar la legitimidad de figuras p\u00fablicas, como Cruz P\u00e9rez Cu\u00e9llar, mediante acusaciones sin pruebas.<\/p>\n\n\n\n<p class=\"wp-block-paragraph\">Estas narrativas apelan a s\u00edmbolos externos (DEA, FBI, etc.) para darles un aire de veracidad, aunque carezcan de sustento.<\/p>\n\n\n\n<p class=\"wp-block-paragraph\">En este contexto, el rumor se convierte en una herramienta de guerra simb\u00f3lica.<\/p>\n\n\n\n<p class=\"wp-block-paragraph\">Estos ejemplos muestran que en Chihuahua, el rumor no es solo un fen\u00f3meno comunicativo: es una fuerza que puede moldear narrativas, influir en decisiones y alterar la percepci\u00f3n colectiva.<\/p>\n\n\n\n<p class=\"wp-block-paragraph\">Conforme nos vayamos acercando al proceso electoral del 27, iremos consumiendo m\u00e1s rumores.<\/p>\n\n\n\n<p class=\"wp-block-paragraph\">Lo divertido va a ser, observar c\u00f3mo la gente ir\u00e1 desechando la informaci\u00f3n, o acept\u00e1ndola y difundi\u00e9ndola.<\/p>\n\n\n\n<p class=\"wp-block-paragraph\">Tambi\u00e9n ser\u00e1 interesante ver c\u00f3mo manejan el rumor los personajes afectados por el mismo. Qu\u00e9 nervios.<\/p>\n","protected":false},"excerpt":{"rendered":"<p>Ra\u00fal Ruiz ___________________________ De los creadores de&#8230; La narcolista secreta de Marco Rubio&#8230; Y de los realizadores locales de&#8230; \u00abFuentes an\u00f3nimas dijeron\u00bb. Viene ahora el estreno de&#8230; \u00abLa lista de Panam\u00e1\u00bb. Donde dan por hecho que los personajes que a continuaci\u00f3n se mencionan, son sujetos de investigaci\u00f3n y pronto ser\u00e1n procesados por ser parte de [&hellip;]<\/p>\n","protected":false},"author":6,"featured_media":43347,"comment_status":"closed","ping_status":"closed","sticky":false,"template":"","format":"standard","meta":{"_acf_changed":false,"_monsterinsights_skip_tracking":false,"slim_seo":{"title":"La lista de Panam\u00e1 - Opini\u00f3n P\u00fablica","description":"Ra\u00fal Ruiz ___________________________ De los creadores de... La narcolista secreta de Marco Rubio... Y de los realizadores locales de... \"Fuentes an\u00f3nimas dijer"},"footnotes":""},"categories":[21],"tags":[593],"class_list":["post-64153","post","type-post","status-publish","format-standard","has-post-thumbnail","hentry","category-cartapacio","tag-cartapacio"],"acf":[],"_links":{"self":[{"href":"https:\/\/www.opinionpublica.tv\/portada\/wp-json\/wp\/v2\/posts\/64153","targetHints":{"allow":["GET"]}}],"collection":[{"href":"https:\/\/www.opinionpublica.tv\/portada\/wp-json\/wp\/v2\/posts"}],"about":[{"href":"https:\/\/www.opinionpublica.tv\/portada\/wp-json\/wp\/v2\/types\/post"}],"author":[{"embeddable":true,"href":"https:\/\/www.opinionpublica.tv\/portada\/wp-json\/wp\/v2\/users\/6"}],"replies":[{"embeddable":true,"href":"https:\/\/www.opinionpublica.tv\/portada\/wp-json\/wp\/v2\/comments?post=64153"}],"version-history":[{"count":4,"href":"https:\/\/www.opinionpublica.tv\/portada\/wp-json\/wp\/v2\/posts\/64153\/revisions"}],"predecessor-version":[{"id":64160,"href":"https:\/\/www.opinionpublica.tv\/portada\/wp-json\/wp\/v2\/posts\/64153\/revisions\/64160"}],"wp:featuredmedia":[{"embeddable":true,"href":"https:\/\/www.opinionpublica.tv\/portada\/wp-json\/wp\/v2\/media\/43347"}],"wp:attachment":[{"href":"https:\/\/www.opinionpublica.tv\/portada\/wp-json\/wp\/v2\/media?parent=64153"}],"wp:term":[{"taxonomy":"category","embeddable":true,"href":"https:\/\/www.opinionpublica.tv\/portada\/wp-json\/wp\/v2\/categories?post=64153"},{"taxonomy":"post_tag","embeddable":true,"href":"https:\/\/www.opinionpublica.tv\/portada\/wp-json\/wp\/v2\/tags?post=64153"}],"curies":[{"name":"wp","href":"https:\/\/api.w.org\/{rel}","templated":true}]}}