{"id":64148,"date":"2025-07-21T00:01:00","date_gmt":"2025-07-21T06:01:00","guid":{"rendered":"https:\/\/www.opinionpublica.tv\/portada\/?p=64148"},"modified":"2025-07-20T13:48:28","modified_gmt":"2025-07-20T19:48:28","slug":"gobierno-estatal-entrego-estimulos-economicos-para-emprendedores-indigenas","status":"publish","type":"post","link":"https:\/\/www.opinionpublica.tv\/portada\/gobierno-estatal-entrego-estimulos-economicos-para-emprendedores-indigenas\/","title":{"rendered":"El gobierno estatal entreg\u00f3 est\u00edmulos econ\u00f3micos para emprendedores ind\u00edgenas"},"content":{"rendered":"\n<figure class=\"wp-block-image size-large\"><img fetchpriority=\"high\" decoding=\"async\" width=\"1024\" height=\"682\" src=\"https:\/\/www.opinionpublica.tv\/portada\/wp-content\/uploads\/2025\/07\/El-gobierno-estatal-entrego-estimulos-economicos-para-emprendedores-indigenas-1024x682.jpeg\" alt=\"El gobierno estatal entrego\u0301 esti\u0301mulos econo\u0301micos para emprendedores indi\u0301genas\" class=\"wp-image-64151\" srcset=\"https:\/\/www.opinionpublica.tv\/portada\/wp-content\/uploads\/2025\/07\/El-gobierno-estatal-entrego-estimulos-economicos-para-emprendedores-indigenas-1024x682.jpeg 1024w, https:\/\/www.opinionpublica.tv\/portada\/wp-content\/uploads\/2025\/07\/El-gobierno-estatal-entrego-estimulos-economicos-para-emprendedores-indigenas-300x200.jpeg 300w, https:\/\/www.opinionpublica.tv\/portada\/wp-content\/uploads\/2025\/07\/El-gobierno-estatal-entrego-estimulos-economicos-para-emprendedores-indigenas-768x511.jpeg 768w, https:\/\/www.opinionpublica.tv\/portada\/wp-content\/uploads\/2025\/07\/El-gobierno-estatal-entrego-estimulos-economicos-para-emprendedores-indigenas-1536x1022.jpeg 1536w, https:\/\/www.opinionpublica.tv\/portada\/wp-content\/uploads\/2025\/07\/El-gobierno-estatal-entrego-estimulos-economicos-para-emprendedores-indigenas.jpeg 1600w\" sizes=\"(max-width: 1024px) 100vw, 1024px\" \/><\/figure>\n\n\n\n<p class=\"wp-block-paragraph\"><em>Chihuahua, Chih<\/em>.- Con el objetivo de impulsar el desarrollo y el autoempleo entre los pueblos originarios, la Secretar\u00eda de Pueblos y Comunidades Ind\u00edgenas (SPyCI), entreg\u00f3 est\u00edmulos econ\u00f3micos a emprendedores de diferentes grupos ind\u00edgenas en la entidad.<\/p>\n\n\n\n<p class=\"wp-block-paragraph\">Como parte del Programa de Desarrollo de la dependencia, se entregaron un total de 57 cheques con un valor de 25 mil pesos a los proyectos seleccionados gracias a una inversi\u00f3n de un mill\u00f3n 552 mil 732 pesos.<\/p>\n\n\n\n<p class=\"wp-block-paragraph\">Eusebio Toribio, Marcelina Bustillos y Genoveva Aguilar, recibieron los distintivos correspondientes en representaci\u00f3n de todos los acreedores.<\/p>\n\n\n\n<p class=\"wp-block-paragraph\">Los beneficiarios pertenecen a las etnias Rar\u00e1muri, Warij\u00f3, \u00d3dami, Pima, N\u2019dee\/N\u2019nee\/Nd\u00e9, as\u00ed como a grupos ind\u00edgenas residentes en la entidad como el Chinanteco y el Mixteco.<\/p>\n\n\n\n<p class=\"wp-block-paragraph\">Las propuestas que fueron seleccionadas para recibir los incentivos son micronegocios dedicados a la manufactura textil, gastronom\u00eda, producci\u00f3n de artesan\u00edas, carpinter\u00edas, talabarter\u00eda y al sector hort\u00edcola, de entre las cuales 40 pertenecen a madres solteras o en situaci\u00f3n de vulnerabilidad.<\/p>\n\n\n\n<p class=\"wp-block-paragraph\">El evento fue encabezado por el titular de la SPyCI, Enrique Rasc\u00f3n Carrillo, y se cont\u00f3 con la presencia de la presidenta del DIF Estatal, Mar\u00eda Eugenia Galv\u00e1n; as\u00ed como del diputado local Arturo Medina.<\/p>\n\n\n\n<p class=\"wp-block-paragraph\">Tambi\u00e9n estuvieron presentes presidentes municipales de distintas localidades de la Sierra Tarahumara, quienes han sido parte fundamental en la gesti\u00f3n de recursos y programas para las comunidades ind\u00edgenas.<\/p>\n","protected":false},"excerpt":{"rendered":"<p>Chihuahua, Chih.- Con el objetivo de impulsar el desarrollo y el autoempleo entre los pueblos originarios, la Secretar\u00eda de Pueblos y Comunidades Ind\u00edgenas (SPyCI), entreg\u00f3 est\u00edmulos econ\u00f3micos a emprendedores de diferentes grupos ind\u00edgenas en la entidad. Como parte del Programa de Desarrollo de la dependencia, se entregaron un total de 57 cheques con un valor [&hellip;]<\/p>\n","protected":false},"author":6,"featured_media":64151,"comment_status":"closed","ping_status":"closed","sticky":false,"template":"","format":"standard","meta":{"_acf_changed":false,"_monsterinsights_skip_tracking":false,"slim_seo":{"title":"El gobierno estatal entreg\u00f3 est\u00edmulos econ\u00f3micos para emprendedores ind\u00edgenas - Opini\u00f3n P\u00fablica","description":"Chihuahua, Chih .- Con el objetivo de impulsar el desarrollo y el autoempleo entre los pueblos originarios, la Secretar\u00eda de Pueblos y Comunidades Ind\u00edgenas (SP"},"footnotes":""},"categories":[11],"tags":[],"class_list":["post-64148","post","type-post","status-publish","format-standard","has-post-thumbnail","hentry","category-tendencias"],"acf":[],"_links":{"self":[{"href":"https:\/\/www.opinionpublica.tv\/portada\/wp-json\/wp\/v2\/posts\/64148","targetHints":{"allow":["GET"]}}],"collection":[{"href":"https:\/\/www.opinionpublica.tv\/portada\/wp-json\/wp\/v2\/posts"}],"about":[{"href":"https:\/\/www.opinionpublica.tv\/portada\/wp-json\/wp\/v2\/types\/post"}],"author":[{"embeddable":true,"href":"https:\/\/www.opinionpublica.tv\/portada\/wp-json\/wp\/v2\/users\/6"}],"replies":[{"embeddable":true,"href":"https:\/\/www.opinionpublica.tv\/portada\/wp-json\/wp\/v2\/comments?post=64148"}],"version-history":[{"count":2,"href":"https:\/\/www.opinionpublica.tv\/portada\/wp-json\/wp\/v2\/posts\/64148\/revisions"}],"predecessor-version":[{"id":64152,"href":"https:\/\/www.opinionpublica.tv\/portada\/wp-json\/wp\/v2\/posts\/64148\/revisions\/64152"}],"wp:featuredmedia":[{"embeddable":true,"href":"https:\/\/www.opinionpublica.tv\/portada\/wp-json\/wp\/v2\/media\/64151"}],"wp:attachment":[{"href":"https:\/\/www.opinionpublica.tv\/portada\/wp-json\/wp\/v2\/media?parent=64148"}],"wp:term":[{"taxonomy":"category","embeddable":true,"href":"https:\/\/www.opinionpublica.tv\/portada\/wp-json\/wp\/v2\/categories?post=64148"},{"taxonomy":"post_tag","embeddable":true,"href":"https:\/\/www.opinionpublica.tv\/portada\/wp-json\/wp\/v2\/tags?post=64148"}],"curies":[{"name":"wp","href":"https:\/\/api.w.org\/{rel}","templated":true}]}}