{"id":64124,"date":"2025-07-21T00:01:00","date_gmt":"2025-07-21T06:01:00","guid":{"rendered":"https:\/\/www.opinionpublica.tv\/portada\/?p=64124"},"modified":"2025-07-20T13:20:44","modified_gmt":"2025-07-20T19:20:44","slug":"siete-de-cada-10-tienditas-en-riesgo-de-cerrar-ante-inflacion-y-bajas-ventas","status":"publish","type":"post","link":"https:\/\/www.opinionpublica.tv\/portada\/siete-de-cada-10-tienditas-en-riesgo-de-cerrar-ante-inflacion-y-bajas-ventas\/","title":{"rendered":"Siete de cada 10 tienditas en riesgo de cerrar ante la inflaci\u00f3n y bajas ventas"},"content":{"rendered":"\n<figure class=\"wp-block-image size-full\"><img fetchpriority=\"high\" decoding=\"async\" width=\"700\" height=\"450\" src=\"https:\/\/www.opinionpublica.tv\/portada\/wp-content\/uploads\/2025\/07\/Siete-de-cada-10-tienditas-en-riesgo-de-cerrar-ante-la-inflacion-y-bajas-ventas.jpg\" alt=\"Siete de cada 10 tienditas en riesgo de cerrar ante la inflacio\u0301n y bajas ventas\" class=\"wp-image-64127\" srcset=\"https:\/\/www.opinionpublica.tv\/portada\/wp-content\/uploads\/2025\/07\/Siete-de-cada-10-tienditas-en-riesgo-de-cerrar-ante-la-inflacion-y-bajas-ventas.jpg 700w, https:\/\/www.opinionpublica.tv\/portada\/wp-content\/uploads\/2025\/07\/Siete-de-cada-10-tienditas-en-riesgo-de-cerrar-ante-la-inflacion-y-bajas-ventas-300x193.jpg 300w\" sizes=\"(max-width: 700px) 100vw, 700px\" \/><\/figure>\n\n\n\n<p class=\"wp-block-paragraph\">La inflaci\u00f3n, la falta de ventas y la extorsi\u00f3n llevan a siete de cada 10 tienditas a estar en riesgo de cerrar definitivamente, revela la Alianza Nacional de Peque\u00f1os Comerciantes (ANPEC).<\/p>\n\n\n\n<p class=\"wp-block-paragraph\">De acuerdo con la Encuesta #25: Pulso de la Tienda de Barrio 2025 de la Anpec, 68.3% de las tienditas se han visto en la necesidad de cerrar temporalmente, ya sea un d\u00eda entre semana o por horas, para asegurar su permanencia.<\/p>\n\n\n\n<p class=\"wp-block-paragraph\">Incluso, el 77% dice sentir que su negocio est\u00e1 en riesgo de cerrar definitivamente y para evitarlo tres de cada 10 negocios han dejado de pagar servicios b\u00e1sicos como, agua o predial.<\/p>\n\n\n\n<p class=\"wp-block-paragraph\">\u201cNo es opci\u00f3n desistir, pero resistir cuesta cada vez m\u00e1s esfuerzo. Esta resiliencia es dolorosa. Las tienditas aguantan, no por ganancia, sino por compromiso. Venden con p\u00e9rdida, resisten sin apoyo, y siguen por orgullo\u201d, se\u00f1al\u00f3 Cuauht\u00e9moc Rivera, presidente de Anpec.<\/p>\n\n\n\n<p class=\"wp-block-paragraph\">Los principales factores que est\u00e1n llevando a estos negocios al cierre son el aumento de precios, ocasionado por la inflaci\u00f3n, el bajo n\u00famero de ventas y la extorsi\u00f3n, debido a que cuatro de cada 10 negocios viven extorsi\u00f3n, ya sea de telef\u00f3nica o de pandillas locales.<\/p>\n\n\n\n<p class=\"wp-block-paragraph\">\u201cEl fen\u00f3meno de la extorsi\u00f3n est\u00e1 presente en casi todas las actividades comerciales, desde barrios alejados hasta zonas urbanas con mayor capacidad de consumo. La extorsi\u00f3n es el principal problema que enfrenta el peque\u00f1o comercio en M\u00e9xico\u201d, se\u00f1al\u00f3 Cuauht\u00e9moc Rivera.<\/p>\n\n\n\n<p class=\"wp-block-paragraph\">Negocios que resisten, pero con p\u00e9rdidas<\/p>\n\n\n\n<p class=\"wp-block-paragraph\">La encuesta, que cont\u00f3 con la participaci\u00f3n de 3,000 comerciantes, destaca que 62.9% de los peque\u00f1os negocios ha tenido que vender a perdidas, es decir, comercializar los productos a costo de proveedor, sin obtener ganancias, s\u00f3lo para mantener el negocio.<\/p>\n\n\n\n<p class=\"wp-block-paragraph\">De hecho 72.8% ha reducido su margen de ganancia y 53% se ha visto en la necesidad de cambiar de proveedor o marca, por una de menor costo para resurtir el inventario y continuar ofreciendo un producto al consumidor.<\/p>\n\n\n\n<p class=\"wp-block-paragraph\">El comerciante no solo vende, tambi\u00e9n amortigua el golpe de la inflaci\u00f3n para no perder a su cliente. Reduce sus ganancias a fin de que el cliente regrese\u201d, destaca Cuauht\u00e9moc Rivera.<\/p>\n\n\n\n<p class=\"wp-block-paragraph\">El impacto de la inflaci\u00f3n<\/p>\n\n\n\n<p class=\"wp-block-paragraph\">La inflaci\u00f3n ha impactado en la capacidad de compra de los consumidores, quienes apuestan por productos m\u00e1s econ\u00f3micos, de hecho, el 75% de las tienditas dice haber perdido clientes porque prefieren productos m\u00e1s econ\u00f3micos. Adem\u00e1s, se\u00f1alan el aumento de gente que pide fiado.<\/p>\n\n\n\n<p class=\"wp-block-paragraph\">\u201cHay una competencia feroz entre el canal informal, de convenciones inca y el canal tradicional\u201d.<\/p>\n\n\n\n<p class=\"wp-block-paragraph\">Los comerciantes consideran que la inflaci\u00f3n fue peor este a\u00f1o, lo cual ha llevado a que las personas cada vez compren menos productos, pues gastan en promedio 100 pesos al d\u00eda y ya dejaron de consumir comida enlatada y pan de caja.<\/p>\n\n\n\n<p class=\"wp-block-paragraph\">Esto es reflejo de que los clientes est\u00e1n apostando a comprar por precio y no por calidad. \u201cEl comercio vive una paradoja: las tiendas est\u00e1n abiertas, pero los refrigeradores vac\u00edos. El poder adquisitivo se ha roto y la inflaci\u00f3n alimentaria marca cada decisi\u00f3n de supervivencia\u201d.<\/p>\n\n\n\n<p class=\"wp-block-paragraph\">Perfil del tendero<\/p>\n\n\n\n<p class=\"wp-block-paragraph\">El informe de la Anpec destaca que ocho de cada 10 tienditas son de abarrotes y 62% tienen menos de 10 a\u00f1os. Adem\u00e1s, la mitad opera desde casa.<\/p>\n\n\n\n<p class=\"wp-block-paragraph\">Un punto importante a destacar es que estos negocios, que \u201cson el tejido del barrio\u201d, son creado, en el 32% de los casos por necesidad, ante el desempleo o despido y 48% como una forma de emprendimiento.<\/p>\n\n\n\n<p class=\"wp-block-paragraph\">Es este esp\u00edritu emprendedor el que los lleva a ser resilientes y continuar a pesar de las p\u00e9rdidas econ\u00f3micas. \u201cLas tienditas aguantan, no por ganancia, sino por orgullo\u201d, puntualiz\u00f3.<\/p>\n\n\n\n<p class=\"wp-block-paragraph\"><em>Con informaci\u00f3n de El Economista<\/em>.<\/p>\n","protected":false},"excerpt":{"rendered":"<p>La inflaci\u00f3n, la falta de ventas y la extorsi\u00f3n llevan a siete de cada 10 tienditas a estar en riesgo de cerrar definitivamente, revela la Alianza Nacional de Peque\u00f1os Comerciantes (ANPEC). De acuerdo con la Encuesta #25: Pulso de la Tienda de Barrio 2025 de la Anpec, 68.3% de las tienditas se han visto en [&hellip;]<\/p>\n","protected":false},"author":6,"featured_media":64127,"comment_status":"closed","ping_status":"closed","sticky":false,"template":"","format":"standard","meta":{"_acf_changed":false,"_monsterinsights_skip_tracking":false,"slim_seo":{"title":"Siete de cada 10 tienditas en riesgo de cerrar ante la inflaci\u00f3n y bajas ventas - Opini\u00f3n P\u00fablica","description":"La inflaci\u00f3n, la falta de ventas y la extorsi\u00f3n llevan a siete de cada 10 tienditas a estar en riesgo de cerrar definitivamente, revela la Alianza Nacional de P"},"footnotes":""},"categories":[3],"tags":[],"class_list":["post-64124","post","type-post","status-publish","format-standard","has-post-thumbnail","hentry","category-principal"],"acf":[],"_links":{"self":[{"href":"https:\/\/www.opinionpublica.tv\/portada\/wp-json\/wp\/v2\/posts\/64124","targetHints":{"allow":["GET"]}}],"collection":[{"href":"https:\/\/www.opinionpublica.tv\/portada\/wp-json\/wp\/v2\/posts"}],"about":[{"href":"https:\/\/www.opinionpublica.tv\/portada\/wp-json\/wp\/v2\/types\/post"}],"author":[{"embeddable":true,"href":"https:\/\/www.opinionpublica.tv\/portada\/wp-json\/wp\/v2\/users\/6"}],"replies":[{"embeddable":true,"href":"https:\/\/www.opinionpublica.tv\/portada\/wp-json\/wp\/v2\/comments?post=64124"}],"version-history":[{"count":2,"href":"https:\/\/www.opinionpublica.tv\/portada\/wp-json\/wp\/v2\/posts\/64124\/revisions"}],"predecessor-version":[{"id":64128,"href":"https:\/\/www.opinionpublica.tv\/portada\/wp-json\/wp\/v2\/posts\/64124\/revisions\/64128"}],"wp:featuredmedia":[{"embeddable":true,"href":"https:\/\/www.opinionpublica.tv\/portada\/wp-json\/wp\/v2\/media\/64127"}],"wp:attachment":[{"href":"https:\/\/www.opinionpublica.tv\/portada\/wp-json\/wp\/v2\/media?parent=64124"}],"wp:term":[{"taxonomy":"category","embeddable":true,"href":"https:\/\/www.opinionpublica.tv\/portada\/wp-json\/wp\/v2\/categories?post=64124"},{"taxonomy":"post_tag","embeddable":true,"href":"https:\/\/www.opinionpublica.tv\/portada\/wp-json\/wp\/v2\/tags?post=64124"}],"curies":[{"name":"wp","href":"https:\/\/api.w.org\/{rel}","templated":true}]}}