{"id":63957,"date":"2025-07-18T00:01:00","date_gmt":"2025-07-18T06:01:00","guid":{"rendered":"https:\/\/www.opinionpublica.tv\/portada\/?p=63957"},"modified":"2025-07-17T19:54:29","modified_gmt":"2025-07-18T01:54:29","slug":"el-rumor-como-factor-desgaste","status":"publish","type":"post","link":"https:\/\/www.opinionpublica.tv\/portada\/el-rumor-como-factor-desgaste\/","title":{"rendered":"El rumor como factor desgaste"},"content":{"rendered":"\n<h4 class=\"wp-block-heading\">Ra\u00fal Ruiz<\/h4>\n\n\n\n<p class=\"wp-block-paragraph\">___________________________<\/p>\n\n\n\n<p class=\"wp-block-paragraph\">En un escenario pol\u00edtico como el de Ju\u00e1rez, donde las narrativas adquieren tintes simb\u00f3licos y estrat\u00e9gicos, las acusaciones infundadas podr\u00edan encajar en lo que algunos analistas llamamos \u201coperaci\u00f3n de descr\u00e9dito sist\u00e9mico\u201d.<\/p>\n\n\n\n<p class=\"wp-block-paragraph\">Es decir, crear una campa\u00f1a que no s\u00f3lo busca da\u00f1ar la reputaci\u00f3n del individuo, sino instalar una duda colectiva sobre su legitimidad moral y pol\u00edtica.<\/p>\n\n\n\n<p class=\"wp-block-paragraph\">Se\u00f1alar sin pruebas puede activar mecanismos de desconfianza institucional, afectando no s\u00f3lo a la figura objetivo, sino a la credibilidad del sistema.<\/p>\n\n\n\n<p class=\"wp-block-paragraph\">Esta semana, ha sido muy singular en una narrativa provocadora, donde el rumor,&nbsp; es factor de desgaste.<\/p>\n\n\n\n<p class=\"wp-block-paragraph\">Le llamar\u00e9, \u00abLa Sombra de Langley\u00bb a este rumor que sugiere un tinte conspirativo y externo, evocando agencias internacionales como la DEA, FBI, OFAC, CBP, HSI.<\/p>\n\n\n\n<p class=\"wp-block-paragraph\">Informaci\u00f3n dudosa dirigida en una \u00aboperaci\u00f3n aguij\u00f3n\u00bb que da la idea de un ataque sutil pero venenoso, que busca paralizar sin evidencia contundente.<\/p>\n\n\n\n<p class=\"wp-block-paragraph\">Para luego consolidar un proyecto \u00abCortina Gris\u00bb, desde donde se invoca la idea de una cortina de humo que se camufla de \u201cinvestigaci\u00f3n seria\u201d pero carece de sustancia.<\/p>\n\n\n\n<p class=\"wp-block-paragraph\">Mientras se teje este entramado negro, las v\u00edctimas de estos ataques, permanecen en silencio, no saben si hacer una estrategia de contenci\u00f3n o dejar pasar la bola.<\/p>\n\n\n\n<p class=\"wp-block-paragraph\">La campa\u00f1a negra puede ser revertida simb\u00f3licamente con estrategias que apelen a la transparencia, la verdad comprobada y el di\u00e1logo \u00e9tico.<\/p>\n\n\n\n<p class=\"wp-block-paragraph\">Es posible repeler esta intenci\u00f3n destructiva desarrollando una respuesta narrativa que convierta la agresi\u00f3n en una oportunidad de reflexi\u00f3n pol\u00edtica y \u00e9tica.<\/p>\n\n\n\n<p class=\"wp-block-paragraph\">Pero a m\u00ed no me corresponde defender a ning\u00fan personaje, m\u00e1xime si no piden mis servicios profesionales.<\/p>\n\n\n\n<p class=\"wp-block-paragraph\">Lo que s\u00ed puedo hacer, es literatura.<\/p>\n\n\n\n<p class=\"wp-block-paragraph\">\u201cEl Juicio de las Sombras\u201d<\/p>\n\n\n\n<p class=\"wp-block-paragraph\">En las avenidas donde la verdad camina sin escolta, surgi\u00f3 una figura envuelta por rumores.<\/p>\n\n\n\n<p class=\"wp-block-paragraph\">Cruz P\u00e9rez Cu\u00e9llar, m\u00e1s que nombre, se volvi\u00f3 s\u00edmbolo: no de culpa, sino de lo que ocurre cuando la sospecha se fabrica con tinta ajena.<\/p>\n\n\n\n<p class=\"wp-block-paragraph\">Desde los pasillos oscuros del poder se lanz\u00f3 la Operaci\u00f3n Aguij\u00f3n, disfrazada de justicia, sin pruebas, sin rostro leg\u00edtimo.<\/p>\n\n\n\n<p class=\"wp-block-paragraph\">La DEA, y otras agencias, invocadas como espectro, se volvieron el tel\u00f3n de fondo de una dramaturgia cuya \u00fanica intenci\u00f3n es la de sembrar desconfianza.<\/p>\n\n\n\n<p class=\"wp-block-paragraph\">No hubo sentencia, pero s\u00ed un veredicto medi\u00e1tico. No hubo hechos, s\u00f3lo ecos.<\/p>\n\n\n\n<p class=\"wp-block-paragraph\">Pero en CJTOWN, donde el valor no se mide en oro sino en palabra, una resistencia \u00e9tica se levanta.<\/p>\n\n\n\n<p class=\"wp-block-paragraph\">A trav\u00e9s de un movimiento de jiu jitsu se expuso la falacia: que la justicia sin transparencia es s\u00f3lo teatro, y que el poder sin \u00e9tica es ruido.<\/p>\n\n\n\n<p class=\"wp-block-paragraph\">El pueblo mir\u00f3 m\u00e1s all\u00e1 de la cortina gris.<\/p>\n\n\n\n<p class=\"wp-block-paragraph\">En la era de la posverdad, eligi\u00f3 construir con lucidez, no con miedo.<\/p>\n\n\n\n<p class=\"wp-block-paragraph\">As\u00ed, Cruz \u2014sea personaje o persona\u2014 pas\u00f3 de ser blanco f\u00e1cil a ser espejo: reflejo de lo que el sistema puede hacer, y de lo que la sociedad puede rechazar.<\/p>\n\n\n\n<p class=\"wp-block-paragraph\">Todos sabemos que hay fuerzas desde el exterior que han buscado reblandecer la soberan\u00eda de nuestro pa\u00eds.<\/p>\n\n\n\n<p class=\"wp-block-paragraph\">Fueron seis a\u00f1os de intentos. Bueno ya siete, con la intenci\u00f3n de destruir a Sheinbaum.<\/p>\n\n\n\n<p class=\"wp-block-paragraph\">La narrativa utilizada para buscar el GOLPE BLANDO, se fue gestando poco a poco.<\/p>\n\n\n\n<p class=\"wp-block-paragraph\">El prop\u00f3sito de descarrilamiento del gobierno de la 4T, llevo a crecer la idea de que Andr\u00e9s Manuel L\u00f3pez Obrador, lideraba un narco gobierno.<\/p>\n\n\n\n<p class=\"wp-block-paragraph\">Y ahora, la retah\u00edla contra la presidenta con A.<\/p>\n\n\n\n<p class=\"wp-block-paragraph\">Con la ayuda del gobierno norteamericano, se fue creando la narrativa maestra.<\/p>\n\n\n\n<p class=\"wp-block-paragraph\">\u00abEl gobierno de AMLO y ahora el de Sheinbaum obedecen a los intereses del narcoimperio.&nbsp; Y las corcholatas tambi\u00e9n.\u00bb<\/p>\n\n\n\n<p class=\"wp-block-paragraph\">En el v\u00f3rtice de una contienda marcada por tensiones soterradas y estrategias de desgaste, el nombre de Ad\u00e1n Augusto L\u00f3pez emerge tambi\u00e9n como blanco de acusaciones que buscan desdibujar su trayectoria desde el centro del poder.<\/p>\n\n\n\n<p class=\"wp-block-paragraph\">Vinculado de manera indirecta a una organizaci\u00f3n criminal identificada como \u201cLa Barredora,\u201d el senador enfrenta una campa\u00f1a de descr\u00e9dito que parece m\u00e1s fabricada para minar estructuras que para esclarecer verdades.<\/p>\n\n\n\n<p class=\"wp-block-paragraph\">En este tablero de intereses cruzados, la narrativa p\u00fablica se ve invadida por sospechas, silencios estrat\u00e9gicos y frases que encienden titulares.<\/p>\n\n\n\n<p class=\"wp-block-paragraph\">De forma colateral \u2014o tal vez intencionalmente sincronizada\u2014 la senadora Andrea Ch\u00e1vez se ve arrastrada por este oleaje, v\u00edctima del \u201cefecto sombra\u201d que ti\u00f1e a quienes comparten afinidades pol\u00edticas o simb\u00f3licas.<\/p>\n\n\n\n<p class=\"wp-block-paragraph\">La joven legisladora, conocida por su activismo y supuesta cercan\u00eda a causas sociales, enfrenta el desaf\u00edo de defender su integridad en medio de una din\u00e1mica donde los se\u00f1alamientos funcionan m\u00e1s como herramientas de erosi\u00f3n que como ejercicios leg\u00edtimos de fiscalizaci\u00f3n.<\/p>\n\n\n\n<p class=\"wp-block-paragraph\">Obviamente no es lo mismo embarrar al alcalde de CJTOWN, anotando su nombre a una fantasmag\u00f3rica lista de supuestos malandros de cuello blanco, que el se\u00f1alamiento directo y comprobado de tus colaboradores haciendo sus \u00abtravesuras\u00bb, bajo tu complacencia.<\/p>\n\n\n\n<p class=\"wp-block-paragraph\">En medio de este escenario, la narrativa oficial permanece en pausa.<\/p>\n\n\n\n<p class=\"wp-block-paragraph\">Mientras los adversarios politizan cada v\u00ednculo, cada fotograf\u00eda, cada nombre pronunciado, el silencio estrat\u00e9gico se convierte en arma y el descr\u00e9dito en t\u00e1ctica.<\/p>\n\n\n\n<p class=\"wp-block-paragraph\">Queda por ver si la verdad logra encontrar una tribuna entre tanto ruido, y si la dignidad pol\u00edtica podr\u00e1 reconstruirse desde la palabra firme y el compromiso \u00e9tico.<\/p>\n\n\n\n<p class=\"wp-block-paragraph\">Tiempos S\u00f3rdidos: Un Vaho Pol\u00edtico en Chihuahua<\/p>\n\n\n\n<p class=\"wp-block-paragraph\">En el escenario descompuesto de Chihuahua, la fetidez pol\u00edtica se ha vuelto atmosf\u00e9rica.<\/p>\n\n\n\n<p class=\"wp-block-paragraph\">C\u00e9sar Duarte represent\u00f3 el fest\u00edn del poder sin pudor, donde el erario se volvi\u00f3 feudo y la institucionalidad una mera formalidad decorativa.<\/p>\n\n\n\n<p class=\"wp-block-paragraph\">Luego lleg\u00f3 Javier Corral, anunciando una cruzada por la justicia con voz de redentor, pero cuyos actos dejaron entrever un mesianismo rencoroso que convirti\u00f3 la rendici\u00f3n de cuentas en espect\u00e1culo vengativo.<\/p>\n\n\n\n<p class=\"wp-block-paragraph\">Su gobierno, lejos de limpiar la cloaca, pareci\u00f3 usarla como catapulta para escalar reputaciones.<\/p>\n\n\n\n<p class=\"wp-block-paragraph\">Y as\u00ed, la ciudadan\u00eda, sedienta de redenci\u00f3n, qued\u00f3 varada entre el desencanto y la resignaci\u00f3n.<\/p>\n\n\n\n<p class=\"wp-block-paragraph\">Con la llegada de Maru Campos, el discurso se embelleci\u00f3, pero el hedor persistente no se disolvi\u00f3 con perfume.<\/p>\n\n\n\n<p class=\"wp-block-paragraph\">Las tensiones entre pasado y presente se tradujeron en silencios inc\u00f3modos y alianzas convenientes.<\/p>\n\n\n\n<p class=\"wp-block-paragraph\">Chihuahua se volvi\u00f3 un teatro de sombras donde las mismas figuras giran disfrazadas de renovaci\u00f3n.<\/p>\n\n\n\n<p class=\"wp-block-paragraph\">La infodemia no solo deform\u00f3 la verdad, sino que la convirti\u00f3 en mercanc\u00eda pol\u00edtica, vendida al mejor postor entre pantomimas y cortinas de humo.<\/p>\n\n\n\n<p class=\"wp-block-paragraph\">Los tiempos s\u00f3rdidos no nacieron en este sexenio, pero se perfeccionaron con una cadencia casi po\u00e9tica&#8230; cada acto m\u00e1s ensayado, cada esc\u00e1ndalo m\u00e1s digerible, cada indignaci\u00f3n m\u00e1s fugaz.<\/p>\n\n\n\n<p class=\"wp-block-paragraph\">Amigos&#8230;<\/p>\n\n\n\n<p class=\"wp-block-paragraph\">Cuando tengan informaci\u00f3n veraz, palpable, carnita para masticar, m\u00e1ndenmela.<\/p>\n\n\n\n<p class=\"wp-block-paragraph\">Si van a estar nadando en piletas de informaci\u00f3n dudosa y entramados negros sin sustento, no me inviten a su &#8216;black pool party&#8217;.<\/p>\n","protected":false},"excerpt":{"rendered":"<p>Ra\u00fal Ruiz ___________________________ En un escenario pol\u00edtico como el de Ju\u00e1rez, donde las narrativas adquieren tintes simb\u00f3licos y estrat\u00e9gicos, las acusaciones infundadas podr\u00edan encajar en lo que algunos analistas llamamos \u201coperaci\u00f3n de descr\u00e9dito sist\u00e9mico\u201d. Es decir, crear una campa\u00f1a que no s\u00f3lo busca da\u00f1ar la reputaci\u00f3n del individuo, sino instalar una duda colectiva sobre su [&hellip;]<\/p>\n","protected":false},"author":6,"featured_media":43347,"comment_status":"closed","ping_status":"closed","sticky":false,"template":"","format":"standard","meta":{"_acf_changed":false,"_monsterinsights_skip_tracking":false,"slim_seo":{"title":"El rumor como factor desgaste - Opini\u00f3n P\u00fablica","description":"Ra\u00fal Ruiz ___________________________ En un escenario pol\u00edtico como el de Ju\u00e1rez, donde las narrativas adquieren tintes simb\u00f3licos y estrat\u00e9gicos, las acusacion"},"footnotes":""},"categories":[21],"tags":[593],"class_list":["post-63957","post","type-post","status-publish","format-standard","has-post-thumbnail","hentry","category-cartapacio","tag-cartapacio"],"acf":[],"_links":{"self":[{"href":"https:\/\/www.opinionpublica.tv\/portada\/wp-json\/wp\/v2\/posts\/63957","targetHints":{"allow":["GET"]}}],"collection":[{"href":"https:\/\/www.opinionpublica.tv\/portada\/wp-json\/wp\/v2\/posts"}],"about":[{"href":"https:\/\/www.opinionpublica.tv\/portada\/wp-json\/wp\/v2\/types\/post"}],"author":[{"embeddable":true,"href":"https:\/\/www.opinionpublica.tv\/portada\/wp-json\/wp\/v2\/users\/6"}],"replies":[{"embeddable":true,"href":"https:\/\/www.opinionpublica.tv\/portada\/wp-json\/wp\/v2\/comments?post=63957"}],"version-history":[{"count":2,"href":"https:\/\/www.opinionpublica.tv\/portada\/wp-json\/wp\/v2\/posts\/63957\/revisions"}],"predecessor-version":[{"id":63959,"href":"https:\/\/www.opinionpublica.tv\/portada\/wp-json\/wp\/v2\/posts\/63957\/revisions\/63959"}],"wp:featuredmedia":[{"embeddable":true,"href":"https:\/\/www.opinionpublica.tv\/portada\/wp-json\/wp\/v2\/media\/43347"}],"wp:attachment":[{"href":"https:\/\/www.opinionpublica.tv\/portada\/wp-json\/wp\/v2\/media?parent=63957"}],"wp:term":[{"taxonomy":"category","embeddable":true,"href":"https:\/\/www.opinionpublica.tv\/portada\/wp-json\/wp\/v2\/categories?post=63957"},{"taxonomy":"post_tag","embeddable":true,"href":"https:\/\/www.opinionpublica.tv\/portada\/wp-json\/wp\/v2\/tags?post=63957"}],"curies":[{"name":"wp","href":"https:\/\/api.w.org\/{rel}","templated":true}]}}