{"id":63947,"date":"2025-07-18T00:01:00","date_gmt":"2025-07-18T06:01:00","guid":{"rendered":"https:\/\/www.opinionpublica.tv\/portada\/?p=63947"},"modified":"2025-07-17T19:44:19","modified_gmt":"2025-07-18T01:44:19","slug":"maru-campos-pone-en-marcha-nueve-estaciones-mas-del-brt-1-en-ciudad-juarez","status":"publish","type":"post","link":"https:\/\/www.opinionpublica.tv\/portada\/maru-campos-pone-en-marcha-nueve-estaciones-mas-del-brt-1-en-ciudad-juarez\/","title":{"rendered":"Gobernadora pone en marcha nueve estaciones m\u00e1s del Sistema BRT-1 en Ju\u00e1rez"},"content":{"rendered":"\n<figure class=\"wp-block-image size-large\"><img fetchpriority=\"high\" decoding=\"async\" width=\"1024\" height=\"682\" src=\"https:\/\/www.opinionpublica.tv\/portada\/wp-content\/uploads\/2025\/07\/Gobernadora-pone-en-marcha-nueve-estaciones-mas-del-Sistema-BRT-1-en-Juarez-1024x682.jpeg\" alt=\"Gobernadora pone en marcha nueve estaciones ma\u0301s del sistema brt 1 en jua\u0301rez\" class=\"wp-image-63954\" srcset=\"https:\/\/www.opinionpublica.tv\/portada\/wp-content\/uploads\/2025\/07\/Gobernadora-pone-en-marcha-nueve-estaciones-mas-del-Sistema-BRT-1-en-Juarez-1024x682.jpeg 1024w, https:\/\/www.opinionpublica.tv\/portada\/wp-content\/uploads\/2025\/07\/Gobernadora-pone-en-marcha-nueve-estaciones-mas-del-Sistema-BRT-1-en-Juarez-300x200.jpeg 300w, https:\/\/www.opinionpublica.tv\/portada\/wp-content\/uploads\/2025\/07\/Gobernadora-pone-en-marcha-nueve-estaciones-mas-del-Sistema-BRT-1-en-Juarez-768x511.jpeg 768w, https:\/\/www.opinionpublica.tv\/portada\/wp-content\/uploads\/2025\/07\/Gobernadora-pone-en-marcha-nueve-estaciones-mas-del-Sistema-BRT-1-en-Juarez-1536x1022.jpeg 1536w, https:\/\/www.opinionpublica.tv\/portada\/wp-content\/uploads\/2025\/07\/Gobernadora-pone-en-marcha-nueve-estaciones-mas-del-Sistema-BRT-1-en-Juarez.jpeg 1600w\" sizes=\"(max-width: 1024px) 100vw, 1024px\" \/><\/figure>\n\n\n\n<p class=\"wp-block-paragraph\"><em>Ciudad Ju\u00e1rez, Chih<\/em>.- La gobernadora Maru Campos recorri\u00f3 las nueve estaciones del BRT-1 de Ciudad Ju\u00e1rez, las cuales fueron reactivadas de manera oficial desde la madrugada de este viernes.<\/p>\n\n\n\n<p class=\"wp-block-paragraph\">En total suman 10 kil\u00f3metros los agregados al trayecto, como parte del tramo Independencia-Puerto Tarento, en beneficio de m\u00e1s de 90 mil habitantes de 24 colonias del suroriente de Ciudad Ju\u00e1rez.<\/p>\n\n\n\n<p class=\"wp-block-paragraph\">Durante la jornada estuvo acompa\u00f1ada por los secretarios general de Gobierno, Santiago De la Pe\u00f1a, y de Comunicaciones y Obras P\u00fablicas, Jorge Chanez, as\u00ed como por funcionarios estatales y personal de la Operadora de Transporte.<\/p>\n\n\n\n<p class=\"wp-block-paragraph\">La mandataria detall\u00f3 que se estiman 18 mil viajes diarios en este tramo una vez entre en funcionamiento, con 40 unidades y 10 de reserva en el total en esta l\u00ednea.<\/p>\n\n\n\n<p class=\"wp-block-paragraph\">De esta manera continua la optimizaci\u00f3n de la movilidad en la frontera y se conecta a los habitantes del sector con 11 Centros de Salud, ocho instituciones educativas y m\u00e1s de 430 peque\u00f1as y medianas empresas.<\/p>\n\n\n\n<p class=\"wp-block-paragraph\">La gobernadora anunci\u00f3 adem\u00e1s que desde hoy, ya se cuenta con una red externa para la compra y recarga de tarjetas generales Ju\u00e1rezBus en 300 tiendas de conveniencia, lo que permite a los usuarios cargar saldo en sus credenciales en puntos fuera del sistema de transporte.<\/p>\n\n\n\n<p class=\"wp-block-paragraph\">\u201cHoy podemos mirar a las y los juarenses de frente, y decirles que lo hemos logrado. El BRT ha sido rehabilitado y funciona con sus 3 rutas troncales y con m\u00e1s de 100 unidades \u00faltima generaci\u00f3n\u201d, enfatiz\u00f3.<\/p>\n\n\n\n<p class=\"wp-block-paragraph\">La titular del Ejecutivo afirm\u00f3 que el Ju\u00e1rezBus ha ofrecido un buen servicio para los juarenses durante m\u00e1s de un a\u00f1o, con por lo menos 19 millones de viajes.<\/p>\n\n\n\n<p class=\"wp-block-paragraph\">El tramo reactivado para complementar la ruta del BRT-1 se compone de las estaciones Sierra Tarahumara, Puerto Obald\u00eda, Bah\u00eda de Kino, Jumanos norte-sur, Santiago Troncoso, Custodio de la Rep\u00fablica, Desierto de Libia, Desierto de Kavir y Puerto Tarento, cuatro de las cuales son dobles y cinco sencillas.<\/p>\n\n\n\n<p class=\"wp-block-paragraph\">Para su funcionamiento se rehabilitaron sus luminarias, las conexiones el\u00e9ctricas, las l\u00edneas amarillas en carril, pases peatonales, m\u00e1quinas de recarga y compra de tarjetas, reparaci\u00f3n de podo t\u00e1ctiles, barandales, pintura de estaci\u00f3n, se\u00f1al\u00e9ticas y se dio mantenimiento al equipo tecnol\u00f3gico.<\/p>\n\n\n\n<p class=\"wp-block-paragraph\">Fue en 2024 cuando la administraci\u00f3n estatal puso en operaci\u00f3n tres l\u00edneas concentradoras: BRT-1, con extensi\u00f3n de 42 kil\u00f3metros que cubre la ruta Independencia\u2013Presidencia; BRT-2 Parador, que abarca 42.3 kil\u00f3metros desde Ex Aduana hasta el Aeropuerto, y BRT-2 Expr\u00e9s, que conecta Ex Aduana tambi\u00e9n con el Aeropuerto, pero con menos paradas.<\/p>\n\n\n\n<p class=\"wp-block-paragraph\">En total se cuenta con una red de 88 estaciones con servicio de wifi y una flota de 104 camiones Mercedes Benz modelo 2025, equipados con tecnolog\u00eda de vanguardia. A la par se construyeron dos nuevos patios de mantenimiento que cuentan con un tren de lavado y una estaci\u00f3n de carga de combustible.<\/p>\n\n\n\n<p class=\"wp-block-paragraph\"><strong>Maru arranca obras de ampliaci\u00f3n en la avenida Las Torres<\/strong><\/p>\n\n\n\n<p class=\"wp-block-paragraph\">As\u00ed mismo, la gobernadora encabez\u00f3 el inicio de los trabajos de ampliaci\u00f3n de la avenida Las Torres, proyecto que beneficiar\u00e1 directamente a m\u00e1s de 500 mil personas, que llegar\u00e1n m\u00e1s r\u00e1pido a sus destinos gracias a la reducci\u00f3n en sus tiempos de traslado.<\/p>\n\n\n\n<p class=\"wp-block-paragraph\">Esta obra se realiza en cumplimiento al compromiso hecho por la mandataria en diciembre pasado durante la inauguraci\u00f3n de las oficinas administrativas El Mezquital, en atenci\u00f3n directa a lo solicitado por las y los habitantes de la zona.<\/p>\n\n\n\n<figure class=\"wp-block-image size-large\"><img decoding=\"async\" width=\"1024\" height=\"682\" src=\"https:\/\/www.opinionpublica.tv\/portada\/wp-content\/uploads\/2025\/07\/Maru-arranca-obras-de-ampliacion-en-la-avenida-Las-Torres-1024x682.jpeg\" alt=\"Maru arranca obras de ampliacio\u0301n en la avenida las torres\" class=\"wp-image-63955\" srcset=\"https:\/\/www.opinionpublica.tv\/portada\/wp-content\/uploads\/2025\/07\/Maru-arranca-obras-de-ampliacion-en-la-avenida-Las-Torres-1024x682.jpeg 1024w, https:\/\/www.opinionpublica.tv\/portada\/wp-content\/uploads\/2025\/07\/Maru-arranca-obras-de-ampliacion-en-la-avenida-Las-Torres-300x200.jpeg 300w, https:\/\/www.opinionpublica.tv\/portada\/wp-content\/uploads\/2025\/07\/Maru-arranca-obras-de-ampliacion-en-la-avenida-Las-Torres-768x512.jpeg 768w, https:\/\/www.opinionpublica.tv\/portada\/wp-content\/uploads\/2025\/07\/Maru-arranca-obras-de-ampliacion-en-la-avenida-Las-Torres-1536x1023.jpeg 1536w, https:\/\/www.opinionpublica.tv\/portada\/wp-content\/uploads\/2025\/07\/Maru-arranca-obras-de-ampliacion-en-la-avenida-Las-Torres.jpeg 1600w\" sizes=\"(max-width: 1024px) 100vw, 1024px\" \/><\/figure>\n\n\n\n<p class=\"wp-block-paragraph\">Los trabajos contemplan la construcci\u00f3n de tres carriles de circulaci\u00f3n sobre avenida Las Torres, del bulevar Manuel Talam\u00e1s Camandari a la calle Yep\u00f3mera, donde transitan 42 mil veh\u00edculos diarios, para evitar congestionamientos viales.<\/p>\n\n\n\n<p class=\"wp-block-paragraph\">La titular del Ejecutivo asegur\u00f3 que se ha hecho realidad cada compromiso que su administraci\u00f3n le ha hecho a Ju\u00e1rez, pues en eso consiste la verdadera pol\u00edtica humanista, que responde a lo que las personas realmente necesitan, con obras que representan un beneficio duradero.<\/p>\n\n\n\n<p class=\"wp-block-paragraph\">\u201cDesde aquel diciembre en que nos comprometimos con ustedes en las oficinas de El Mezquital, nos pusimos a trabajar y hoy estamos aqu\u00ed para honrar esa promesa, y arrancar la construcci\u00f3n de este tramo en Las Torres\u201d, subray\u00f3.<\/p>\n\n\n\n<p class=\"wp-block-paragraph\">Dijo que esta obra mejorar\u00e1 de manera tangible la calidad de vida para los juarenses que diariamente transitan por la zona, ya sea para estudiar o para ganarse el sustento diario. Detall\u00f3 que los trabajos se realizar\u00e1n en un nuevo terreno sin afectar la v\u00eda actual.<\/p>\n\n\n\n<p class=\"wp-block-paragraph\">Rogelio Fern\u00e1ndez Irigoyen, director general del Fideicomiso de Puentes Fronterizos (FPFCH), detall\u00f3 que con una inversi\u00f3n de 35 millones de pesos (mdp) se busca resolver un problema a\u00f1ejo para miles de habitantes de la zona.<\/p>\n\n\n\n<p class=\"wp-block-paragraph\">Explic\u00f3 que las obras tendr\u00e1 una duraci\u00f3n de seis meses, y se realizan en conjunto con la Secretar\u00eda de Comunicaciones y Obras P\u00fablicas (SCOP).<\/p>\n\n\n\n<p class=\"wp-block-paragraph\">Los trabajos consisten en la construcci\u00f3n de tres carriles de circulaci\u00f3n con una longitud de 985 metros y 10.5 metros de ancho, a base de carpeta asf\u00e1ltica de 8 cent\u00edmetros de espesor, con una base hidr\u00e1ulica de 15 cent\u00edmetros y m\u00e1s de 10 mil 700 metros cuadrados de superficie de rodamiento.<\/p>\n","protected":false},"excerpt":{"rendered":"<p>Ciudad Ju\u00e1rez, Chih.- La gobernadora Maru Campos recorri\u00f3 las nueve estaciones del BRT-1 de Ciudad Ju\u00e1rez, las cuales fueron reactivadas de manera oficial desde la madrugada de este viernes. En total suman 10 kil\u00f3metros los agregados al trayecto, como parte del tramo Independencia-Puerto Tarento, en beneficio de m\u00e1s de 90 mil habitantes de 24 colonias [&hellip;]<\/p>\n","protected":false},"author":6,"featured_media":63954,"comment_status":"closed","ping_status":"closed","sticky":false,"template":"","format":"standard","meta":{"_acf_changed":false,"_monsterinsights_skip_tracking":false,"slim_seo":{"title":"Gobernadora pone en marcha nueve estaciones m\u00e1s del Sistema BRT-1 en Ju\u00e1rez - Opini\u00f3n P\u00fablica","description":"Ciudad Ju\u00e1rez, Chih .- La gobernadora Maru Campos recorri\u00f3 las nueve estaciones del BRT-1 de Ciudad Ju\u00e1rez, las cuales fueron reactivadas de manera oficial desd"},"footnotes":""},"categories":[11],"tags":[],"class_list":["post-63947","post","type-post","status-publish","format-standard","has-post-thumbnail","hentry","category-tendencias"],"acf":[],"_links":{"self":[{"href":"https:\/\/www.opinionpublica.tv\/portada\/wp-json\/wp\/v2\/posts\/63947","targetHints":{"allow":["GET"]}}],"collection":[{"href":"https:\/\/www.opinionpublica.tv\/portada\/wp-json\/wp\/v2\/posts"}],"about":[{"href":"https:\/\/www.opinionpublica.tv\/portada\/wp-json\/wp\/v2\/types\/post"}],"author":[{"embeddable":true,"href":"https:\/\/www.opinionpublica.tv\/portada\/wp-json\/wp\/v2\/users\/6"}],"replies":[{"embeddable":true,"href":"https:\/\/www.opinionpublica.tv\/portada\/wp-json\/wp\/v2\/comments?post=63947"}],"version-history":[{"count":5,"href":"https:\/\/www.opinionpublica.tv\/portada\/wp-json\/wp\/v2\/posts\/63947\/revisions"}],"predecessor-version":[{"id":63956,"href":"https:\/\/www.opinionpublica.tv\/portada\/wp-json\/wp\/v2\/posts\/63947\/revisions\/63956"}],"wp:featuredmedia":[{"embeddable":true,"href":"https:\/\/www.opinionpublica.tv\/portada\/wp-json\/wp\/v2\/media\/63954"}],"wp:attachment":[{"href":"https:\/\/www.opinionpublica.tv\/portada\/wp-json\/wp\/v2\/media?parent=63947"}],"wp:term":[{"taxonomy":"category","embeddable":true,"href":"https:\/\/www.opinionpublica.tv\/portada\/wp-json\/wp\/v2\/categories?post=63947"},{"taxonomy":"post_tag","embeddable":true,"href":"https:\/\/www.opinionpublica.tv\/portada\/wp-json\/wp\/v2\/tags?post=63947"}],"curies":[{"name":"wp","href":"https:\/\/api.w.org\/{rel}","templated":true}]}}