{"id":63936,"date":"2025-07-18T00:01:00","date_gmt":"2025-07-18T06:01:00","guid":{"rendered":"https:\/\/www.opinionpublica.tv\/portada\/?p=63936"},"modified":"2025-07-17T15:17:17","modified_gmt":"2025-07-17T21:17:17","slug":"abren-convocatoria-para-becas-de-acceso-a-la-universidad-normal-jose-e-medrano","status":"publish","type":"post","link":"https:\/\/www.opinionpublica.tv\/portada\/abren-convocatoria-para-becas-de-acceso-a-la-universidad-normal-jose-e-medrano\/","title":{"rendered":"Sale convocatoria de becas de acceso para la Universidad Normal \u00abJos\u00e9 E. Medrano\u00bb"},"content":{"rendered":"\n<figure class=\"wp-block-image size-full\"><img fetchpriority=\"high\" decoding=\"async\" width=\"800\" height=\"500\" src=\"https:\/\/www.opinionpublica.tv\/portada\/wp-content\/uploads\/2025\/07\/Sale-convocatoria-de-becas-de-acceso-para-la-Universidad-Normal-22Jose-E.-Medrano22.webp\" alt=\"Sale convocatoria de becas de acceso para la universidad normal %22jose\u0301 e. medrano%22\" class=\"wp-image-63940\" srcset=\"https:\/\/www.opinionpublica.tv\/portada\/wp-content\/uploads\/2025\/07\/Sale-convocatoria-de-becas-de-acceso-para-la-Universidad-Normal-22Jose-E.-Medrano22.webp 800w, https:\/\/www.opinionpublica.tv\/portada\/wp-content\/uploads\/2025\/07\/Sale-convocatoria-de-becas-de-acceso-para-la-Universidad-Normal-22Jose-E.-Medrano22-300x188.webp 300w, https:\/\/www.opinionpublica.tv\/portada\/wp-content\/uploads\/2025\/07\/Sale-convocatoria-de-becas-de-acceso-para-la-Universidad-Normal-22Jose-E.-Medrano22-768x480.webp 768w\" sizes=\"(max-width: 800px) 100vw, 800px\" \/><\/figure>\n\n\n\n<p class=\"wp-block-paragraph\"><em>Ciudad Ju\u00e1rez, Chih<\/em>.- El Instituto Municipal de la Juventud dio a conocer la convocatoria para la Beca de Acceso a la Universidad, dirigida a j\u00f3venes de nuevo ingreso a la Escuela Normal Superior del Estado de Chihuahua \u201cJos\u00e9 E. Medrano R.\u201d, para iniciar su formaci\u00f3n como docente.<\/p>\n\n\n\n<p class=\"wp-block-paragraph\">Esta beca cubre el monto total de inscripci\u00f3n y tiene como objetivo brindar un respaldo econ\u00f3mico directo a estudiantes que inician su etapa universitaria en dicha instituci\u00f3n, dijo en conferencia de prensa Dar\u00edo Gael Mart\u00ednez, jefe del Departamento de Bienestar de la Juventud.<\/p>\n\n\n\n<p class=\"wp-block-paragraph\">La convocatoria estar\u00e1 vigente del mi\u00e9rcoles 10 al viernes 25 de julio y el registro en l\u00ednea se podr\u00e1 hacer a trav\u00e9s de la p\u00e1gina oficial de Facebook del Instituto Municipal de la Juventud de Ju\u00e1rez.<\/p>\n\n\n\n<p class=\"wp-block-paragraph\">Los documentos f\u00edsicos deber\u00e1n entregarse el viernes 25 de julio en las instalaciones de la Escuela Normal Superior \u201cJos\u00e9 E. Medrano\u201d, en un horario de 9:00 de la ma\u00f1ana a las 6:00 de la tarde. Entre los requisitos se encuentran el folio de registro de la beca, identificaci\u00f3n oficial, la Clave \u00danica del Registro de Poblaci\u00f3n, folio universitario (visible en la hoja de pago o constancia de examen) y comprobante de domicilio reciente.<\/p>\n\n\n\n<p class=\"wp-block-paragraph\">Los resultados se dar\u00e1n a conocer el martes 30 de julio en las redes oficiales del Instituto Municipal de la Juventud.<\/p>\n\n\n\n<p class=\"wp-block-paragraph\">Durante la presentaci\u00f3n, Dar\u00edo Gael Mart\u00ednez destac\u00f3 que esta iniciativa ha beneficiado de manera consistente a estudiantes en los \u00faltimos tres a\u00f1os.<\/p>\n\n\n\n<p class=\"wp-block-paragraph\">Dijo que en el 2022 se otorgaron 57 becas con una inversi\u00f3n de 379,905 pesos; en 2023, 60 becas con 420,000 pesos y en 2024 se repiti\u00f3 la misma cantidad de beneficiarios y monto, sumando un total de 177 j\u00f3venes apoyados y una inversi\u00f3n global de 1 mill\u00f3n 219 mil 905 pesos.<\/p>\n\n\n\n<p class=\"wp-block-paragraph\">Agradeci\u00f3 el respaldo del presidente municipal, Cruz P\u00e9rez Cu\u00e9llar y de la Escuela Normal Superior \u201cJos\u00e9 E. Medrano R.\u201d, por su colaboraci\u00f3n en la difusi\u00f3n y ejecuci\u00f3n de esta convocatoria que impulsa el acceso equitativo a la educaci\u00f3n superior en Ciudad Ju\u00e1rez.<\/p>\n","protected":false},"excerpt":{"rendered":"<p>Ciudad Ju\u00e1rez, Chih.- El Instituto Municipal de la Juventud dio a conocer la convocatoria para la Beca de Acceso a la Universidad, dirigida a j\u00f3venes de nuevo ingreso a la Escuela Normal Superior del Estado de Chihuahua \u201cJos\u00e9 E. Medrano R.\u201d, para iniciar su formaci\u00f3n como docente. Esta beca cubre el monto total de inscripci\u00f3n [&hellip;]<\/p>\n","protected":false},"author":6,"featured_media":63940,"comment_status":"closed","ping_status":"closed","sticky":false,"template":"","format":"standard","meta":{"_acf_changed":false,"_monsterinsights_skip_tracking":false,"slim_seo":{"title":"Sale convocatoria de becas de acceso para la Universidad Normal \"Jos\u00e9 E. Medrano\" - Opini\u00f3n P\u00fablica","description":"Ciudad Ju\u00e1rez, Chih .- El Instituto Municipal de la Juventud dio a conocer la convocatoria para la Beca de Acceso a la Universidad, dirigida a j\u00f3venes de nuevo"},"footnotes":""},"categories":[41],"tags":[],"class_list":["post-63936","post","type-post","status-publish","format-standard","has-post-thumbnail","hentry","category-juarez"],"acf":[],"_links":{"self":[{"href":"https:\/\/www.opinionpublica.tv\/portada\/wp-json\/wp\/v2\/posts\/63936","targetHints":{"allow":["GET"]}}],"collection":[{"href":"https:\/\/www.opinionpublica.tv\/portada\/wp-json\/wp\/v2\/posts"}],"about":[{"href":"https:\/\/www.opinionpublica.tv\/portada\/wp-json\/wp\/v2\/types\/post"}],"author":[{"embeddable":true,"href":"https:\/\/www.opinionpublica.tv\/portada\/wp-json\/wp\/v2\/users\/6"}],"replies":[{"embeddable":true,"href":"https:\/\/www.opinionpublica.tv\/portada\/wp-json\/wp\/v2\/comments?post=63936"}],"version-history":[{"count":3,"href":"https:\/\/www.opinionpublica.tv\/portada\/wp-json\/wp\/v2\/posts\/63936\/revisions"}],"predecessor-version":[{"id":63941,"href":"https:\/\/www.opinionpublica.tv\/portada\/wp-json\/wp\/v2\/posts\/63936\/revisions\/63941"}],"wp:featuredmedia":[{"embeddable":true,"href":"https:\/\/www.opinionpublica.tv\/portada\/wp-json\/wp\/v2\/media\/63940"}],"wp:attachment":[{"href":"https:\/\/www.opinionpublica.tv\/portada\/wp-json\/wp\/v2\/media?parent=63936"}],"wp:term":[{"taxonomy":"category","embeddable":true,"href":"https:\/\/www.opinionpublica.tv\/portada\/wp-json\/wp\/v2\/categories?post=63936"},{"taxonomy":"post_tag","embeddable":true,"href":"https:\/\/www.opinionpublica.tv\/portada\/wp-json\/wp\/v2\/tags?post=63936"}],"curies":[{"name":"wp","href":"https:\/\/api.w.org\/{rel}","templated":true}]}}