{"id":63920,"date":"2025-07-18T00:01:00","date_gmt":"2025-07-18T06:01:00","guid":{"rendered":"https:\/\/www.opinionpublica.tv\/portada\/?p=63920"},"modified":"2025-07-17T14:32:16","modified_gmt":"2025-07-17T20:32:16","slug":"aranceles-de-trump-a-mexico-cuantos-ha-impuesto-al-pais-a-que-productos-y-de-cuanto","status":"publish","type":"post","link":"https:\/\/www.opinionpublica.tv\/portada\/aranceles-de-trump-a-mexico-cuantos-ha-impuesto-al-pais-a-que-productos-y-de-cuanto\/","title":{"rendered":"Aranceles de Trump a M\u00e9xico: \u00bfCu\u00e1ntos ha impuesto, qu\u00e9 productos y cu\u00e1nto?"},"content":{"rendered":"\n<figure class=\"wp-block-image size-large\"><img fetchpriority=\"high\" decoding=\"async\" width=\"1024\" height=\"576\" src=\"https:\/\/www.opinionpublica.tv\/portada\/wp-content\/uploads\/2025\/07\/Aranceles-de-Trump-a-Mexico-\u00bfCuantos-ha-impuesto-que-productos-y-cuanto-1024x576.avif\" alt=\"Aranceles de trump a me\u0301xico \u00bfcua\u0301ntos ha impuesto, que\u0301 productos y cua\u0301nto?\" class=\"wp-image-63926\" srcset=\"https:\/\/www.opinionpublica.tv\/portada\/wp-content\/uploads\/2025\/07\/Aranceles-de-Trump-a-Mexico-\u00bfCuantos-ha-impuesto-que-productos-y-cuanto-1024x576.avif 1024w, https:\/\/www.opinionpublica.tv\/portada\/wp-content\/uploads\/2025\/07\/Aranceles-de-Trump-a-Mexico-\u00bfCuantos-ha-impuesto-que-productos-y-cuanto-300x169.avif 300w, https:\/\/www.opinionpublica.tv\/portada\/wp-content\/uploads\/2025\/07\/Aranceles-de-Trump-a-Mexico-\u00bfCuantos-ha-impuesto-que-productos-y-cuanto-768x432.avif 768w, https:\/\/www.opinionpublica.tv\/portada\/wp-content\/uploads\/2025\/07\/Aranceles-de-Trump-a-Mexico-\u00bfCuantos-ha-impuesto-que-productos-y-cuanto.avif 1200w\" sizes=\"(max-width: 1024px) 100vw, 1024px\" \/><\/figure>\n\n\n\n<p class=\"wp-block-paragraph\">Adem\u00e1s de anunciar que impondr\u00e1 un arancel del 30 por ciento a los productos procedentes de la Uni\u00f3n Europea (UE) y M\u00e9xico, el presidente Donald Trump ha impuesto este gravamen a diversos productos mexicanos durante las \u00faltimas.<\/p>\n\n\n\n<p class=\"wp-block-paragraph\"><strong>\u00bfCu\u00e1les son los aranceles que Estados Unidos aplica a M\u00e9xico?<\/strong><\/p>\n\n\n\n<p class=\"wp-block-paragraph\">Estos nuevos aranceles reemplazar\u00edan al arancel del 25 por ciento sobre los productos mexicanos que no cumplen con el tratado de libre comercio entre Estados Unidos, M\u00e9xico y Canad\u00e1 (T-MEC).<\/p>\n\n\n\n<p class=\"wp-block-paragraph\">Seg\u00fan la economista Gabriela Siller, Donald Trump ha impuesto dos tipos de aranceles a M\u00e9xico.<\/p>\n\n\n\n<p class=\"wp-block-paragraph\">El primero que impuso que fue en respuesta a las \u2018insuficientes medidas\u2019 para combatir el tr\u00e1fico de fentanilo y la migraci\u00f3n ilegal, problem\u00e1ticas que afectan directamente a Estados Unidos.<\/p>\n\n\n\n<p class=\"wp-block-paragraph\">Ese arancel, que primero anunci\u00f3 que ser\u00eda de 25 por ciento, aument\u00f3 este s\u00e1bado a 30 por cierto.<\/p>\n\n\n\n<p class=\"wp-block-paragraph\">Trump dijo, en febrero pasado, que este arancel se basaba la Ley de Poderes Econ\u00f3micos de Emergencia Internacional, mismo poder que invoc\u00f3 luego de haber anunciado los aranceles de Estados Unidos a pa\u00edses socios comerciales.<\/p>\n\n\n\n<p class=\"wp-block-paragraph\">En su carta dirigida a la presidenta de M\u00e9xico, Trump reconoci\u00f3 que el pa\u00eds ha sido \u00fatil para frenar el flujo de migrantes indocumentados y fentanilo hacia Estados Unidos. Sin embargo, expres\u00f3 que M\u00e9xico no ha hecho lo suficiente para evitar que Am\u00e9rica del Norte se convierta en un \u201cparque de juegos del narcotr\u00e1fico\u201d.<\/p>\n\n\n\n<p class=\"wp-block-paragraph\">Trump explica que estos aranceles podr\u00edan modificarse, \u201cal alza o a la baja\u201d, dependiendo de las relaciones entre Estados Unidos y M\u00e9xico.<\/p>\n\n\n\n<p class=\"wp-block-paragraph\">\u201cM\u00e9xico me ha estado ayudando a asegurar la frontera, PERO lo que M\u00e9xico ha hecho no es suficiente\u201d, escribi\u00f3 Trump a Sheinbaum.<\/p>\n\n\n\n<p class=\"wp-block-paragraph\">\u201cM\u00e9xico me ha estado ayudando a asegurar la frontera, pero lo que M\u00e9xico ha hecho no es suficiente\u201d, a\u00f1adi\u00f3 Trump.<\/p>\n\n\n\n<p class=\"wp-block-paragraph\">El segundo arancel lo aplic\u00f3 a materiales en espec\u00edfico como el del 50 por ciento a las importaciones de acero y aluminio, as\u00ed como el 25 por ciento a los autos y algunas autopartes.<\/p>\n\n\n\n<p class=\"wp-block-paragraph\"><strong>\u00bfEl T-MEC a\u00fan protege a M\u00e9xico de los aranceles de Trump?<\/strong><\/p>\n\n\n\n<p class=\"wp-block-paragraph\">El arancel a M\u00e9xico, si entra en vigor, podr\u00eda reemplazar los aranceles del 25 por ciento sobre los productos mexicanos que no cumplen con el acuerdo de libre comercio existente entre Estados Unidos, M\u00e9xico y Canad\u00e1.<\/p>\n\n\n\n<p class=\"wp-block-paragraph\">Sin embargo, el Gobierno de Estados Unidos evaluaba el viernes no aplicar, en principio, los aranceles del 35 por ciento que ha amenazado con activar el presidente, Donald Trump, a los bienes canadienses que est\u00e9n sujetos al acuerdo de comercio trilateral T-MEC, que incluye tambi\u00e9n a M\u00e9xico.<\/p>\n\n\n\n<p class=\"wp-block-paragraph\">Un funcionario de la Casa Blanca confirm\u00f3 a EFE la informaci\u00f3n adelantada por la cadena de radiotelevisi\u00f3n p\u00fablica canadiense CBC.<\/p>\n\n\n\n<p class=\"wp-block-paragraph\">En la guerra comercial con Canad\u00e1, el nuevo arancel del 35 por ciento dejar\u00eda exentos a los productos dentro del T-MEC, as\u00ed como aquellos productos canadienses que Washington grava actualmente con un impuesto aduanero del 10 por ciento, como la energ\u00eda y el potasio.<\/p>\n\n\n\n<p class=\"wp-block-paragraph\">Se espera que algo similar ocurra con M\u00e9xico.<\/p>\n\n\n\n<p class=\"wp-block-paragraph\"><strong>M\u00e9xico rechaza los nuevos aranceles de Trump<\/strong><\/p>\n\n\n\n<p class=\"wp-block-paragraph\">La carta de Trump no abord\u00f3 si los productos que cumplen con el T-MEC seguir\u00edan exentos de los aranceles a M\u00e9xico despu\u00e9s del 1 de agosto, como dijo la Casa Blanca que ser\u00eda el caso con Canad\u00e1. Trump envi\u00f3 una carta a Canad\u00e1 a principios de esta semana amenazando con un aumento arancelario del 35 por ciento.<\/p>\n\n\n\n<p class=\"wp-block-paragraph\">Tras darse a conocer el anuncio de Trump, M\u00e9xico rechaz\u00f3 los nuevos aranceles y expres\u00f3 el s\u00e1bado en un comunicado conjunto de la Canciller\u00eda y la Secretar\u00eda de Relaciones Exteriores, que la medida se da en medio de las negociaciones bilaterales que se adelantaban sobre temas de seguridad, migraci\u00f3n, frontera y gesti\u00f3n de aguas, as\u00ed como la relaci\u00f3n econ\u00f3mica.<\/p>\n\n\n\n<p class=\"wp-block-paragraph\">En el escrito se se\u00f1ala que luego de ser notificados el viernes de la medida se manifest\u00f3 que \u201cera un trato injusto y que no est\u00e1bamos de acuerdo\u201d.<\/p>\n\n\n\n<p class=\"wp-block-paragraph\"><em>Con informaci\u00f3n de El Financiero<\/em>.<\/p>\n","protected":false},"excerpt":{"rendered":"<p>Adem\u00e1s de anunciar que impondr\u00e1 un arancel del 30 por ciento a los productos procedentes de la Uni\u00f3n Europea (UE) y M\u00e9xico, el presidente Donald Trump ha impuesto este gravamen a diversos productos mexicanos durante las \u00faltimas. \u00bfCu\u00e1les son los aranceles que Estados Unidos aplica a M\u00e9xico? Estos nuevos aranceles reemplazar\u00edan al arancel del 25 [&hellip;]<\/p>\n","protected":false},"author":6,"featured_media":63926,"comment_status":"closed","ping_status":"closed","sticky":false,"template":"","format":"standard","meta":{"_acf_changed":false,"_monsterinsights_skip_tracking":false,"slim_seo":{"title":"Aranceles de Trump a M\u00e9xico: \u00bfCu\u00e1ntos ha impuesto, qu\u00e9 productos y cu\u00e1nto? - Opini\u00f3n P\u00fablica","description":"Adem\u00e1s de anunciar que impondr\u00e1 un arancel del 30 por ciento a los productos procedentes de la Uni\u00f3n Europea (UE) y M\u00e9xico, el presidente Donald Trump ha impues"},"footnotes":""},"categories":[3],"tags":[],"class_list":["post-63920","post","type-post","status-publish","format-standard","has-post-thumbnail","hentry","category-principal"],"acf":[],"_links":{"self":[{"href":"https:\/\/www.opinionpublica.tv\/portada\/wp-json\/wp\/v2\/posts\/63920","targetHints":{"allow":["GET"]}}],"collection":[{"href":"https:\/\/www.opinionpublica.tv\/portada\/wp-json\/wp\/v2\/posts"}],"about":[{"href":"https:\/\/www.opinionpublica.tv\/portada\/wp-json\/wp\/v2\/types\/post"}],"author":[{"embeddable":true,"href":"https:\/\/www.opinionpublica.tv\/portada\/wp-json\/wp\/v2\/users\/6"}],"replies":[{"embeddable":true,"href":"https:\/\/www.opinionpublica.tv\/portada\/wp-json\/wp\/v2\/comments?post=63920"}],"version-history":[{"count":5,"href":"https:\/\/www.opinionpublica.tv\/portada\/wp-json\/wp\/v2\/posts\/63920\/revisions"}],"predecessor-version":[{"id":63927,"href":"https:\/\/www.opinionpublica.tv\/portada\/wp-json\/wp\/v2\/posts\/63920\/revisions\/63927"}],"wp:featuredmedia":[{"embeddable":true,"href":"https:\/\/www.opinionpublica.tv\/portada\/wp-json\/wp\/v2\/media\/63926"}],"wp:attachment":[{"href":"https:\/\/www.opinionpublica.tv\/portada\/wp-json\/wp\/v2\/media?parent=63920"}],"wp:term":[{"taxonomy":"category","embeddable":true,"href":"https:\/\/www.opinionpublica.tv\/portada\/wp-json\/wp\/v2\/categories?post=63920"},{"taxonomy":"post_tag","embeddable":true,"href":"https:\/\/www.opinionpublica.tv\/portada\/wp-json\/wp\/v2\/tags?post=63920"}],"curies":[{"name":"wp","href":"https:\/\/api.w.org\/{rel}","templated":true}]}}