{"id":63890,"date":"2025-07-18T00:01:00","date_gmt":"2025-07-18T06:01:00","guid":{"rendered":"https:\/\/www.opinionpublica.tv\/portada\/?p=63890"},"modified":"2025-07-17T13:53:24","modified_gmt":"2025-07-17T19:53:24","slug":"video-la-nasa-se-acerca-al-sol-y-captura-imagenes-asombrosas-france-24","status":"publish","type":"post","link":"https:\/\/www.opinionpublica.tv\/portada\/video-la-nasa-se-acerca-al-sol-y-captura-imagenes-asombrosas-france-24\/","title":{"rendered":"Video: La NASA se acerca al Sol y captura im\u00e1genes asombrosas | France 24 en espa\u00f1ol"},"content":{"rendered":"\n<p class=\"wp-block-paragraph\"><a href=\"https:\/\/www.youtube.com\/@France24_es\"><\/a><\/p>\n\n\n\n<figure class=\"wp-block-embed is-type-video is-provider-youtube wp-block-embed-youtube wp-embed-aspect-16-9 wp-has-aspect-ratio\"><div class=\"wp-block-embed__wrapper\">\n<iframe title=\"La NASA se acerca al Sol m\u00e1s que nunca y captura im\u00e1genes asombrosas \u2022 FRANCE 24 Espa\u00f1ol\" width=\"800\" height=\"450\" src=\"https:\/\/www.youtube.com\/embed\/cygB9Ci_rwc?feature=oembed\" frameborder=\"0\" allow=\"accelerometer; autoplay; clipboard-write; encrypted-media; gyroscope; picture-in-picture; web-share\" referrerpolicy=\"strict-origin-when-cross-origin\" allowfullscreen><\/iframe>\n<\/div><\/figure>\n\n\n\n<p class=\"wp-block-paragraph\">La NASA pudo captar im\u00e1genes del Sol a la menor distancia jam\u00e1s alcanzada, de 6,1 millones de kil\u00f3metros, mediante la sonda solar Parker.<\/p>\n\n\n\n<p class=\"wp-block-paragraph\">Gracias a ello, se pueden observar vientos solares y part\u00edculas. Se trata de un logro hist\u00f3rico saludado por los cient\u00edficos, que adem\u00e1s permitir\u00e1 entender mejor la meteorolog\u00eda espacial, y fen\u00f3menos como los causantes de las auroras boreales.<\/p>\n\n\n\n<p class=\"wp-block-paragraph\"><em>Cr\u00e9ditos: France 24 en espa\u00f1ol<\/em>.<\/p>\n","protected":false},"excerpt":{"rendered":"<p>La NASA pudo captar im\u00e1genes del Sol a la menor distancia jam\u00e1s alcanzada, de 6,1 millones de kil\u00f3metros, mediante la sonda solar Parker. Gracias a ello, se pueden observar vientos solares y part\u00edculas. Se trata de un logro hist\u00f3rico saludado por los cient\u00edficos, que adem\u00e1s permitir\u00e1 entender mejor la meteorolog\u00eda espacial, y fen\u00f3menos como los [&hellip;]<\/p>\n","protected":false},"author":6,"featured_media":63893,"comment_status":"closed","ping_status":"closed","sticky":false,"template":"","format":"standard","meta":{"_acf_changed":false,"_monsterinsights_skip_tracking":false,"slim_seo":{"title":"Video: La NASA se acerca al Sol y captura im\u00e1genes asombrosas | France 24 en espa\u00f1ol - Opini\u00f3n P\u00fablica","description":"https:\/\/youtu.be\/cygB9Ci_rwc?si=FU8dYbcI8QaFg6ZF La NASA pudo captar im\u00e1genes del Sol a la menor distancia jam\u00e1s alcanzada, de 6,1 millones de kil\u00f3metros, media"},"footnotes":""},"categories":[13,2,8],"tags":[],"class_list":["post-63890","post","type-post","status-publish","format-standard","has-post-thumbnail","hentry","category-videos-destacados-contenido","category-videos-destacados","category-videos"],"acf":[],"_links":{"self":[{"href":"https:\/\/www.opinionpublica.tv\/portada\/wp-json\/wp\/v2\/posts\/63890","targetHints":{"allow":["GET"]}}],"collection":[{"href":"https:\/\/www.opinionpublica.tv\/portada\/wp-json\/wp\/v2\/posts"}],"about":[{"href":"https:\/\/www.opinionpublica.tv\/portada\/wp-json\/wp\/v2\/types\/post"}],"author":[{"embeddable":true,"href":"https:\/\/www.opinionpublica.tv\/portada\/wp-json\/wp\/v2\/users\/6"}],"replies":[{"embeddable":true,"href":"https:\/\/www.opinionpublica.tv\/portada\/wp-json\/wp\/v2\/comments?post=63890"}],"version-history":[{"count":2,"href":"https:\/\/www.opinionpublica.tv\/portada\/wp-json\/wp\/v2\/posts\/63890\/revisions"}],"predecessor-version":[{"id":63894,"href":"https:\/\/www.opinionpublica.tv\/portada\/wp-json\/wp\/v2\/posts\/63890\/revisions\/63894"}],"wp:featuredmedia":[{"embeddable":true,"href":"https:\/\/www.opinionpublica.tv\/portada\/wp-json\/wp\/v2\/media\/63893"}],"wp:attachment":[{"href":"https:\/\/www.opinionpublica.tv\/portada\/wp-json\/wp\/v2\/media?parent=63890"}],"wp:term":[{"taxonomy":"category","embeddable":true,"href":"https:\/\/www.opinionpublica.tv\/portada\/wp-json\/wp\/v2\/categories?post=63890"},{"taxonomy":"post_tag","embeddable":true,"href":"https:\/\/www.opinionpublica.tv\/portada\/wp-json\/wp\/v2\/tags?post=63890"}],"curies":[{"name":"wp","href":"https:\/\/api.w.org\/{rel}","templated":true}]}}