{"id":63839,"date":"2025-07-18T00:01:00","date_gmt":"2025-07-18T06:01:00","guid":{"rendered":"https:\/\/www.opinionpublica.tv\/portada\/?p=63839"},"modified":"2025-07-16T14:14:47","modified_gmt":"2025-07-16T20:14:47","slug":"efemerides-18-de-julio-un-dia-como-hoy-en-la-historia","status":"publish","type":"post","link":"https:\/\/www.opinionpublica.tv\/portada\/efemerides-18-de-julio-un-dia-como-hoy-en-la-historia\/","title":{"rendered":"Efem\u00e9rides 18 de julio | Un d\u00eda como hoy en la historia&#8230;"},"content":{"rendered":"\n<p class=\"wp-block-paragraph\"><em>Un d\u00eda 18 de julio de julio como hoy, pero de 1976, la gimnasta rumana Nadia Comaneci, de 14 a\u00f1os, es la primer mujer en lograr una calificaci\u00f3n perfecta de 10 en las barras asim\u00e9tricas durante los Juegos de Montreal, nota que repite otras seis veces m\u00e1s en ese torneo. Su actuaci\u00f3n fue tan impecable que el marcador electr\u00f3nico, que s\u00f3lo mostraba tres d\u00edgitos, no estaba preparado para mostrar un 10, mostrando 1.00 en su lugar. Comaneci gan\u00f3 medalla de oro y fue considerada como la \u201creina\u201d de esas olimpiadas<\/em>.<\/p>\n\n\n\n<figure class=\"wp-block-image size-full\"><img fetchpriority=\"high\" decoding=\"async\" width=\"960\" height=\"640\" src=\"https:\/\/www.opinionpublica.tv\/portada\/wp-content\/uploads\/2025\/07\/1976-la-gimnasta-rumana-Nadia-Comaneci-de-14-anos-es-la-primer-mujer-en-lograr-una-calificacion-perfecta-de-10-en-las-barras-asimetricas-durante-los-Juegos-de-Montreal.jpeg\" alt=\"1976, la gimnasta rumana nadia comaneci, de 14 an\u0303os, es la primer mujer en lograr una calificacio\u0301n perfecta de 10 en las barras asime\u0301tricas durante los juegos de montreal\" class=\"wp-image-63840\" srcset=\"https:\/\/www.opinionpublica.tv\/portada\/wp-content\/uploads\/2025\/07\/1976-la-gimnasta-rumana-Nadia-Comaneci-de-14-anos-es-la-primer-mujer-en-lograr-una-calificacion-perfecta-de-10-en-las-barras-asimetricas-durante-los-Juegos-de-Montreal.jpeg 960w, https:\/\/www.opinionpublica.tv\/portada\/wp-content\/uploads\/2025\/07\/1976-la-gimnasta-rumana-Nadia-Comaneci-de-14-anos-es-la-primer-mujer-en-lograr-una-calificacion-perfecta-de-10-en-las-barras-asimetricas-durante-los-Juegos-de-Montreal-300x200.jpeg 300w, https:\/\/www.opinionpublica.tv\/portada\/wp-content\/uploads\/2025\/07\/1976-la-gimnasta-rumana-Nadia-Comaneci-de-14-anos-es-la-primer-mujer-en-lograr-una-calificacion-perfecta-de-10-en-las-barras-asimetricas-durante-los-Juegos-de-Montreal-768x512.jpeg 768w\" sizes=\"(max-width: 960px) 100vw, 960px\" \/><\/figure>\n\n\n\n<p class=\"wp-block-paragraph\"><strong>Otras efem\u00e9rides<\/strong><\/p>\n\n\n\n<p class=\"wp-block-paragraph\">64.- Comienza el gran incendio de seis d\u00edas que destruye la ciudad de Roma. El emperador Ner\u00f3n, al que algunos culpan de haberlo provocado, acusa del siniestro a los cristianos.<\/p>\n\n\n\n<p class=\"wp-block-paragraph\">1837.- Detienen al bandolero madrile\u00f1o Luis Candelas en la posada de Alcazar\u00e9n, cerca de Olmedo (Valladolid). Fue condenado a muerte por robos y ajusticiado por garrote vil.<\/p>\n\n\n\n<p class=\"wp-block-paragraph\">1870.- Durante el primer Concilio Vaticano, con Pio IX, se aprueba la infalibilidad pontificia.<\/p>\n\n\n\n<p class=\"wp-block-paragraph\">1873.- Nicol\u00e1s Salmer\u00f3n es elegido presidente de la Rep\u00fablica espa\u00f1ola. Mes y medio despu\u00e9s le sucede Emilio Castelar.<\/p>\n\n\n\n<p class=\"wp-block-paragraph\">1880.- Un terremoto de magnitud 7,5 sacude la isla filipina de Luz\u00f3n y destruye casi todos los edificios dentro del recinto amurallado de Manila.<\/p>\n\n\n\n<p class=\"wp-block-paragraph\">1898.- Los qu\u00edmicos Pierre y Marie Curie descubren el polonio, originariamente denominado Radio F.<\/p>\n\n\n\n<p class=\"wp-block-paragraph\">1914.- Mahatma Gandhi, l\u00edder indio de la no violencia, abandona Sud\u00e1frica tras luchar por los derechos de sus compatriotas all\u00ed emigrados.<\/p>\n\n\n\n<p class=\"wp-block-paragraph\">1925.- Se publica en Berl\u00edn el primer volumen de libro de Hitler \u00abMein Kampf\u00bb (\u00abMi lucha\u00bb).<\/p>\n\n\n\n<p class=\"wp-block-paragraph\">1928.- Inauguraci\u00f3n del ferrocarril transpirenaico entre Pau (Francia) y Zaragoza, por el t\u00fanel de Somport, acto presidido por Alfonso XIII y el presidente galo, Gaston Doumergue, en la estaci\u00f3n oscense de Canfranc.<\/p>\n\n\n\n<p class=\"wp-block-paragraph\">1936.- Comienza el levantamiento militar en la pen\u00ednsula contra la Rep\u00fablica espa\u00f1ola. Se suma a la asonada en Sevilla el general Gonzalo Queipo de Llano y dimite el presidente del Gobierno, Santiago Casares.<\/p>\n\n\n\n<p class=\"wp-block-paragraph\">1936.- \u00abLucky\u00bb Luciano, uno de los l\u00edderes italianos del crimen organizado en EEUU, es sentenciado en Nueva York a una pena de 30 a 50 a\u00f1os por proxeneta. Acept\u00f3 su deportaci\u00f3n a Italia tras colaborar en la II Guerra Mundial.<\/p>\n\n\n\n<p class=\"wp-block-paragraph\">1947.- Jorge VI del Reino Unido sanciona la ley de Independencia de la India brit\u00e1nica, que divide en dos pa\u00edses: India y Pakist\u00e1n.<\/p>\n\n\n\n<p class=\"wp-block-paragraph\">1959.- Federico Mart\u00edn Bahamontes, primer ciclista espa\u00f1ol en ganar el Tour de Francia.<\/p>\n\n\n\n<p class=\"wp-block-paragraph\">1968.- Robert Noyce, Gordon Moore y Andy Grove crean en California la empresa de microprocesadores NM Electronics, luego Integrated Electronics (Intel).<\/p>\n\n\n\n<p class=\"wp-block-paragraph\">1988.- Ir\u00e1n acepta la resoluci\u00f3n 598 de la ONU sobre el alto el fuego en la guerra que mantiene con Irak desde 1980, quien lo admite el 8 de agosto.<\/p>\n\n\n\n<p class=\"wp-block-paragraph\">1988.- El golfista Severiano Ballesteros gana su tercer y \u00faltimo Abierto Brit\u00e1nico, en el campo de Royal Lytham.<\/p>\n\n\n\n<p class=\"wp-block-paragraph\">1991.- Comienza la I Cumbre Iberoamericana, en Guadalajara (M\u00e9xico), con la participaci\u00f3n de los mandatarios de los 21 pa\u00edses.<\/p>\n\n\n\n<p class=\"wp-block-paragraph\">1994.- Fallecen 85 personas y m\u00e1s de 300 resultan heridas al estallar un coche-bomba que destruye la sede de la israel\u00ed Asociaci\u00f3n Mutualista Argentina (AMIA) de Buenos Aires.<\/p>\n\n\n\n<p class=\"wp-block-paragraph\">1994.- El Frente Patri\u00f3tico Ruand\u00e9s comunica a la ONU el fin de la guerra tras su victoria. Hubo genocidio de cerca de un mill\u00f3n de tutsis y hutus moderados.<\/p>\n\n\n\n<p class=\"wp-block-paragraph\">1998.- Comienza un incendio forestal en el centro de Catalu\u00f1a en el que arden 27 mil hect\u00e1reas en las comarcas de La Seguarra, El Bages y el Solson\u00e9s.<\/p>\n\n\n\n<p class=\"wp-block-paragraph\">1999.- Tras m\u00e1s de dos meses de combates, India da por finalizada la guerra contra los insurgentes isl\u00e1micos que ocuparon zonas de Cachemira.<\/p>\n\n\n\n<p class=\"wp-block-paragraph\">2002.- La Polic\u00eda francesa y la Guardia Civil desarticulan la c\u00fapula del GRAPO y detienen a 14 de sus miembros.<\/p>\n\n\n\n<p class=\"wp-block-paragraph\">2006.- La SEPI autoriza la privatizaci\u00f3n de 3 de los 4 astilleros Izar (Sestao, Gij\u00f3n y Sevilla), aprobada en noviembre por el Gobierno espa\u00f1ol.<\/p>\n\n\n\n<p class=\"wp-block-paragraph\">2009.- Elecciones presidenciales en Mauritania, con victoria del general golpista Mohamed Uld Abdelaziz, con el 52,58 por ciento de los votos.<\/p>\n\n\n\n<p class=\"wp-block-paragraph\">2017.- \u00c1ngel Mar\u00eda Villar, presidente de la Federaci\u00f3n Espa\u00f1ola de F\u00fatbol, es detenido y encarcelado en una operaci\u00f3n anticorrupci\u00f3n de la Audiencia Nacional.<\/p>\n\n\n\n<p class=\"wp-block-paragraph\">2018.- La Comisi\u00f3n Europea impone una multa de 4.343 millones de euros a Google por utilizar su sistema operativo Android para reforzar el dominio de su buscador.<\/p>\n\n\n\n<p class=\"wp-block-paragraph\">2021.- Medios de todo el mundo publican un informe sobre el programa Pegasus, creado para luchar contra el crimen organizado y el terrorismo, pero utilizado por gobiernos para seguir a periodistas, opositores y activistas, con datos de 50.000 tel\u00e9fonos filtrados a Amnist\u00eda Internacional.<\/p>\n\n\n\n<p class=\"wp-block-paragraph\"><strong>Nacimientos<\/strong><\/p>\n\n\n\n<p class=\"wp-block-paragraph\">1811.- William Makepeace Thackeray, escritor brit\u00e1nico.<\/p>\n\n\n\n<p class=\"wp-block-paragraph\">1888.- Margarita Xirg\u00fa, actriz espa\u00f1ola.<\/p>\n\n\n\n<p class=\"wp-block-paragraph\">1909.- Andrei Gromiko, pol\u00edtico sovi\u00e9tico.<\/p>\n\n\n\n<p class=\"wp-block-paragraph\">1918.- Nelson Mandela, expresidente sudafricano<\/p>\n\n\n\n<p class=\"wp-block-paragraph\">1921.- John Herschel Glenn, primer astronauta estadounidense en orbitar la Tierra (1962).<\/p>\n\n\n\n<p class=\"wp-block-paragraph\">1925.- Jaime de Mora y Arag\u00f3n, arist\u00f3crata espa\u00f1ol.<\/p>\n\n\n\n<p class=\"wp-block-paragraph\">1927.- Kurt Masur, director de orquesta alem\u00e1n.<\/p>\n\n\n\n<p class=\"wp-block-paragraph\">1932.- Yevgueni A. Yevtushenko, poeta ruso.<\/p>\n\n\n\n<p class=\"wp-block-paragraph\">1938.- Santiago Mart\u00edn \u00abEl Viti\u00bb, torero espa\u00f1ol.<\/p>\n\n\n\n<p class=\"wp-block-paragraph\">1938.- Paul Verhoeven, director de cine holand\u00e9s.<\/p>\n\n\n\n<p class=\"wp-block-paragraph\">1946.- Michael Czerny, cardenal checo y prefecto de la Santa Sede.<\/p>\n\n\n\n<p class=\"wp-block-paragraph\">1947.- Steve Forbes, editor y pol\u00edtico norteamericano.<\/p>\n\n\n\n<p class=\"wp-block-paragraph\">1950.- Richard Branson, brit\u00e1nico fundador del grupo Virgin.<\/p>\n\n\n\n<p class=\"wp-block-paragraph\">1954.- Johann-Dietrich Woerner, alem\u00e1n y director general saliente de la Agencia Espacial Europea.<\/p>\n\n\n\n<p class=\"wp-block-paragraph\">1957.- Nick Faldo, golfista brit\u00e1nico.<\/p>\n\n\n\n<p class=\"wp-block-paragraph\">1958.- Nuccio Ordine, fil\u00f3sofo y humanista italiano.<\/p>\n\n\n\n<p class=\"wp-block-paragraph\">1963.- Mart\u00edn Torrijos, expresidente paname\u00f1o.<\/p>\n\n\n\n<p class=\"wp-block-paragraph\">1963.- Mar\u00eda Pag\u00e9s, bailaora y core\u00f3grafa espa\u00f1ola.<\/p>\n\n\n\n<p class=\"wp-block-paragraph\">1967.- Vin Diesel, actor estadounidense.<\/p>\n\n\n\n<p class=\"wp-block-paragraph\">1976.- Elsa Pataky, actriz espa\u00f1ola.<\/p>\n\n\n\n<p class=\"wp-block-paragraph\">1977.- \u00c1ngel Le\u00f3n, cocinero espa\u00f1ol.<\/p>\n\n\n\n<p class=\"wp-block-paragraph\"><strong>Defunciones<\/strong><\/p>\n\n\n\n<p class=\"wp-block-paragraph\">1566.- Bartolom\u00e9 de las Casas, fraile espa\u00f1ol defensor de los ind\u00edgenas americanos.<\/p>\n\n\n\n<p class=\"wp-block-paragraph\">1721.- Antoine Watteau, pintor franc\u00e9s.<\/p>\n\n\n\n<p class=\"wp-block-paragraph\">1817.- Jane Austen, escritora brit\u00e1nica.<\/p>\n\n\n\n<p class=\"wp-block-paragraph\">1872.- Benito Ju\u00e1rez, expresidente mexicano.<\/p>\n\n\n\n<p class=\"wp-block-paragraph\">1909.- Carlos Mar\u00eda Borb\u00f3n y Austria-Este, pretendiente carlista al trono de Espa\u00f1a.<\/p>\n\n\n\n<p class=\"wp-block-paragraph\">1986.- Stanley Rous, expresidente de la FIFA.<\/p>\n\n\n\n<p class=\"wp-block-paragraph\">1987.- Gilberto Freyre, soci\u00f3logo y escritor brasile\u00f1o.<\/p>\n\n\n\n<p class=\"wp-block-paragraph\">1993.- Jean Negulesco, cineasta estadounidense.<\/p>\n\n\n\n<p class=\"wp-block-paragraph\">1996.- Javier Escriv\u00e1, actor espa\u00f1ol.<\/p>\n\n\n\n<p class=\"wp-block-paragraph\">1996.- Jos\u00e9 Manuel Fuente, \u00abTarangu\u00bb, ciclista espa\u00f1ol.<\/p>\n\n\n\n<p class=\"wp-block-paragraph\">2000.- Jos\u00e9 \u00c1ngel Valente, poeta espa\u00f1ol.<\/p>\n\n\n\n<p class=\"wp-block-paragraph\">2000.- Francisco Javier S\u00e1enz de Oiza, arquitecto espa\u00f1ol.<\/p>\n\n\n\n<p class=\"wp-block-paragraph\">2020.- Juan Mars\u00e9, escritor espa\u00f1ol.<\/p>\n","protected":false},"excerpt":{"rendered":"<p>Un d\u00eda 18 de julio de julio como hoy, pero de 1976, la gimnasta rumana Nadia Comaneci, de 14 a\u00f1os, es la primer mujer en lograr una calificaci\u00f3n perfecta de 10 en las barras asim\u00e9tricas durante los Juegos de Montreal, nota que repite otras seis veces m\u00e1s en ese torneo. Su actuaci\u00f3n fue tan impecable [&hellip;]<\/p>\n","protected":false},"author":6,"featured_media":63840,"comment_status":"closed","ping_status":"closed","sticky":false,"template":"","format":"standard","meta":{"_acf_changed":false,"_monsterinsights_skip_tracking":false,"slim_seo":{"title":"Efem\u00e9rides 18 de julio | Un d\u00eda como hoy en la historia... - Opini\u00f3n P\u00fablica","description":"Un d\u00eda 18 de julio de julio como hoy, pero de 1976, la gimnasta rumana Nadia Comaneci, de 14 a\u00f1os, es la primer mujer en lograr una calificaci\u00f3n perfecta de 10"},"footnotes":""},"categories":[27],"tags":[],"class_list":["post-63839","post","type-post","status-publish","format-standard","has-post-thumbnail","hentry","category-un-dia-como-hoy"],"acf":[],"_links":{"self":[{"href":"https:\/\/www.opinionpublica.tv\/portada\/wp-json\/wp\/v2\/posts\/63839","targetHints":{"allow":["GET"]}}],"collection":[{"href":"https:\/\/www.opinionpublica.tv\/portada\/wp-json\/wp\/v2\/posts"}],"about":[{"href":"https:\/\/www.opinionpublica.tv\/portada\/wp-json\/wp\/v2\/types\/post"}],"author":[{"embeddable":true,"href":"https:\/\/www.opinionpublica.tv\/portada\/wp-json\/wp\/v2\/users\/6"}],"replies":[{"embeddable":true,"href":"https:\/\/www.opinionpublica.tv\/portada\/wp-json\/wp\/v2\/comments?post=63839"}],"version-history":[{"count":2,"href":"https:\/\/www.opinionpublica.tv\/portada\/wp-json\/wp\/v2\/posts\/63839\/revisions"}],"predecessor-version":[{"id":63842,"href":"https:\/\/www.opinionpublica.tv\/portada\/wp-json\/wp\/v2\/posts\/63839\/revisions\/63842"}],"wp:featuredmedia":[{"embeddable":true,"href":"https:\/\/www.opinionpublica.tv\/portada\/wp-json\/wp\/v2\/media\/63840"}],"wp:attachment":[{"href":"https:\/\/www.opinionpublica.tv\/portada\/wp-json\/wp\/v2\/media?parent=63839"}],"wp:term":[{"taxonomy":"category","embeddable":true,"href":"https:\/\/www.opinionpublica.tv\/portada\/wp-json\/wp\/v2\/categories?post=63839"},{"taxonomy":"post_tag","embeddable":true,"href":"https:\/\/www.opinionpublica.tv\/portada\/wp-json\/wp\/v2\/tags?post=63839"}],"curies":[{"name":"wp","href":"https:\/\/api.w.org\/{rel}","templated":true}]}}