{"id":63805,"date":"2025-07-16T00:01:00","date_gmt":"2025-07-16T06:01:00","guid":{"rendered":"https:\/\/www.opinionpublica.tv\/portada\/?p=63805"},"modified":"2025-07-15T21:26:41","modified_gmt":"2025-07-16T03:26:41","slug":"invitan-a-jovenes-juarenses-a-participar-en-el-premio-municipal-de-la-juventud-2025","status":"publish","type":"post","link":"https:\/\/www.opinionpublica.tv\/portada\/invitan-a-jovenes-juarenses-a-participar-en-el-premio-municipal-de-la-juventud-2025\/","title":{"rendered":"Invitan a j\u00f3venes juarenses a registrarse en el Premio Municipal de la Juventud 2025"},"content":{"rendered":"\n<figure class=\"wp-block-image size-large\"><img fetchpriority=\"high\" decoding=\"async\" width=\"1024\" height=\"682\" src=\"https:\/\/www.opinionpublica.tv\/portada\/wp-content\/uploads\/2025\/07\/Invitan-a-jovenes-juarenses-a-registrarse-en-el-Premio-Municipal-de-la-Juventud-2025-1024x682.jpeg\" alt=\"Invitan a jo\u0301venes juarenses a registrarse en el premio municipal de la juventud 2025\" class=\"wp-image-63810\" srcset=\"https:\/\/www.opinionpublica.tv\/portada\/wp-content\/uploads\/2025\/07\/Invitan-a-jovenes-juarenses-a-registrarse-en-el-Premio-Municipal-de-la-Juventud-2025-1024x682.jpeg 1024w, https:\/\/www.opinionpublica.tv\/portada\/wp-content\/uploads\/2025\/07\/Invitan-a-jovenes-juarenses-a-registrarse-en-el-Premio-Municipal-de-la-Juventud-2025-300x200.jpeg 300w, https:\/\/www.opinionpublica.tv\/portada\/wp-content\/uploads\/2025\/07\/Invitan-a-jovenes-juarenses-a-registrarse-en-el-Premio-Municipal-de-la-Juventud-2025-768x512.jpeg 768w, https:\/\/www.opinionpublica.tv\/portada\/wp-content\/uploads\/2025\/07\/Invitan-a-jovenes-juarenses-a-registrarse-en-el-Premio-Municipal-de-la-Juventud-2025-1536x1023.jpeg 1536w, https:\/\/www.opinionpublica.tv\/portada\/wp-content\/uploads\/2025\/07\/Invitan-a-jovenes-juarenses-a-registrarse-en-el-Premio-Municipal-de-la-Juventud-2025.jpeg 1600w\" sizes=\"(max-width: 1024px) 100vw, 1024px\" \/><\/figure>\n\n\n\n<p class=\"wp-block-paragraph\"><em>Ciudad Ju\u00e1rez, Chih<\/em>.- Regidoras de la Comisi\u00f3n Edilicia de la Juventud se reunieron con el director del Instituto Municipal de la Juventud, Osvaldo Rivas, quien dio a conocer c\u00f3mo va la convocatoria del Premio Municipal de la Juventud MAASS en su edici\u00f3n 2025.<\/p>\n\n\n\n<p class=\"wp-block-paragraph\">El funcionario inform\u00f3 a las regidoras Luz Clara Cristo Sosa y Laura Fernanda \u00c1valos Medina, que ya se alcanz\u00f3 el n\u00famero de registros del a\u00f1o pasado y aunque la convocatoria termina en 15 d\u00edas, se tiene la confianza que se logren obtener 100 expedientes de j\u00f3venes que buscan obtener el reconocimiento.<\/p>\n\n\n\n<p class=\"wp-block-paragraph\">Dio a conocer que la categor\u00eda con m\u00e1s participaci\u00f3n es la B, donde se encuentran j\u00f3venes en un rango de edad de entre 19 a 29 a\u00f1os, pero se est\u00e1 buscando que haya paridad entre las categor\u00edas.<\/p>\n\n\n\n<p class=\"wp-block-paragraph\">La participaci\u00f3n de los j\u00f3venes mayormente es la rama art\u00edstica, ya que esta es una frontera llena de artistas, luego le siguen deportes, productividad y altruismo.<\/p>\n\n\n\n<p class=\"wp-block-paragraph\">Osvaldo Rivas dijo que esta es una iniciativa que el Presidente Municipal, Cruz P\u00e9rez Cu\u00e9llar, ha promovido, ya que busca reconocer el esfuerzo y talento de las juventudes juarenses.<\/p>\n\n\n\n<p class=\"wp-block-paragraph\">Los interesados en participar tienen hasta el 1 de agosto para poder hacerlo y pueden participar en las categor\u00edas de 12 a 18 a\u00f1os y de 19 a 20 a\u00f1os, donde cada ganador se har\u00e1 acreedor a una placa y un premio de 10 mil pesos.<\/p>\n\n\n\n<p class=\"wp-block-paragraph\">Los interesados en participar deber\u00e1n crear un expediente que incluya nombre completo, domicilio, tel\u00e9fono, fotograf\u00edas, videos, reconocimientos y evidencias que comprueben logros obtenidos exclusivamente durante el a\u00f1o 2024.<\/p>\n\n\n\n<p class=\"wp-block-paragraph\">Se deber\u00e1 redactar una carta semblanza del postulante donde detalle los m\u00e9ritos por los cuales desean ser considerados, as\u00ed como especificar la categor\u00eda y el grupo de edad en el que participan.<\/p>\n\n\n\n<p class=\"wp-block-paragraph\">Los interesados deber\u00e1n enviar sus expedientes tambi\u00e9n de forma digital al correo premiomaass2025@gmail.com, incluyendo todos los datos y evidencias requeridas.<\/p>\n\n\n\n<p class=\"wp-block-paragraph\">El expediente puede entregarse f\u00edsicamente en las oficinas del Instituto Municipal de la Juventud, ubicadas en calle Costa Rica n\u00famero 1428, zona El Chamizal o se pueden comunicar al n\u00famero telef\u00f3nico 656-251-7479.<\/p>\n","protected":false},"excerpt":{"rendered":"<p>Ciudad Ju\u00e1rez, Chih.- Regidoras de la Comisi\u00f3n Edilicia de la Juventud se reunieron con el director del Instituto Municipal de la Juventud, Osvaldo Rivas, quien dio a conocer c\u00f3mo va la convocatoria del Premio Municipal de la Juventud MAASS en su edici\u00f3n 2025. El funcionario inform\u00f3 a las regidoras Luz Clara Cristo Sosa y Laura [&hellip;]<\/p>\n","protected":false},"author":6,"featured_media":63810,"comment_status":"closed","ping_status":"closed","sticky":false,"template":"","format":"standard","meta":{"_acf_changed":false,"_monsterinsights_skip_tracking":false,"slim_seo":{"title":"Invitan a j\u00f3venes juarenses a registrarse en el Premio Municipal de la Juventud 2025 - Opini\u00f3n P\u00fablica","description":"Ciudad Ju\u00e1rez, Chih .- Regidoras de la Comisi\u00f3n Edilicia de la Juventud se reunieron con el director del Instituto Municipal de la Juventud, Osvaldo Rivas, quie"},"footnotes":""},"categories":[41],"tags":[],"class_list":["post-63805","post","type-post","status-publish","format-standard","has-post-thumbnail","hentry","category-juarez"],"acf":[],"_links":{"self":[{"href":"https:\/\/www.opinionpublica.tv\/portada\/wp-json\/wp\/v2\/posts\/63805","targetHints":{"allow":["GET"]}}],"collection":[{"href":"https:\/\/www.opinionpublica.tv\/portada\/wp-json\/wp\/v2\/posts"}],"about":[{"href":"https:\/\/www.opinionpublica.tv\/portada\/wp-json\/wp\/v2\/types\/post"}],"author":[{"embeddable":true,"href":"https:\/\/www.opinionpublica.tv\/portada\/wp-json\/wp\/v2\/users\/6"}],"replies":[{"embeddable":true,"href":"https:\/\/www.opinionpublica.tv\/portada\/wp-json\/wp\/v2\/comments?post=63805"}],"version-history":[{"count":3,"href":"https:\/\/www.opinionpublica.tv\/portada\/wp-json\/wp\/v2\/posts\/63805\/revisions"}],"predecessor-version":[{"id":63811,"href":"https:\/\/www.opinionpublica.tv\/portada\/wp-json\/wp\/v2\/posts\/63805\/revisions\/63811"}],"wp:featuredmedia":[{"embeddable":true,"href":"https:\/\/www.opinionpublica.tv\/portada\/wp-json\/wp\/v2\/media\/63810"}],"wp:attachment":[{"href":"https:\/\/www.opinionpublica.tv\/portada\/wp-json\/wp\/v2\/media?parent=63805"}],"wp:term":[{"taxonomy":"category","embeddable":true,"href":"https:\/\/www.opinionpublica.tv\/portada\/wp-json\/wp\/v2\/categories?post=63805"},{"taxonomy":"post_tag","embeddable":true,"href":"https:\/\/www.opinionpublica.tv\/portada\/wp-json\/wp\/v2\/tags?post=63805"}],"curies":[{"name":"wp","href":"https:\/\/api.w.org\/{rel}","templated":true}]}}