{"id":63772,"date":"2025-07-16T00:01:00","date_gmt":"2025-07-16T06:01:00","guid":{"rendered":"https:\/\/www.opinionpublica.tv\/portada\/?p=63772"},"modified":"2025-07-15T20:36:47","modified_gmt":"2025-07-16T02:36:47","slug":"imparables-los-retiros-por-desempleo-en-las-afore-pese-a-reforma-reciente-acumulan-17-5-mil-mdp-en-primer-semestre-2025","status":"publish","type":"post","link":"https:\/\/www.opinionpublica.tv\/portada\/imparables-los-retiros-por-desempleo-en-las-afore-pese-a-reforma-reciente-acumulan-17-5-mil-mdp-en-primer-semestre-2025\/","title":{"rendered":"Imparables los retiros por desempleo en las Afore pese a reforma reciente; van 17.5 mil mdp en primer semestre"},"content":{"rendered":"\n<figure class=\"wp-block-image size-full\"><img fetchpriority=\"high\" decoding=\"async\" width=\"768\" height=\"432\" src=\"https:\/\/www.opinionpublica.tv\/portada\/wp-content\/uploads\/2025\/07\/Imparables-los-retiros-por-desempleo-en-las-Afore-pese-a-reforma-reciente-van-17.5-mil-mdp-en-primer-semestre.jpeg\" alt=\"Imparables los retiros por desempleo en las afore pese a reforma reciente; van 17.5 mil mdp en primer semestre\" class=\"wp-image-63777\" srcset=\"https:\/\/www.opinionpublica.tv\/portada\/wp-content\/uploads\/2025\/07\/Imparables-los-retiros-por-desempleo-en-las-Afore-pese-a-reforma-reciente-van-17.5-mil-mdp-en-primer-semestre.jpeg 768w, https:\/\/www.opinionpublica.tv\/portada\/wp-content\/uploads\/2025\/07\/Imparables-los-retiros-por-desempleo-en-las-Afore-pese-a-reforma-reciente-van-17.5-mil-mdp-en-primer-semestre-300x169.jpeg 300w\" sizes=\"(max-width: 768px) 100vw, 768px\" \/><\/figure>\n\n\n\n<p class=\"wp-block-paragraph\">Al cierre del primer semestre de 2025, los retiros por desempleo de las Afore acumularon 17 mil 505 millones de pesos, un alza de 12.8% en t\u00e9rminos reales respecto del mismo periodo del a\u00f1o previo, de acuerdo con datos de la Comisi\u00f3n Nacional del Sistema de Ahorro para el Retiro (Consar).<\/p>\n\n\n\n<p class=\"wp-block-paragraph\">De acuerdo con los datos del regulador, se trata de un nuevo m\u00e1ximo hist\u00f3rico para periodos similares, en medio de las medidas que ha aprobado el Congreso para controlar los retiros por desempleo de las Afore realizados por falsos gestores, situaci\u00f3n que ha disparado la cantidad de dinero dispuesto del ahorro para la pensi\u00f3n administrado en las Afore.<\/p>\n\n\n\n<p class=\"wp-block-paragraph\">En detalle, solamente en junio se dispusieron tres mil 40 millones de pesos en retiros por desempleo, un crecimiento de 13.8% en t\u00e9rminos reales respecto del mismo mes de 2024.<\/p>\n\n\n\n<p class=\"wp-block-paragraph\">Cabe recordar que en julio pasado, en la C\u00e1mara de Diputados se aprob\u00f3 un \u201ccandado\u201d para contener los retiros por desempleo de las Afore, con el cual, el monto que se podr\u00e1 retirar por desempleo de la Afore se calcular\u00e1 con base en el salario promedio de las \u00faltimas 52 semanas, y no solo en el \u00faltimo sueldo reportado.<\/p>\n\n\n\n<p class=\"wp-block-paragraph\">Coppel encabeza lista de Afores con m\u00e1s retiros por desempleo<\/p>\n\n\n\n<p class=\"wp-block-paragraph\">De igual forma, tambi\u00e9n se prohibir\u00e1 que gestores o intermediarios hagan estos tr\u00e1mites por los trabajadores. El objetivo es evitar abusos que afectan el ahorro para el retiro y las semanas cotizadas ante el IMSS.<\/p>\n\n\n\n<p class=\"wp-block-paragraph\">En junio de 2025, Coppel encabez\u00f3 la lista con retiros por 604.4 millones de pesos, consolid\u00e1ndose como la afore con m\u00e1s salidas por este concepto durante el mes.<\/p>\n\n\n\n<p class=\"wp-block-paragraph\">Azteca se ubic\u00f3 en segundo lugar al registrar 515.2 millones de pesos en retiros por desempleo, mientras que Banamex alcanz\u00f3 483.0 millones de pesos, reflejando tambi\u00e9n una elevada demanda de recursos por parte de sus afiliados en esta modalidad.<\/p>\n\n\n\n<p class=\"wp-block-paragraph\">Por su parte, XXI Banorte report\u00f3 456.9 millones de pesos en retiros por desempleo en junio, situ\u00e1ndose entre las administradoras con m\u00e1s afectaci\u00f3n por la necesidad de liquidez de los trabajadores. Asimismo, SURA sum\u00f3 353.6 millones de pesos, manteni\u00e9ndose tambi\u00e9n en el grupo de afores con flujos significativos por esta causa.<\/p>\n\n\n\n<p class=\"wp-block-paragraph\">Profuturo, con 261.5 millones de pesos, complet\u00f3 el listado de las administradoras con retiros superiores a los 250 millones en el mes.<\/p>\n\n\n\n<p class=\"wp-block-paragraph\">Afores logran plusval\u00edas hist\u00f3ricas por m\u00e1s de 534 mil mdp en primer semestre<\/p>\n\n\n\n<p class=\"wp-block-paragraph\">La Consar tambi\u00e9n inform\u00f3 que las Afore registraron plusval\u00edas hist\u00f3ricas por 534 mil 180 millones de pesos durante el primer semestre del a\u00f1o, la cifra m\u00e1s alta para un periodo similar desde que se tiene registro.<\/p>\n\n\n\n<p class=\"wp-block-paragraph\">De acuerdo con datos del regulador, s\u00f3lo en junio pasado las 10 administradoras que operan en el pa\u00eds generaron plusval\u00edas por 82 mil 542 millones de pesos, consolidando as\u00ed cinco meses en terreno positivo durante 2025. La \u00fanica excepci\u00f3n se dio en abril, cuando se reportaron minusval\u00edas por 31 mil 674 millones de pesos.<\/p>\n\n\n\n<p class=\"wp-block-paragraph\">En el acumulado de los \u00faltimos 12 meses, las plusval\u00edas suman 938 mil 322 millones de pesos, tambi\u00e9n un m\u00e1ximo hist\u00f3rico para el sistema.<\/p>\n\n\n\n<p class=\"wp-block-paragraph\">Estos resultados positivos se han dado a pesar de episodios de volatilidad en los mercados internacionales, asociados principalmente a la pol\u00edtica comercial del presidente de Estados Unidos, Donald Trump.<\/p>\n\n\n\n<p class=\"wp-block-paragraph\"><em>Con informaci\u00f3n de El Universal<\/em>.<\/p>\n","protected":false},"excerpt":{"rendered":"<p>Al cierre del primer semestre de 2025, los retiros por desempleo de las Afore acumularon 17 mil 505 millones de pesos, un alza de 12.8% en t\u00e9rminos reales respecto del mismo periodo del a\u00f1o previo, de acuerdo con datos de la Comisi\u00f3n Nacional del Sistema de Ahorro para el Retiro (Consar). De acuerdo con los [&hellip;]<\/p>\n","protected":false},"author":6,"featured_media":63777,"comment_status":"closed","ping_status":"closed","sticky":false,"template":"","format":"standard","meta":{"_acf_changed":false,"_monsterinsights_skip_tracking":false,"slim_seo":{"title":"Imparables los retiros por desempleo en las Afore pese a reforma reciente; van 17.5 mil mdp en primer semestre - Opini\u00f3n P\u00fablica","description":"Al cierre del primer semestre de 2025, los retiros por desempleo de las Afore acumularon 17 mil 505 millones de pesos, un alza de 12.8% en t\u00e9rminos reales respe"},"footnotes":""},"categories":[3],"tags":[],"class_list":["post-63772","post","type-post","status-publish","format-standard","has-post-thumbnail","hentry","category-principal"],"acf":[],"_links":{"self":[{"href":"https:\/\/www.opinionpublica.tv\/portada\/wp-json\/wp\/v2\/posts\/63772","targetHints":{"allow":["GET"]}}],"collection":[{"href":"https:\/\/www.opinionpublica.tv\/portada\/wp-json\/wp\/v2\/posts"}],"about":[{"href":"https:\/\/www.opinionpublica.tv\/portada\/wp-json\/wp\/v2\/types\/post"}],"author":[{"embeddable":true,"href":"https:\/\/www.opinionpublica.tv\/portada\/wp-json\/wp\/v2\/users\/6"}],"replies":[{"embeddable":true,"href":"https:\/\/www.opinionpublica.tv\/portada\/wp-json\/wp\/v2\/comments?post=63772"}],"version-history":[{"count":3,"href":"https:\/\/www.opinionpublica.tv\/portada\/wp-json\/wp\/v2\/posts\/63772\/revisions"}],"predecessor-version":[{"id":63778,"href":"https:\/\/www.opinionpublica.tv\/portada\/wp-json\/wp\/v2\/posts\/63772\/revisions\/63778"}],"wp:featuredmedia":[{"embeddable":true,"href":"https:\/\/www.opinionpublica.tv\/portada\/wp-json\/wp\/v2\/media\/63777"}],"wp:attachment":[{"href":"https:\/\/www.opinionpublica.tv\/portada\/wp-json\/wp\/v2\/media?parent=63772"}],"wp:term":[{"taxonomy":"category","embeddable":true,"href":"https:\/\/www.opinionpublica.tv\/portada\/wp-json\/wp\/v2\/categories?post=63772"},{"taxonomy":"post_tag","embeddable":true,"href":"https:\/\/www.opinionpublica.tv\/portada\/wp-json\/wp\/v2\/tags?post=63772"}],"curies":[{"name":"wp","href":"https:\/\/api.w.org\/{rel}","templated":true}]}}