{"id":63767,"date":"2025-07-16T00:01:00","date_gmt":"2025-07-16T06:01:00","guid":{"rendered":"https:\/\/www.opinionpublica.tv\/portada\/?p=63767"},"modified":"2025-07-15T20:20:30","modified_gmt":"2025-07-16T02:20:30","slug":"curp-biometrica-en-mexico-donde-tramitarla-y-que-necesitas-descubrelo-aqui","status":"publish","type":"post","link":"https:\/\/www.opinionpublica.tv\/portada\/curp-biometrica-en-mexico-donde-tramitarla-y-que-necesitas-descubrelo-aqui\/","title":{"rendered":"CURP biom\u00e9trica en M\u00e9xico: \u00bfd\u00f3nde tramitarla y qu\u00e9 necesitas?; desc\u00fabrelo aqu\u00ed"},"content":{"rendered":"\n<figure class=\"wp-block-image size-full\"><img fetchpriority=\"high\" decoding=\"async\" width=\"1006\" height=\"620\" src=\"https:\/\/www.opinionpublica.tv\/portada\/wp-content\/uploads\/2025\/07\/CURP-biometrica-en-Mexico-\u00bfdonde-tramitarla-y-que-necesitas-descubrelo-aqui.avif\" alt=\"Curp biome\u0301trica en me\u0301xico \u00bfdo\u0301nde tramitarla y que\u0301 necesitas?; descu\u0301brelo aqui\u0301\" class=\"wp-image-63770\" srcset=\"https:\/\/www.opinionpublica.tv\/portada\/wp-content\/uploads\/2025\/07\/CURP-biometrica-en-Mexico-\u00bfdonde-tramitarla-y-que-necesitas-descubrelo-aqui.avif 1006w, https:\/\/www.opinionpublica.tv\/portada\/wp-content\/uploads\/2025\/07\/CURP-biometrica-en-Mexico-\u00bfdonde-tramitarla-y-que-necesitas-descubrelo-aqui-300x185.avif 300w, https:\/\/www.opinionpublica.tv\/portada\/wp-content\/uploads\/2025\/07\/CURP-biometrica-en-Mexico-\u00bfdonde-tramitarla-y-que-necesitas-descubrelo-aqui-768x473.avif 768w\" sizes=\"(max-width: 1006px) 100vw, 1006px\" \/><\/figure>\n\n\n\n<p class=\"wp-block-paragraph\">La Clave \u00danica de Registro de Poblaci\u00f3n (CURP) est\u00e1 por experimentar una transformaci\u00f3n de fondo con la llegada de su versi\u00f3n biom\u00e9trica.<\/p>\n\n\n\n<p class=\"wp-block-paragraph\">Este cambio, anunciado por el Gobierno de M\u00e9xico durante la administraci\u00f3n de la presidenta Claudia Sheinbaum, tiene como objetivo convertir a la CURP en el documento central de identificaci\u00f3n para todas las personas residentes en el pa\u00eds.<\/p>\n\n\n\n<p class=\"wp-block-paragraph\">A diferencia del formato actual, la nueva CURP incluir\u00e1 datos biom\u00e9tricos, lo que permitir\u00e1 validar la identidad de manera m\u00e1s segura y precisa.<\/p>\n\n\n\n<p class=\"wp-block-paragraph\">Entre los elementos que se integrar\u00e1n se encuentran huellas dactilares, fotograf\u00eda y reconocimiento del iris, lo que fortalecer\u00e1 los procesos de verificaci\u00f3n en tr\u00e1mites gubernamentales, servicios p\u00fablicos y operaciones privadas.<\/p>\n\n\n\n<p class=\"wp-block-paragraph\">\u00bfD\u00f3nde se puede tramitar la CURP biom\u00e9trica en 2025?<\/p>\n\n\n\n<p class=\"wp-block-paragraph\">La implementaci\u00f3n de la CURP biom\u00e9trica ser\u00e1 progresiva. Por el momento, el tr\u00e1mite solo est\u00e1 disponible en algunas sedes del Registro Civil del estado de Veracruz, como parte de un plan piloto que servir\u00e1 para ajustar el sistema antes de su aplicaci\u00f3n a nivel nacional.<\/p>\n\n\n\n<p class=\"wp-block-paragraph\">Las oficinas habilitadas para el tr\u00e1mite se localizan en municipios como Xalapa, Poza Rica, Misantla, Tantima y Coatzacoalcos. Estas sedes operan de lunes a viernes, con un horario de atenci\u00f3n de 8:00 a 17:00 horas.<\/p>\n\n\n\n<p class=\"wp-block-paragraph\">Cada d\u00eda se emiten entre 70 y 80 fichas, por lo que se sugiere llegar con anticipaci\u00f3n para asegurar el acceso al tr\u00e1mite.<\/p>\n\n\n\n<p class=\"wp-block-paragraph\">De acuerdo con la Secretar\u00eda de Gobernaci\u00f3n, a partir de febrero de 2026 la CURP biom\u00e9trica podr\u00e1 solicitarse en todos los m\u00f3dulos del Registro Civil del pa\u00eds, as\u00ed como en otras oficinas que ser\u00e1n habilitadas para este prop\u00f3sito.<\/p>\n\n\n\n<p class=\"wp-block-paragraph\">Requisitos oficiales para tramitar la CURP biom\u00e9trica<\/p>\n\n\n\n<p class=\"wp-block-paragraph\">El tr\u00e1mite de la CURP biom\u00e9trica ser\u00e1 presencial y estar\u00e1 abierto a toda la poblaci\u00f3n, sin importar la edad. Las personas interesadas deber\u00e1n acudir a los m\u00f3dulos autorizados del Registro Civil, donde se llevar\u00e1 a cabo la toma de datos biom\u00e9tricos y la validaci\u00f3n de la documentaci\u00f3n entregada.<\/p>\n\n\n\n<p class=\"wp-block-paragraph\">La Secretar\u00eda de Gobernaci\u00f3n ha informado que los requisitos para obtener la CURP biom\u00e9trica son los siguientes:<\/p>\n\n\n\n<p class=\"wp-block-paragraph\">Acta de nacimiento certificada y actualizada.<\/p>\n\n\n\n<p class=\"wp-block-paragraph\">Identificaci\u00f3n oficial vigente, como la credencial para votar o el pasaporte.<\/p>\n\n\n\n<p class=\"wp-block-paragraph\">CURP tradicional validado ante el Registro Nacional de Poblaci\u00f3n (Renapo).<\/p>\n\n\n\n<p class=\"wp-block-paragraph\">Comprobante de domicilio con una antig\u00fcedad no mayor a tres meses.<\/p>\n\n\n\n<p class=\"wp-block-paragraph\">Correo electr\u00f3nico personal y activo, con acceso garantizado por parte del solicitante.<\/p>\n\n\n\n<p class=\"wp-block-paragraph\">Estos documentos deber\u00e1n presentarse en original para su revisi\u00f3n y captura en el sistema. En el caso de ni\u00f1as, ni\u00f1os y personas sin identificaci\u00f3n oficial, ser\u00e1 necesaria la presencia de una persona tutora o responsable legal, con la documentaci\u00f3n correspondiente. (El Universal)<\/p>\n","protected":false},"excerpt":{"rendered":"<p>La Clave \u00danica de Registro de Poblaci\u00f3n (CURP) est\u00e1 por experimentar una transformaci\u00f3n de fondo con la llegada de su versi\u00f3n biom\u00e9trica. Este cambio, anunciado por el Gobierno de M\u00e9xico durante la administraci\u00f3n de la presidenta Claudia Sheinbaum, tiene como objetivo convertir a la CURP en el documento central de identificaci\u00f3n para todas las personas [&hellip;]<\/p>\n","protected":false},"author":6,"featured_media":63770,"comment_status":"closed","ping_status":"closed","sticky":false,"template":"","format":"standard","meta":{"_acf_changed":false,"_monsterinsights_skip_tracking":false,"slim_seo":{"title":"CURP biom\u00e9trica en M\u00e9xico: \u00bfd\u00f3nde tramitarla y qu\u00e9 necesitas?; desc\u00fabrelo aqu\u00ed - Opini\u00f3n P\u00fablica","description":"La Clave \u00danica de Registro de Poblaci\u00f3n (CURP) est\u00e1 por experimentar una transformaci\u00f3n de fondo con la llegada de su versi\u00f3n biom\u00e9trica. Este cambio, anunciado"},"footnotes":""},"categories":[4],"tags":[],"class_list":["post-63767","post","type-post","status-publish","format-standard","has-post-thumbnail","hentry","category-pulsopolitico"],"acf":[],"_links":{"self":[{"href":"https:\/\/www.opinionpublica.tv\/portada\/wp-json\/wp\/v2\/posts\/63767","targetHints":{"allow":["GET"]}}],"collection":[{"href":"https:\/\/www.opinionpublica.tv\/portada\/wp-json\/wp\/v2\/posts"}],"about":[{"href":"https:\/\/www.opinionpublica.tv\/portada\/wp-json\/wp\/v2\/types\/post"}],"author":[{"embeddable":true,"href":"https:\/\/www.opinionpublica.tv\/portada\/wp-json\/wp\/v2\/users\/6"}],"replies":[{"embeddable":true,"href":"https:\/\/www.opinionpublica.tv\/portada\/wp-json\/wp\/v2\/comments?post=63767"}],"version-history":[{"count":2,"href":"https:\/\/www.opinionpublica.tv\/portada\/wp-json\/wp\/v2\/posts\/63767\/revisions"}],"predecessor-version":[{"id":63771,"href":"https:\/\/www.opinionpublica.tv\/portada\/wp-json\/wp\/v2\/posts\/63767\/revisions\/63771"}],"wp:featuredmedia":[{"embeddable":true,"href":"https:\/\/www.opinionpublica.tv\/portada\/wp-json\/wp\/v2\/media\/63770"}],"wp:attachment":[{"href":"https:\/\/www.opinionpublica.tv\/portada\/wp-json\/wp\/v2\/media?parent=63767"}],"wp:term":[{"taxonomy":"category","embeddable":true,"href":"https:\/\/www.opinionpublica.tv\/portada\/wp-json\/wp\/v2\/categories?post=63767"},{"taxonomy":"post_tag","embeddable":true,"href":"https:\/\/www.opinionpublica.tv\/portada\/wp-json\/wp\/v2\/tags?post=63767"}],"curies":[{"name":"wp","href":"https:\/\/api.w.org\/{rel}","templated":true}]}}