{"id":63637,"date":"2025-07-14T00:01:00","date_gmt":"2025-07-14T06:01:00","guid":{"rendered":"https:\/\/www.opinionpublica.tv\/portada\/?p=63637"},"modified":"2025-07-13T13:33:19","modified_gmt":"2025-07-13T19:33:19","slug":"convocan-a-mujeres-del-campo-a-solicitar-apoyo-de-capacitacion-y-asistencia-tecnica","status":"publish","type":"post","link":"https:\/\/www.opinionpublica.tv\/portada\/convocan-a-mujeres-del-campo-a-solicitar-apoyo-de-capacitacion-y-asistencia-tecnica\/","title":{"rendered":"Convocan a las mujeres del campo a solicitar apoyos para recibir asistencia t\u00e9cnica"},"content":{"rendered":"\n<figure class=\"wp-block-image size-large\"><img fetchpriority=\"high\" decoding=\"async\" width=\"1024\" height=\"682\" src=\"https:\/\/www.opinionpublica.tv\/portada\/wp-content\/uploads\/2025\/07\/Convocan-a-las-mujeres-del-campo-a-solicitar-apoyos-para-recibir-asistencia-tecnica-1024x682.jpeg\" alt=\"Convocan a las mujeres del campo a solicitar apoyos para recibir asistencia te\u0301cnica\" class=\"wp-image-63642\" srcset=\"https:\/\/www.opinionpublica.tv\/portada\/wp-content\/uploads\/2025\/07\/Convocan-a-las-mujeres-del-campo-a-solicitar-apoyos-para-recibir-asistencia-tecnica-1024x682.jpeg 1024w, https:\/\/www.opinionpublica.tv\/portada\/wp-content\/uploads\/2025\/07\/Convocan-a-las-mujeres-del-campo-a-solicitar-apoyos-para-recibir-asistencia-tecnica-300x200.jpeg 300w, https:\/\/www.opinionpublica.tv\/portada\/wp-content\/uploads\/2025\/07\/Convocan-a-las-mujeres-del-campo-a-solicitar-apoyos-para-recibir-asistencia-tecnica-768x512.jpeg 768w, https:\/\/www.opinionpublica.tv\/portada\/wp-content\/uploads\/2025\/07\/Convocan-a-las-mujeres-del-campo-a-solicitar-apoyos-para-recibir-asistencia-tecnica-1536x1023.jpeg 1536w, https:\/\/www.opinionpublica.tv\/portada\/wp-content\/uploads\/2025\/07\/Convocan-a-las-mujeres-del-campo-a-solicitar-apoyos-para-recibir-asistencia-tecnica.jpeg 1600w\" sizes=\"(max-width: 1024px) 100vw, 1024px\" \/><\/figure>\n\n\n\n<p class=\"wp-block-paragraph\"><em>Chihuahua, Chih<\/em>.- La Secretar\u00eda de Desarrollo Rural (SDR) invita a las mujeres vinculadas al sector rural, a participar en la convocatoria para acceder a apoyos destinados a la realizaci\u00f3n de eventos de capacitaci\u00f3n, talleres y asistencia t\u00e9cnica, con el objetivo de fortalecer sus conocimientos, habilidades y destrezas.<\/p>\n\n\n\n<p class=\"wp-block-paragraph\">Este programa ofrece un apoyo econ\u00f3mico de hasta 25 mil pesos por evento, a fin de permitir que cada persona beneficiaria pueda participar en hasta cinco eventos.<\/p>\n\n\n\n<p class=\"wp-block-paragraph\">Las interesadas deber\u00e1n presentar su solicitud, acompa\u00f1ada de la documentaci\u00f3n correspondiente, en las ventanillas habilitadas y dentro del plazo establecido, conforme a los lineamientos marcados en las Reglas de Operaci\u00f3n.<\/p>\n\n\n\n<p class=\"wp-block-paragraph\">Las solicitudes pueden entregarse directamente en las oficinas de la SDR, ubicadas en avenida Divisi\u00f3n del Norte #2504, colonia Altavista, en la ciudad de Chihuahua, o en las presidencias municipales, a trav\u00e9s del personal de la Secretar\u00eda asignado en cada regi\u00f3n.<\/p>\n\n\n\n<p class=\"wp-block-paragraph\">Para orientaci\u00f3n y asesor\u00eda, las interesadas pueden acercarse al Departamento de Coordinaci\u00f3n de Residentes o comunicarse al tel\u00e9fono (614) 429-33-00, extensiones 17730, 17729 y 17709, en horario de oficina.<\/p>\n\n\n\n<p class=\"wp-block-paragraph\">Los formatos necesarios se encuentran disponibles en el portal oficial de la dependencia: www.chihuahua.gob.mx\/sdr.<\/p>\n\n\n\n<p class=\"wp-block-paragraph\">Es importante destacar que la presentaci\u00f3n de la solicitud no garantiza el acceso al apoyo, ya que este est\u00e1 sujeto a la disponibilidad presupuestal.<\/p>\n\n\n\n<p class=\"wp-block-paragraph\">La recepci\u00f3n de solicitudes permanecer\u00e1 abierta desde la fecha de publicaci\u00f3n de esta convocatoria y hasta el 31 de octubre de 2025, o hasta que se agoten los recursos asignados, en horario de 9:00 a 15:00 horas, en d\u00edas h\u00e1biles.<\/p>\n","protected":false},"excerpt":{"rendered":"<p>Chihuahua, Chih.- La Secretar\u00eda de Desarrollo Rural (SDR) invita a las mujeres vinculadas al sector rural, a participar en la convocatoria para acceder a apoyos destinados a la realizaci\u00f3n de eventos de capacitaci\u00f3n, talleres y asistencia t\u00e9cnica, con el objetivo de fortalecer sus conocimientos, habilidades y destrezas. Este programa ofrece un apoyo econ\u00f3mico de hasta [&hellip;]<\/p>\n","protected":false},"author":6,"featured_media":63642,"comment_status":"closed","ping_status":"closed","sticky":false,"template":"","format":"standard","meta":{"_acf_changed":false,"_monsterinsights_skip_tracking":false,"slim_seo":{"title":"Convocan a las mujeres del campo a solicitar apoyos para recibir asistencia t\u00e9cnica - Opini\u00f3n P\u00fablica","description":"Chihuahua, Chih .- La Secretar\u00eda de Desarrollo Rural (SDR) invita a las mujeres vinculadas al sector rural, a participar en la convocatoria para acceder a apoyo"},"footnotes":""},"categories":[11],"tags":[],"class_list":["post-63637","post","type-post","status-publish","format-standard","has-post-thumbnail","hentry","category-tendencias"],"acf":[],"_links":{"self":[{"href":"https:\/\/www.opinionpublica.tv\/portada\/wp-json\/wp\/v2\/posts\/63637","targetHints":{"allow":["GET"]}}],"collection":[{"href":"https:\/\/www.opinionpublica.tv\/portada\/wp-json\/wp\/v2\/posts"}],"about":[{"href":"https:\/\/www.opinionpublica.tv\/portada\/wp-json\/wp\/v2\/types\/post"}],"author":[{"embeddable":true,"href":"https:\/\/www.opinionpublica.tv\/portada\/wp-json\/wp\/v2\/users\/6"}],"replies":[{"embeddable":true,"href":"https:\/\/www.opinionpublica.tv\/portada\/wp-json\/wp\/v2\/comments?post=63637"}],"version-history":[{"count":4,"href":"https:\/\/www.opinionpublica.tv\/portada\/wp-json\/wp\/v2\/posts\/63637\/revisions"}],"predecessor-version":[{"id":63643,"href":"https:\/\/www.opinionpublica.tv\/portada\/wp-json\/wp\/v2\/posts\/63637\/revisions\/63643"}],"wp:featuredmedia":[{"embeddable":true,"href":"https:\/\/www.opinionpublica.tv\/portada\/wp-json\/wp\/v2\/media\/63642"}],"wp:attachment":[{"href":"https:\/\/www.opinionpublica.tv\/portada\/wp-json\/wp\/v2\/media?parent=63637"}],"wp:term":[{"taxonomy":"category","embeddable":true,"href":"https:\/\/www.opinionpublica.tv\/portada\/wp-json\/wp\/v2\/categories?post=63637"},{"taxonomy":"post_tag","embeddable":true,"href":"https:\/\/www.opinionpublica.tv\/portada\/wp-json\/wp\/v2\/tags?post=63637"}],"curies":[{"name":"wp","href":"https:\/\/api.w.org\/{rel}","templated":true}]}}