{"id":63618,"date":"2025-07-14T00:01:00","date_gmt":"2025-07-14T06:01:00","guid":{"rendered":"https:\/\/www.opinionpublica.tv\/portada\/?p=63618"},"modified":"2025-07-13T13:00:19","modified_gmt":"2025-07-13T19:00:19","slug":"donald-trump-cumplio-un-ano-del-atentado-que-lo-resucito-y-lo-llevo-a-la-casa-blanca","status":"publish","type":"post","link":"https:\/\/www.opinionpublica.tv\/portada\/donald-trump-cumplio-un-ano-del-atentado-que-lo-resucito-y-lo-llevo-a-la-casa-blanca\/","title":{"rendered":"Donald Trump cumpli\u00f3 un a\u00f1o del atentado que lo resucit\u00f3 y lo llev\u00f3 hasta la Casa Blanca"},"content":{"rendered":"\n<figure class=\"wp-block-image size-large\"><img fetchpriority=\"high\" decoding=\"async\" width=\"1024\" height=\"620\" src=\"https:\/\/www.opinionpublica.tv\/portada\/wp-content\/uploads\/2025\/07\/Donald-Trump-cumplio-un-ano-del-atentado-que-lo-resucito-y-lo-llevo-hasta-la-Casa-Blanca-1024x620.avif\" alt=\"Donald trump cumplio\u0301 un an\u0303o del atentado que lo resucito\u0301 y lo llevo\u0301 hasta la casa blanca\" class=\"wp-image-63620\" srcset=\"https:\/\/www.opinionpublica.tv\/portada\/wp-content\/uploads\/2025\/07\/Donald-Trump-cumplio-un-ano-del-atentado-que-lo-resucito-y-lo-llevo-hasta-la-Casa-Blanca-1024x620.avif 1024w, https:\/\/www.opinionpublica.tv\/portada\/wp-content\/uploads\/2025\/07\/Donald-Trump-cumplio-un-ano-del-atentado-que-lo-resucito-y-lo-llevo-hasta-la-Casa-Blanca-300x182.avif 300w, https:\/\/www.opinionpublica.tv\/portada\/wp-content\/uploads\/2025\/07\/Donald-Trump-cumplio-un-ano-del-atentado-que-lo-resucito-y-lo-llevo-hasta-la-Casa-Blanca-768x465.avif 768w, https:\/\/www.opinionpublica.tv\/portada\/wp-content\/uploads\/2025\/07\/Donald-Trump-cumplio-un-ano-del-atentado-que-lo-resucito-y-lo-llevo-hasta-la-Casa-Blanca.avif 1100w\" sizes=\"(max-width: 1024px) 100vw, 1024px\" \/><\/figure>\n\n\n\n<p class=\"wp-block-paragraph\"><em>Miami, Florida<\/em>.- La tarde del 13 de julio de 2024 qued\u00f3 grabada en la memoria colectiva de Estados Unidos. A las 18:11, hora local, en Butler, Pennsylvania, durante un mitin al aire libre, Donald Trump fue alcanzado por una bala que roz\u00f3 su oreja derecha.<\/p>\n\n\n\n<p class=\"wp-block-paragraph\">El atacante, Thomas Matthew Crooks, de 20 a\u00f1os, hab\u00eda subido a un techo cercano, armado con un rifle semiautom\u00e1tico estilo AR-15. Cuando estuvo listo, dispar\u00f3 ocho veces. Una de las balas hiri\u00f3 al entonces candidato republicano a la presidencia; otra de esas balas mat\u00f3 al bombero voluntario Corey Comperatore y otras dos personas resultaron gravemente heridas.<\/p>\n\n\n\n<p class=\"wp-block-paragraph\">Ocho segundos despu\u00e9s, el atacante recibi\u00f3 un disparo que inutiliz\u00f3 su arma y cuatro segundos despu\u00e9s, un francotirador del Servicio Secreto lo abati\u00f3. El atentado dio paso a una narrativa pol\u00edtica, espiritual y simb\u00f3lica inmediata, \u201caunque desde hace meses ya no est\u00e1 necesariamente en el imaginario social con la fuerza que hace un a\u00f1o\u201d, comenta el polit\u00f3logo Pablo Salas.<\/p>\n\n\n\n<p class=\"wp-block-paragraph\">Nueve segundos despu\u00e9s de los disparos, Trump, con trazos de sangre en su cara, alz\u00f3 el pu\u00f1o de su brazo derecho y comenz\u00f3 a gritar: \u201c\u00a1Fight! \u00a1Fight! \u00a1Fight!\u201d, ante una multitud que, entre el p\u00e1nico y el fervor, no le quitaban la vista de encima. Esa imagen se convirti\u00f3 en el emblema de su campa\u00f1a.<\/p>\n\n\n\n<p class=\"wp-block-paragraph\">Trump declar\u00f3: \u201cMe salv\u00e9 por cent\u00edmetros, si no hubiera girado la cabeza en ese momento para ver una gr\u00e1fica, la bala me habr\u00eda dado directo en la frente\u201d.<\/p>\n\n\n\n<p class=\"wp-block-paragraph\">En su discurso inaugural del 20 de enero, ya como presidente reelecto, dijo: \u201cDios me salv\u00f3 para hacer a Am\u00e9rica grande de nuevo\u201d. Y en el Desayuno Nacional de Oraci\u00f3n remat\u00f3: \u201cSent\u00ed que no estaba solo; lo que ocurri\u00f3 en Butler me cambi\u00f3 para siempre\u201d. El mensaje fue recogido de inmediato por pastores evang\u00e9licos en todo el pa\u00eds. Jack Hibbs, desde California, dijo que \u201cDios no ha terminado con Donald Trump\u201d.<\/p>\n\n\n\n<p class=\"wp-block-paragraph\">Albert Mohler, presidente del Southern Baptist Theological Seminary, escribi\u00f3 que Trump hab\u00eda sido protegido por la providencia. Jentezen Franklin, en una jornada de oraci\u00f3n organizada por el America First Policy Institute, dijo, \u201cgracias, Se\u00f1or, porque estuviste ah\u00ed cuando las balas volaban\u201d. En Texas, Robert Jeffress fue m\u00e1s lejos: \u201cFue una intervenci\u00f3n divina, no tengo dudas\u201d.<\/p>\n\n\n\n<p class=\"wp-block-paragraph\">El Servicio Secreto entr\u00f3 en crisis. La estructura desde donde dispar\u00f3 Crooks no hab\u00eda sido asegurada. Las comunicaciones entre las agencias federales y locales estaban fragmentadas. No hubo vigilancia a\u00e9rea. El entonces director interino del Servicio Secreto, Ronald Rowe Jr., admiti\u00f3 que \u201cfallamos en varios niveles\u201d. Un panel independiente, convocado por el Departamento de Seguridad Nacional (DHS), fue contundente: \u201cOtro Butler puede y va a ocurrir si no se reforma todo el sistema de seguridad [presidencial]\u201d.<\/p>\n\n\n\n<p class=\"wp-block-paragraph\">Trump nombr\u00f3 como nuevo director del Servicio Secreto de EU a Sean Curran, el agente que corri\u00f3 al escenario segundos despu\u00e9s del disparo y se mantuvo junto a Trump. \u201cDemostr\u00f3 su valor intr\u00e9pido cuando arriesg\u00f3 su propia vida para ayudar a salvar la m\u00eda de la bala de un asesino\u201d, declar\u00f3 Trump.<\/p>\n\n\n\n<p class=\"wp-block-paragraph\">Curran, en su primera entrevista, explic\u00f3: \u201cMe mov\u00ed sin pensarlo, sent\u00ed que ten\u00eda que estar con \u00e9l. No pod\u00eda dejarlo solo\u201d.<\/p>\n\n\n\n<p class=\"wp-block-paragraph\">El nombramiento de Curran marc\u00f3 el inicio de una reestructuraci\u00f3n profunda. Se contrat\u00f3 a mil nuevos agentes. Se implementaron drones UAS, sistemas contra drones hostiles, francotiradores t\u00e1cticos, radares antia\u00e9reos, blindaje bal\u00edstico en escenarios al aire libre y escudos m\u00f3viles. Se cre\u00f3 el cargo de Chief Wellness Officer para atender la salud mental de los agentes. Seis agentes del Servicio Secreto fueron suspendidos por su desempe\u00f1o durante el ataque.<\/p>\n\n\n\n<p class=\"wp-block-paragraph\">En junio, el FBI detuvo a Peter Stinson, exoficial de la Guardia Costera estadounidense, quien hab\u00eda publicado mensajes como: \u201cCuando muera, la fiesta ser\u00e1 enorme\u201d.<\/p>\n\n\n\n<p class=\"wp-block-paragraph\">En su casa se hallaron armas, mapas de rutas presidenciales y notas escritas a mano. Tambi\u00e9n se encontraron mensajes cifrados que hablaban de \u201cterminar el trabajo que Crooks no logr\u00f3\u201d.<\/p>\n\n\n\n<p class=\"wp-block-paragraph\">Este a\u00f1o, altos cl\u00e9rigos iran\u00edes emitieron fatwas pidiendo la crucifixi\u00f3n de Trump, en respuesta a los bombardeos ordenados por su gobierno contra instalaciones nucleares en Isfah\u00e1n, Fordow y Natanz.<\/p>\n\n\n\n<p class=\"wp-block-paragraph\">El Departamento de Estado calific\u00f3 las declaraciones como \u201cincitaciones al terrorismo\u201d.<\/p>\n\n\n\n<p class=\"wp-block-paragraph\">Adem\u00e1s, el DHS emiti\u00f3 una alerta que advert\u00eda que \u201cla figura presidencial sigue siendo blanco prioritario para actores hostiles nacionales y extranjeros\u201d.<\/p>\n\n\n\n<p class=\"wp-block-paragraph\">Tras el atentado, la aprobaci\u00f3n de Trump en la Uni\u00f3n Americana subi\u00f3 a 40%, su nivel m\u00e1s alto en cuatro a\u00f1os y un sondeo del medio The New York Post mostr\u00f3 que 54% de los consultados cre\u00edan que Trump promov\u00eda la unidad entre los estadounidenses. El Instituto Elcano report\u00f3 que el entusiasmo entre los votantes republicanos pas\u00f3 de 70% a 85%. Sin embargo, ese repunte fue breve; en marzo pasado la aprobaci\u00f3n cay\u00f3 a 44% y la desaprobaci\u00f3n subi\u00f3 a 51%. Para este mes de julio, la tendencia se manten\u00eda en los mismos n\u00fameros.<\/p>\n\n\n\n<p class=\"wp-block-paragraph\">\u201cEs una muestra clara de lo poco que dur\u00f3 su imagen como el elegido de Dios\u201d, se\u00f1ala Salas; \u201ces curioso porque parec\u00eda que le iba a dar m\u00e1s vida como el ungido; hasta que se incrementaron las redadas y los disturbios afectando incluso a muchos votantes que lo eligieron\u201d.<\/p>\n\n\n\n<p class=\"wp-block-paragraph\">Para conmemorar el primer aniversario del atentado, en los primeros d\u00edas de julio se estren\u00f3 el documental titulado En la Mira, producido por KDKA, el cual recuerda los detalles del evento para consolidar la narrativa de un presidente predestinado. Los realizadores reunieron testimonios de testigos, agentes y periodistas. El documental cierra con una idea de Trump que resume el resultado de su atentado. \u201cIntentaron matarme, pero fracasaron; ahora lidero no s\u00f3lo porque el pueblo me eligi\u00f3, sino porque Dios me protegi\u00f3. Tengo un doble mandato: el del pueblo y el de la providencia\u201d.<\/p>\n\n\n\n<p class=\"wp-block-paragraph\">Lo que hab\u00eda comenzado como un mandato ba\u00f1ado en simbolismo mesi\u00e1nico se fue desdibujando con los meses y \u201cse convirti\u00f3 r\u00e1pidamente en una administraci\u00f3n marcada por la brutalidad ejecutiva. Y aunque Trump sigue sinti\u00e9ndose como un elegido, sin duda necesitaba una narrativa de fuerza y encontr\u00f3 en sus promesas contra los inmigrantes el blanco perfecto\u201d, subraya el polit\u00f3logo.<\/p>\n\n\n\n<p class=\"wp-block-paragraph\">A partir de febrero, las redadas del Servicio de Inmigraci\u00f3n y Control de Aduanas (ICE, por sus siglas en ingl\u00e9s) se multiplicaron. El presupuesto para la agencia fue incrementado a niveles sin precedentes, con m\u00e1s de 150\u202fmil millones de d\u00f3lares destinados no s\u00f3lo a contrataciones, sino tambi\u00e9n a infraestructura carcelaria, blindaje t\u00e1ctico, drones y vigilancia masiva.<\/p>\n\n\n\n<p class=\"wp-block-paragraph\">Varios analistas coinciden en que la represi\u00f3n migratoria es una estrategia deliberada para recuperar su capital pol\u00edtico. El acad\u00e9mico Ernesto Casta\u00f1eda declara que \u201csi el deseo MAGA se hace realidad, no va a hacer Estados Unidos grande de nuevo, va a ser la Am\u00e9rica m\u00e1s d\u00e9bil de la historia\u201d.<\/p>\n\n\n\n<p class=\"wp-block-paragraph\">Desde el American Enterprise Institute, el economista Michael R. Strain advierte que estas pol\u00edticas pueden costarle al pa\u00eds m\u00e1s de 100 mil millones de d\u00f3lares en p\u00e9rdidas de crecimiento econ\u00f3mico s\u00f3lo en este a\u00f1o. Y aunque entre votantes republicanos el entusiasmo a\u00fan supera 80\u202f%, el rechazo entre independientes y dem\u00f3cratas se ha consolidado. El Pew Research Center revel\u00f3 que 81\u202f% de los dem\u00f3cratas desaprueban el enfoque migratorio de Trump, mientras que s\u00f3lo un 42\u202f% de los estadounidenses en general lo respalda.<\/p>\n\n\n\n<p class=\"wp-block-paragraph\">Frente a la p\u00e9rdida de la imagen \u00e9pica de Butler, el gobierno ha intentado revivir la narrativa religiosa. En Sioux Falls, una iglesia erigi\u00f3 un altar c\u00edvico en honor a Trump con motivo del primer aniversario, con una r\u00e9plica de su figura con el pu\u00f1o en alto y la oreja herida. En Texas, el pastor Robert Jeffress volvi\u00f3 a llamarlo \u201cel ungido\u201d, compar\u00e1ndolo con Ciro, el rey pagano elegido por Dios en el Antiguo Testamento. Pero ese tipo de expresiones, aunque virales en Truth Social, tienen cada vez menos eco m\u00e1s all\u00e1 de su base fiel. La imagen mesi\u00e1nica ha cedido paso a una figura m\u00e1s dura, m\u00e1s aislada, m\u00e1s temida que admirada.<\/p>\n\n\n\n<p class=\"wp-block-paragraph\">El culto que surgi\u00f3 tras el atentado, con hashtags como #SalvadoPorDios y videos de oraci\u00f3n en Tik- Tok, ya no moviliza a la naci\u00f3n. Hoy, lo que moviliza son las patrullas, los retenes, los drones, los agentes sin nombre, las \u00f3rdenes ejecutivas firmadas al amanecer. En los vecindarios latinos, la consigna ya no es s\u00f3lo rezar, sino en especial esconderse. El miedo no se ha ido; ha cambiado de forma. Para muchos, la verdadera amenaza ya no es un francotirador desde un techo, sino desde la Oficina Oval de la Casa Blanca.<\/p>\n\n\n\n<p class=\"wp-block-paragraph\">Un a\u00f1o despu\u00e9s de que una bala rozara la oreja de Trump, queda en pie un relato m\u00edstico desquebrajado. Lo que hoy irrumpe es el ruido de las botas, el vuelo de los helic\u00f3pteros, el silencio de las cortes que procesan a miles de inmigrantes sin audiencia p\u00fablica.<\/p>\n\n\n\n<p class=\"wp-block-paragraph\">Queda un presidente que crey\u00f3 haber vencido a la muerte, pero que enfrenta una desaprobaci\u00f3n persistente que lo hace apretar la persecuci\u00f3n migratoria, y mientras siga perdiendo apoyo, seguir\u00e1 endureciendo la ley. (El Universal)<\/p>\n","protected":false},"excerpt":{"rendered":"<p>Miami, Florida.- La tarde del 13 de julio de 2024 qued\u00f3 grabada en la memoria colectiva de Estados Unidos. A las 18:11, hora local, en Butler, Pennsylvania, durante un mitin al aire libre, Donald Trump fue alcanzado por una bala que roz\u00f3 su oreja derecha. El atacante, Thomas Matthew Crooks, de 20 a\u00f1os, hab\u00eda subido [&hellip;]<\/p>\n","protected":false},"author":6,"featured_media":63620,"comment_status":"closed","ping_status":"closed","sticky":false,"template":"","format":"standard","meta":{"_acf_changed":false,"_monsterinsights_skip_tracking":false,"slim_seo":{"title":"Donald Trump cumpli\u00f3 un a\u00f1o del atentado que lo resucit\u00f3 y lo llev\u00f3 hasta la Casa Blanca - Opini\u00f3n P\u00fablica","description":"Miami, Florida .- La tarde del 13 de julio de 2024 qued\u00f3 grabada en la memoria colectiva de Estados Unidos. A las 18:11, hora local, en Butler, Pennsylvania, du"},"footnotes":""},"categories":[4],"tags":[],"class_list":["post-63618","post","type-post","status-publish","format-standard","has-post-thumbnail","hentry","category-pulsopolitico"],"acf":[],"_links":{"self":[{"href":"https:\/\/www.opinionpublica.tv\/portada\/wp-json\/wp\/v2\/posts\/63618","targetHints":{"allow":["GET"]}}],"collection":[{"href":"https:\/\/www.opinionpublica.tv\/portada\/wp-json\/wp\/v2\/posts"}],"about":[{"href":"https:\/\/www.opinionpublica.tv\/portada\/wp-json\/wp\/v2\/types\/post"}],"author":[{"embeddable":true,"href":"https:\/\/www.opinionpublica.tv\/portada\/wp-json\/wp\/v2\/users\/6"}],"replies":[{"embeddable":true,"href":"https:\/\/www.opinionpublica.tv\/portada\/wp-json\/wp\/v2\/comments?post=63618"}],"version-history":[{"count":2,"href":"https:\/\/www.opinionpublica.tv\/portada\/wp-json\/wp\/v2\/posts\/63618\/revisions"}],"predecessor-version":[{"id":63622,"href":"https:\/\/www.opinionpublica.tv\/portada\/wp-json\/wp\/v2\/posts\/63618\/revisions\/63622"}],"wp:featuredmedia":[{"embeddable":true,"href":"https:\/\/www.opinionpublica.tv\/portada\/wp-json\/wp\/v2\/media\/63620"}],"wp:attachment":[{"href":"https:\/\/www.opinionpublica.tv\/portada\/wp-json\/wp\/v2\/media?parent=63618"}],"wp:term":[{"taxonomy":"category","embeddable":true,"href":"https:\/\/www.opinionpublica.tv\/portada\/wp-json\/wp\/v2\/categories?post=63618"},{"taxonomy":"post_tag","embeddable":true,"href":"https:\/\/www.opinionpublica.tv\/portada\/wp-json\/wp\/v2\/tags?post=63618"}],"curies":[{"name":"wp","href":"https:\/\/api.w.org\/{rel}","templated":true}]}}