{"id":63480,"date":"2025-07-14T00:01:00","date_gmt":"2025-07-14T06:01:00","guid":{"rendered":"https:\/\/www.opinionpublica.tv\/portada\/?p=63480"},"modified":"2025-07-11T16:37:42","modified_gmt":"2025-07-11T22:37:42","slug":"efemerides-14-de-julio-un-dia-como-hoy-en-la-historia","status":"publish","type":"post","link":"https:\/\/www.opinionpublica.tv\/portada\/efemerides-14-de-julio-un-dia-como-hoy-en-la-historia\/","title":{"rendered":"Efem\u00e9rides 14 de julio | Un d\u00eda como hoy en la historia&#8230;"},"content":{"rendered":"\n<p class=\"wp-block-paragraph\"><em>Un d\u00eda 14 de julio como hoy, pero de 1789, el pueblo de Par\u00eds toma la prisi\u00f3n-fortaleza de la Bastilla, comenzando as\u00ed la Revoluci\u00f3n Francesa<\/em>.<\/p>\n\n\n\n<figure class=\"wp-block-image size-large\"><img fetchpriority=\"high\" decoding=\"async\" width=\"1024\" height=\"764\" src=\"https:\/\/www.opinionpublica.tv\/portada\/wp-content\/uploads\/2025\/07\/1789-el-pueblo-de-Paris-toma-la-prision-fortaleza-de-la-Bastilla-comenzando-asi-la-Revolucion-Francesa-1024x764.jpg\" alt=\"1789, el pueblo de pari\u0301s toma la prisio\u0301n fortaleza de la bastilla, comenzando asi\u0301 la revolucio\u0301n francesa\" class=\"wp-image-63481\" srcset=\"https:\/\/www.opinionpublica.tv\/portada\/wp-content\/uploads\/2025\/07\/1789-el-pueblo-de-Paris-toma-la-prision-fortaleza-de-la-Bastilla-comenzando-asi-la-Revolucion-Francesa-1024x764.jpg 1024w, https:\/\/www.opinionpublica.tv\/portada\/wp-content\/uploads\/2025\/07\/1789-el-pueblo-de-Paris-toma-la-prision-fortaleza-de-la-Bastilla-comenzando-asi-la-Revolucion-Francesa-300x224.jpg 300w, https:\/\/www.opinionpublica.tv\/portada\/wp-content\/uploads\/2025\/07\/1789-el-pueblo-de-Paris-toma-la-prision-fortaleza-de-la-Bastilla-comenzando-asi-la-Revolucion-Francesa-768x573.jpg 768w, https:\/\/www.opinionpublica.tv\/portada\/wp-content\/uploads\/2025\/07\/1789-el-pueblo-de-Paris-toma-la-prision-fortaleza-de-la-Bastilla-comenzando-asi-la-Revolucion-Francesa.jpg 1280w\" sizes=\"(max-width: 1024px) 100vw, 1024px\" \/><\/figure>\n\n\n\n<p class=\"wp-block-paragraph\"><strong>Otras efem\u00e9rides<\/strong><\/p>\n\n\n\n<p class=\"wp-block-paragraph\">1795.- &#8216;La Marsellesa&#8217;, canto de guerra de Claude-Joseph Rouget de Lisle, se convierte en himno franc\u00e9s.<\/p>\n\n\n\n<p class=\"wp-block-paragraph\">1853.- Apertura de la Exposici\u00f3n Universal de Nueva York, en el Cristal Palace de Manhattan.<\/p>\n\n\n\n<p class=\"wp-block-paragraph\">1881.- Muere el pistolero William Henry McCarthy, Billy &#8216;El Ni\u00f1o&#8217;, a manos del sheriff Pat Garret, en Fort Sumner (Nuevo M\u00e9xico).<\/p>\n\n\n\n<p class=\"wp-block-paragraph\">1902.- El cuzque\u00f1o Agust\u00edn Liz\u00e1rraga descubre las ruinas peruanas de Machu Picchu, que en 1911 da a conocer al mundo el estadounidense Hiram Bingham.<\/p>\n\n\n\n<p class=\"wp-block-paragraph\">1933.- El Gobierno del III Reich promulga la Ley para la Prevenci\u00f3n de Descendencia con Enfermedades Gen\u00e9ticas, que permite la esterilizaci\u00f3n para mejorar la raza alemana.<\/p>\n\n\n\n<p class=\"wp-block-paragraph\">1933.- Una Ley del Gobierno de Hitler convierte al nazi Partido Nacionalsocialista Obrero Alem\u00e1n en el \u00fanico legal.<\/p>\n\n\n\n<p class=\"wp-block-paragraph\">1937.- Un avi\u00f3n Antonov 25 aterriza en San Jacinto (California) 62 horas despu\u00e9s de despegar de Mosc\u00fa. Primer vuelo que cruza el Polo Norte.<\/p>\n\n\n\n<p class=\"wp-block-paragraph\">1938.- Publican en el &#8216;Giornale d&#8217;Italia&#8217; el texto an\u00f3nimo, preparado por Mussolini, &#8216;Il Fascismo e i problemi della razza&#8217;, que inspira las leyes raciales.<\/p>\n\n\n\n<p class=\"wp-block-paragraph\">1940.- Fulgencio Batista gana las presidenciales de Cuba, apoyado por socialistas y comunistas.<\/p>\n\n\n\n<p class=\"wp-block-paragraph\">1941.- Exterminan a seis mil jud\u00edos lituanos en el campo de Viszalsyan.<\/p>\n\n\n\n<p class=\"wp-block-paragraph\">1958.- Magnicidio del rey Faisal II de Irak y su heredero en el golpe del general Abdul Karim Kassem, quien proclama una rep\u00fablica.<\/p>\n\n\n\n<p class=\"wp-block-paragraph\">1960.- La brit\u00e1nica Jane Goodall llega por vez primera a la reserva tanzana de Gombe Stream, donde estudia al chimpac\u00e9.<\/p>\n\n\n\n<p class=\"wp-block-paragraph\">1960.- Fallecen al menos 225 internos en el incendio del Hospital Neuropsiqui\u00e1trico Nacional de la ciudad de Guatemala.<\/p>\n\n\n\n<p class=\"wp-block-paragraph\">1961.- Se publica la enc\u00edclica de Juan XXII &#8216;Mater et Magistra&#8217;, que condena el comunismo y pide apoyo para pueblos subdesarrollados.<\/p>\n\n\n\n<p class=\"wp-block-paragraph\">1964.- El ciclista Jacques Anquetil gana su quinto y \u00faltimo Tour de Francia.<\/p>\n\n\n\n<p class=\"wp-block-paragraph\">1969.- Primero de los dos d\u00edas de mayor intensidad en la &#8216;guerra del f\u00fatbol&#8217;. El Salvador bombardea e invade Honduras.<\/p>\n\n\n\n<p class=\"wp-block-paragraph\">1983.- Nintendo lanza el videojuego &#8216;Mario Bros&#8217;.<\/p>\n\n\n\n<p class=\"wp-block-paragraph\">1969.- Estreno en Cannes de &#8216;Easy Rider&#8217;, de Dennis Hopper, con Peter Fonda y Jack Nicholson.<\/p>\n\n\n\n<p class=\"wp-block-paragraph\">1986.- Mueren 12 guardias civiles en el atentado de ETA en la plaza de la Rep\u00fablica Dominicana, en Madrid.<\/p>\n\n\n\n<p class=\"wp-block-paragraph\">1995.- Nace el formato de audio comprimido MP3, pero el primer reproductor (MPMan F10) no se vende hasta 1998.<\/p>\n\n\n\n<p class=\"wp-block-paragraph\">1997.- Millones de personas se manifiestan Espa\u00f1a contra la violencia de ETA y en repudio por el asesinato de concejal popular Miguel \u00c1ngel Blanco.<\/p>\n\n\n\n<p class=\"wp-block-paragraph\">1997.- Kocheril Raman Narayanan es elegido presidente de India por la comisi\u00f3n electoral (diputados federales y regionales).<\/p>\n\n\n\n<p class=\"wp-block-paragraph\">1998.- El marroqu\u00ed Hicham El Guerrouj logra el r\u00e9cord mundial de 1.500 metros (3:26.00), en Roma.<\/p>\n\n\n\n<p class=\"wp-block-paragraph\">1999.- Argentina y Reino Unido firman en Londres un acuerdo que permite el acceso de argentinos a las Malvinas.<\/p>\n\n\n\n<p class=\"wp-block-paragraph\">2000.- Un jurado de Miami otorga la cifra r\u00e9cord de 145.000 millones de d\u00f3lares en indemnizaciones a medio mill\u00f3n de fumadores de Florida, luego desestimada en 2006.<\/p>\n\n\n\n<p class=\"wp-block-paragraph\">2001.- El Banco Mundial concede 1.500 millones de d\u00f3lares en cr\u00e9ditos a Argentina por la crisis.<\/p>\n\n\n\n<p class=\"wp-block-paragraph\">2002.- Un ultraderechista franc\u00e9s falla el disparo contra el presidente, Jacques Chirac, en Par\u00eds.<\/p>\n\n\n\n<p class=\"wp-block-paragraph\">2003.- Tres adultos cubanos mueren (posible suicidio) y un ni\u00f1o resulta herido al fracasar el secuestro de una embarcaci\u00f3n para huir a EEUU.<\/p>\n\n\n\n<p class=\"wp-block-paragraph\">2005.- La ONU lanza la &#8216;Alianza de Civilizaciones&#8217; entre el mundo occidental, el \u00e1rabe y el musulm\u00e1n, iniciativa del presidente espa\u00f1ol Jos\u00e9 Luis Rodr\u00edguez Zapatero.<\/p>\n\n\n\n<p class=\"wp-block-paragraph\">2006.- El tif\u00f3n &#8216;Bilis&#8217; llega a las costas chinas, donde deja 612 muertos y 208 desaparecidos en varias provincias. Tambi\u00e9n causa muertos en la isla filipina de Luz\u00f3n.<\/p>\n\n\n\n<p class=\"wp-block-paragraph\">2007.- Rusia suspende el Tratado de Fuerzas Armadas Convencionales en Europa (FACE), suscrito entre la OTAN y el Pacto de Varsovia (1990) para limitar las fuerzas y el armamento. Renuncia definitivamente en 2015.<\/p>\n\n\n\n<p class=\"wp-block-paragraph\">2009.- EEUU y Cuba retoman las reuniones sobre inmigraci\u00f3n. Suspendidas en 2011 y retomadas en 2013.<\/p>\n\n\n\n<p class=\"wp-block-paragraph\">2010.- Kodak fabrica su \u00faltimo rollo de pel\u00edcula de diapositivas Kodachrome, tras 75 a\u00f1os en el mercado, con el que inmortaliza im\u00e1genes Steve McCurry, afamado fot\u00f3grafo de Magnum.<\/p>\n\n\n\n<p class=\"wp-block-paragraph\">2015.- Ir\u00e1n y el Grupo 5+1 (China, Estados Unidos, Francia, Reino Unido y Rusia, m\u00e1s Alemania) alcanzan en Viena el acuerdo por el que Ir\u00e1n no fabricar\u00e1 armas nucleares.<\/p>\n\n\n\n<p class=\"wp-block-paragraph\">2016.- 84 muertos y m\u00e1s de 400 heridos en un atentado islamista, por arrollamiento con un cami\u00f3n, en Niza (Francia).<\/p>\n\n\n\n<p class=\"wp-block-paragraph\">2020.- La Justicia brasile\u00f1a decreta la quiebra de la aerol\u00ednea Avianca Brasil, que dos a\u00f1os antes se hab\u00eda acogido a la ley de bancarrota.<\/p>\n\n\n\n<p class=\"wp-block-paragraph\">2021.- El Tribunal Constitucional declara ilegal el confinamiento decretado por el Gobierno espa\u00f1ol en el primer estado de alarma por la pandemia del coronavirus del covid-19.<\/p>\n\n\n\n<p class=\"wp-block-paragraph\">&nbsp;2023.- El Gobierno colombiano y el ELN firman en La Habana los protocolos del alto el fuego y la participaci\u00f3n social.<\/p>\n\n\n\n<p class=\"wp-block-paragraph\"><strong>Nacimientos<\/strong><\/p>\n\n\n\n<p class=\"wp-block-paragraph\">1602.- Giulio Mazzarini, &#8216;Mazarino&#8217;, cardenal italiano al servicio de Francia.<\/p>\n\n\n\n<p class=\"wp-block-paragraph\">1717.- Ventura Rodr\u00edguez, arquitecto espa\u00f1ol.<\/p>\n\n\n\n<p class=\"wp-block-paragraph\">1807.- Ventura de la Vega, poeta y escritor hispanoargentino.<\/p>\n\n\n\n<p class=\"wp-block-paragraph\">1888.- Enrique de Rosas, actor y director teatral argentino.<\/p>\n\n\n\n<p class=\"wp-block-paragraph\">1910.- William Hanna, estadounidense cofundador de los estudios de pel\u00edculas de animaci\u00f3n.<\/p>\n\n\n\n<p class=\"wp-block-paragraph\">1913.- Gerald Ford, expresidente estadounidense.<\/p>\n\n\n\n<p class=\"wp-block-paragraph\">1918.- Ingmar Bergman, director sueco de cine y teatro.<\/p>\n\n\n\n<p class=\"wp-block-paragraph\">1921.- Geoffrey Wilkinson, qu\u00edmico brit\u00e1nico y Nobel en 1973.<\/p>\n\n\n\n<p class=\"wp-block-paragraph\">1921.- Sixto Dur\u00e1n-Ball\u00e9n, expresidente ecuatoriano.<\/p>\n\n\n\n<p class=\"wp-block-paragraph\">1923.- Primo Nebiolo, expresidente italiano de la Federaci\u00f3n Internacional de Atletismo.<\/p>\n\n\n\n<p class=\"wp-block-paragraph\">1929.- Eduardo Lizalde, escritor mexicano.<\/p>\n\n\n\n<p class=\"wp-block-paragraph\">1937.- Yoshiro Mori, ex primer ministro japon\u00e9s.<\/p>\n\n\n\n<p class=\"wp-block-paragraph\">1942.- Javier Solana Madariaga, pol\u00edtico espa\u00f1ol.<\/p>\n\n\n\n<p class=\"wp-block-paragraph\">1956.- Carlos Andradas, catedr\u00e1tico y exrector de la Universidad Complutense de Madrid.<\/p>\n\n\n\n<p class=\"wp-block-paragraph\">1972.- Manfred Weber, pol\u00edtico alem\u00e1n.<\/p>\n\n\n\n<p class=\"wp-block-paragraph\">1973.- Candela Pe\u00f1a, actriz espa\u00f1ola.<\/p>\n\n\n\n<p class=\"wp-block-paragraph\">1977.- Victoria de Suecia, princesa heredera.<\/p>\n\n\n\n<p class=\"wp-block-paragraph\"><strong>Defunciones<\/strong><\/p>\n\n\n\n<p class=\"wp-block-paragraph\">1816.- Francisco de Miranda, pr\u00f3cer de la independencia de Venezuela.<\/p>\n\n\n\n<p class=\"wp-block-paragraph\">1920.- Mariano de Cavia, escritor y periodista espa\u00f1ol.<\/p>\n\n\n\n<p class=\"wp-block-paragraph\">1954.- Jacinto Benavente, dramaturgo espa\u00f1ol.<\/p>\n\n\n\n<p class=\"wp-block-paragraph\">1958.- Faisal II, rey de Irak.<\/p>\n\n\n\n<p class=\"wp-block-paragraph\">1970.- Luis Mariano, cantante espa\u00f1ol.<\/p>\n\n\n\n<p class=\"wp-block-paragraph\">1971.- Ermilo Abreu G\u00f3mez, escritor y acad\u00e9mico mexicano.<\/p>\n\n\n\n<p class=\"wp-block-paragraph\">1998.- Richard McDonald, creador de la cadena de comida r\u00e1pida hom\u00f3nima.<\/p>\n\n\n\n<p class=\"wp-block-paragraph\">2002.- Joaqu\u00edn Balaguer, expresidente dominicano.<\/p>\n\n\n\n<p class=\"wp-block-paragraph\">2003.- Francisco Repilado Mu\u00f1oz, &#8216;Compay Segundo&#8217;, m\u00fasico cubano.<\/p>\n\n\n\n<p class=\"wp-block-paragraph\">2010.- Eduardo S\u00e1nchez Junco, director de la revista &#8216;Hola&#8217;.<\/p>\n\n\n\n<p class=\"wp-block-paragraph\">2022.- Eugenio Scalfari, periodista italiano.<\/p>\n","protected":false},"excerpt":{"rendered":"<p>Un d\u00eda 14 de julio como hoy, pero de 1789, el pueblo de Par\u00eds toma la prisi\u00f3n-fortaleza de la Bastilla, comenzando as\u00ed la Revoluci\u00f3n Francesa. Otras efem\u00e9rides 1795.- &#8216;La Marsellesa&#8217;, canto de guerra de Claude-Joseph Rouget de Lisle, se convierte en himno franc\u00e9s. 1853.- Apertura de la Exposici\u00f3n Universal de Nueva York, en el Cristal [&hellip;]<\/p>\n","protected":false},"author":6,"featured_media":63481,"comment_status":"closed","ping_status":"closed","sticky":false,"template":"","format":"standard","meta":{"_acf_changed":false,"_monsterinsights_skip_tracking":false,"slim_seo":{"title":"Efem\u00e9rides 14 de julio | Un d\u00eda como hoy en la historia... - Opini\u00f3n P\u00fablica","description":"Un d\u00eda 14 de julio como hoy, pero de 1789, el pueblo de Par\u00eds toma la prisi\u00f3n-fortaleza de la Bastilla, comenzando as\u00ed la Revoluci\u00f3n Francesa . Otras efem\u00e9rides"},"footnotes":""},"categories":[27],"tags":[],"class_list":["post-63480","post","type-post","status-publish","format-standard","has-post-thumbnail","hentry","category-un-dia-como-hoy"],"acf":[],"_links":{"self":[{"href":"https:\/\/www.opinionpublica.tv\/portada\/wp-json\/wp\/v2\/posts\/63480","targetHints":{"allow":["GET"]}}],"collection":[{"href":"https:\/\/www.opinionpublica.tv\/portada\/wp-json\/wp\/v2\/posts"}],"about":[{"href":"https:\/\/www.opinionpublica.tv\/portada\/wp-json\/wp\/v2\/types\/post"}],"author":[{"embeddable":true,"href":"https:\/\/www.opinionpublica.tv\/portada\/wp-json\/wp\/v2\/users\/6"}],"replies":[{"embeddable":true,"href":"https:\/\/www.opinionpublica.tv\/portada\/wp-json\/wp\/v2\/comments?post=63480"}],"version-history":[{"count":1,"href":"https:\/\/www.opinionpublica.tv\/portada\/wp-json\/wp\/v2\/posts\/63480\/revisions"}],"predecessor-version":[{"id":63482,"href":"https:\/\/www.opinionpublica.tv\/portada\/wp-json\/wp\/v2\/posts\/63480\/revisions\/63482"}],"wp:featuredmedia":[{"embeddable":true,"href":"https:\/\/www.opinionpublica.tv\/portada\/wp-json\/wp\/v2\/media\/63481"}],"wp:attachment":[{"href":"https:\/\/www.opinionpublica.tv\/portada\/wp-json\/wp\/v2\/media?parent=63480"}],"wp:term":[{"taxonomy":"category","embeddable":true,"href":"https:\/\/www.opinionpublica.tv\/portada\/wp-json\/wp\/v2\/categories?post=63480"},{"taxonomy":"post_tag","embeddable":true,"href":"https:\/\/www.opinionpublica.tv\/portada\/wp-json\/wp\/v2\/tags?post=63480"}],"curies":[{"name":"wp","href":"https:\/\/api.w.org\/{rel}","templated":true}]}}