{"id":62946,"date":"2025-07-05T00:01:00","date_gmt":"2025-07-05T06:01:00","guid":{"rendered":"https:\/\/www.opinionpublica.tv\/portada\/?p=62946"},"modified":"2025-07-04T16:58:31","modified_gmt":"2025-07-04T22:58:31","slug":"celebro-trump-el-dia-de-la-independencia-firmando-su-gran-y-hermosa-ley-fiscal","status":"publish","type":"post","link":"https:\/\/www.opinionpublica.tv\/portada\/celebro-trump-el-dia-de-la-independencia-firmando-su-gran-y-hermosa-ley-fiscal\/","title":{"rendered":"Celebr\u00f3 Trump el D\u00eda de la Independencia firmando su \u00abgran y hermosa\u00bb ley fiscal"},"content":{"rendered":"\n<figure class=\"wp-block-image size-full\"><img fetchpriority=\"high\" decoding=\"async\" width=\"1100\" height=\"666\" src=\"https:\/\/www.opinionpublica.tv\/portada\/wp-content\/uploads\/2025\/07\/Celebro-Trump-el-Dia-de-la-Independencia-firmando-su-22gran-y-hermosa22-ley-fiscal.avif\" alt=\"Celebro\u0301 trump el di\u0301a de la independencia firmando su %22gran y hermosa%22 ley fiscal\" class=\"wp-image-62949\"\/><\/figure>\n\n\n\n<p class=\"wp-block-paragraph\"><em>Washington, DC, EU<\/em>.- El presidente Donald Trump firm\u00f3 su ambicioso plan fiscal, bautizado como la Gran y Hermosa Ley, en una ceremonia en la Casa Blanca marcada por un imponente sobrevuelo de un B-2 escoltado por cazas F-35, mientras resonaba el himno nacional junto a la primera dama, Melania Trump.<\/p>\n\n\n\n<p class=\"wp-block-paragraph\">El evento coincidi\u00f3 con el despliegue de 200 marines en Florida para apoyar tareas log\u00edsticas de las redadas migratorias del ICE, reforzando la agenda de seguridad nacional del mandatario. Trump celebr\u00f3 la operaci\u00f3n militar \u201cMartillo de Medianoche\u201d de hace dos semanas, que destruy\u00f3 tres instalaciones nucleares en Ir\u00e1n, describi\u00e9ndola como \u201cuno de los ataques m\u00e1s exitosos de la historia\u201d.<\/p>\n\n\n\n<p class=\"wp-block-paragraph\">Acompa\u00f1ado de 150 aviadores y sus familias de la Base A\u00e9rea Whiteman, el presidente afirm\u00f3: \u201c\u00a1Qu\u00e9 espect\u00e1culo! Nuestro pa\u00eds est\u00e1 m\u00e1s orgulloso ahora que en muchos a\u00f1os\u201d.<\/p>\n\n\n\n<p class=\"wp-block-paragraph\">Sin arrepentirse del ataque iran\u00ed de hace una semana, asegur\u00f3 que Estados Unidos \u201cha resurgido\u201d tras un a\u00f1o \u201cmuy triste\u201d bajo Joe Biden, destacando un aumento en el reclutamiento militar y policial.<\/p>\n\n\n\n<p class=\"wp-block-paragraph\">El paquete fiscal, seg\u00fan Trump, impulsar\u00e1 un \u201ccrecimiento econ\u00f3mico masivo\u201d y eliminar\u00e1 impuestos a servicios y bienes estadounidenses, prometiendo \u201cuna era dorada\u201d accesible para todos.<\/p>\n\n\n\n<p class=\"wp-block-paragraph\">\u201cNuestro pa\u00eds va a ser un cohete, econ\u00f3micamente hablando\u201d, dijo, agradeciendo al vicepresidente JD Vance y al equipo de la Casa Blanca por su apoyo. Tras bendecir a las fuerzas militares y desear un feliz D\u00eda de la Independencia, afirm\u00f3 que los \u00faltimos seis meses han sido los mejores de su presidencia, asegurando que \u201ccontinuaremos ganando, ganando, ganando\u201d.<\/p>\n\n\n\n<p class=\"wp-block-paragraph\">En paralelo, el despliegue de marines en Florida, aprobado por el secretario de Defensa, Pete Hegseth, forma parte de un plan para movilizar hasta 700 soldados en estados sure\u00f1os como Luisiana y Texas.<\/p>\n\n\n\n<p class=\"wp-block-paragraph\">El Comando Norte de EU (USNORTHCOM) aclar\u00f3 que estos marines, de la Marine Wing Support Squadron 272 en New River, Carolina del Norte, se limitar\u00e1n a tareas administrativas y log\u00edsticas, sin contacto con detenidos, bajo la autoridad del T\u00edtulo 10.<\/p>\n\n\n\n<p class=\"wp-block-paragraph\">Este apoyo al ICE ocurre tras la visita de Trump a \u201cEl Alcatraz de los Caimanes\u201d, un nuevo centro de detenci\u00f3n en Florida, y un mes despu\u00e9s de enviar 4,000 guardias nacionales a Los \u00c1ngeles para contener protestas migratorias.<\/p>\n\n\n\n<p class=\"wp-block-paragraph\">Trump defendi\u00f3 su pol\u00edtica migratoria, afirmando que \u201csolo queremos seguridad en las fronteras\u201d y descartando cr\u00edticas negativas como provenientes de dem\u00f3cratas. \u201cEl mundo nos respeta otra vez\u201d, concluy\u00f3, agradeciendo a las fuerzas policiacas, militares, marines y sus familias por mantener a Estados Unidos \u201clibre y fuerte\u201d. (El Universal)<\/p>\n","protected":false},"excerpt":{"rendered":"<p>Washington, DC, EU.- El presidente Donald Trump firm\u00f3 su ambicioso plan fiscal, bautizado como la Gran y Hermosa Ley, en una ceremonia en la Casa Blanca marcada por un imponente sobrevuelo de un B-2 escoltado por cazas F-35, mientras resonaba el himno nacional junto a la primera dama, Melania Trump. El evento coincidi\u00f3 con el [&hellip;]<\/p>\n","protected":false},"author":6,"featured_media":62949,"comment_status":"closed","ping_status":"closed","sticky":false,"template":"","format":"standard","meta":{"_acf_changed":false,"_monsterinsights_skip_tracking":false,"slim_seo":{"title":"Celebr\u00f3 Trump el D\u00eda de la Independencia firmando su \"gran y hermosa\" ley fiscal - Opini\u00f3n P\u00fablica","description":"Washington, DC, EU .- El presidente Donald Trump firm\u00f3 su ambicioso plan fiscal, bautizado como la Gran y Hermosa Ley, en una ceremonia en la Casa Blanca marcad"},"footnotes":""},"categories":[4],"tags":[],"class_list":["post-62946","post","type-post","status-publish","format-standard","has-post-thumbnail","hentry","category-pulsopolitico"],"acf":[],"_links":{"self":[{"href":"https:\/\/www.opinionpublica.tv\/portada\/wp-json\/wp\/v2\/posts\/62946","targetHints":{"allow":["GET"]}}],"collection":[{"href":"https:\/\/www.opinionpublica.tv\/portada\/wp-json\/wp\/v2\/posts"}],"about":[{"href":"https:\/\/www.opinionpublica.tv\/portada\/wp-json\/wp\/v2\/types\/post"}],"author":[{"embeddable":true,"href":"https:\/\/www.opinionpublica.tv\/portada\/wp-json\/wp\/v2\/users\/6"}],"replies":[{"embeddable":true,"href":"https:\/\/www.opinionpublica.tv\/portada\/wp-json\/wp\/v2\/comments?post=62946"}],"version-history":[{"count":3,"href":"https:\/\/www.opinionpublica.tv\/portada\/wp-json\/wp\/v2\/posts\/62946\/revisions"}],"predecessor-version":[{"id":62950,"href":"https:\/\/www.opinionpublica.tv\/portada\/wp-json\/wp\/v2\/posts\/62946\/revisions\/62950"}],"wp:featuredmedia":[{"embeddable":true,"href":"https:\/\/www.opinionpublica.tv\/portada\/wp-json\/wp\/v2\/media\/62949"}],"wp:attachment":[{"href":"https:\/\/www.opinionpublica.tv\/portada\/wp-json\/wp\/v2\/media?parent=62946"}],"wp:term":[{"taxonomy":"category","embeddable":true,"href":"https:\/\/www.opinionpublica.tv\/portada\/wp-json\/wp\/v2\/categories?post=62946"},{"taxonomy":"post_tag","embeddable":true,"href":"https:\/\/www.opinionpublica.tv\/portada\/wp-json\/wp\/v2\/tags?post=62946"}],"curies":[{"name":"wp","href":"https:\/\/api.w.org\/{rel}","templated":true}]}}