{"id":62898,"date":"2025-07-04T00:01:00","date_gmt":"2025-07-04T06:01:00","guid":{"rendered":"https:\/\/www.opinionpublica.tv\/portada\/?p=62898"},"modified":"2025-07-03T22:12:08","modified_gmt":"2025-07-04T04:12:08","slug":"el-crematorio-de-la-verguenza","status":"publish","type":"post","link":"https:\/\/www.opinionpublica.tv\/portada\/el-crematorio-de-la-verguenza\/","title":{"rendered":"El crematorio de la verg\u00fcenza"},"content":{"rendered":"\n<h4 class=\"wp-block-heading\">Ra\u00fal Ruiz<\/h4>\n\n\n\n<p class=\"wp-block-paragraph\">___________________________<\/p>\n\n\n\n<p class=\"wp-block-paragraph\">383 razones para no confiar en nadie.<\/p>\n\n\n\n<p class=\"wp-block-paragraph\">Por alg\u00fan motivo inexplicable \u2014quiz\u00e1 alineaci\u00f3n planetaria o simple negligencia institucional\u2014&nbsp; Ciudad Ca\u00f3tica, ha vuelto a ser noticia.<\/p>\n\n\n\n<p class=\"wp-block-paragraph\">Esta vez no por sus atardeceres polvorientos ni por su tr\u00e1fico que parece dise\u00f1ado por un enemigo de la humanidad, sino por un hallazgo digno de una novela de horror: 383 cuerpos apilados en un crematorio que, seg\u00fan los permisos, estaba m\u00e1s vivo que muchos de sus clientes.<\/p>\n\n\n\n<p class=\"wp-block-paragraph\">Todo comenz\u00f3 con una tromba.<\/p>\n\n\n\n<p class=\"wp-block-paragraph\">S\u00ed, esa lluvia que no solo arrastra basura y autos mal estacionados, sino tambi\u00e9n secretos.<\/p>\n\n\n\n<p class=\"wp-block-paragraph\">El agua, en su infinita sabidur\u00eda, decidi\u00f3 revelar lo que la burocracia hab\u00eda preferido ignorar: un crematorio llamado \u201cPlenitud\u201d \u2014nombre que ahora suena m\u00e1s a sarcasmo que a marca comercial\u2014 escond\u00eda cientos de cuerpos embalsamados, algunos desde 2020.<\/p>\n\n\n\n<p class=\"wp-block-paragraph\">\u00bfLa causa? Al parecer, el horno no daba abasto, pero eso no impidi\u00f3 que siguieran cobrando por el servicio.<\/p>\n\n\n\n<p class=\"wp-block-paragraph\">Porque si algo no falla en M\u00e9xico, es la capacidad de facturar sin entregar.<\/p>\n\n\n\n<p class=\"wp-block-paragraph\">Permisos vigentes, cad\u00e1veres presentes<\/p>\n\n\n\n<p class=\"wp-block-paragraph\">Lo m\u00e1s fascinante del caso no es s\u00f3lo la cantidad de cuerpos, sino que el crematorio ten\u00eda permisos vigentes. \u00a1Vigentes! Como si la legalidad fuera una capa m\u00e1gica que todo lo cubre, incluso la descomposici\u00f3n.<\/p>\n\n\n\n<p class=\"wp-block-paragraph\">La COESPRIS, esa noble instituci\u00f3n encargada de protegernos de riesgos sanitarios, parece haber estado m\u00e1s ocupada en sellar papeles que en oler la realidad.<\/p>\n\n\n\n<p class=\"wp-block-paragraph\">Su titular, Luis Carlos Tar\u00edn Villamar, y su delegada en la Zona Norte, Maribel Pr\u00f3spero, est\u00e1n ahora bajo investigaci\u00f3n.<\/p>\n\n\n\n<p class=\"wp-block-paragraph\">Aunque, siendo honestos, en este pa\u00eds eso no significa mucho. Estar \u201cbajo investigaci\u00f3n\u201d es como estar en pausa: ni culpable ni inocente, solo flotando en el limbo administrativo.<\/p>\n\n\n\n<p class=\"wp-block-paragraph\">La danza de las omisiones<\/p>\n\n\n\n<p class=\"wp-block-paragraph\">Pero no nos detengamos ah\u00ed. Porque si algo caracteriza a Ciudad Ca\u00f3tica es su capacidad para repartir culpas como si fueran volantes en un crucero.<\/p>\n\n\n\n<p class=\"wp-block-paragraph\">La Direcci\u00f3n de Ecolog\u00eda, Protecci\u00f3n Civil, Desarrollo Urbano&nbsp; municipal, tambi\u00e9n&nbsp; est\u00e1n en la mira.<\/p>\n\n\n\n<p class=\"wp-block-paragraph\">Todos sab\u00edan algo, todos vieron algo, pero nadie hizo nada. Es el cl\u00e1sico \u201cyo pens\u00e9 que t\u00fa lo ibas a revisar\u201d llevado al extremo forense.<\/p>\n\n\n\n<p class=\"wp-block-paragraph\">Y mientras tanto, las familias de los fallecidos \u2014que cre\u00edan haber recibido las cenizas de sus seres queridos\u2014 ahora se preguntan si en realidad les entregaron polvo de ladrillo o cenizas de alg\u00fan mueble viejo.<\/p>\n\n\n\n<p class=\"wp-block-paragraph\">Porque s\u00ed, hubo urnas con \u201ccenizas falsas\u201d. Un fraude emocional de proporciones b\u00edblicas.<\/p>\n\n\n\n<p class=\"wp-block-paragraph\">\u00bfY ahora qu\u00e9?<\/p>\n\n\n\n<p class=\"wp-block-paragraph\">Ahora vienen las carpas blancas, los refrigeradores m\u00f3viles, las conferencias de prensa con caras largas y promesas de justicia.<\/p>\n\n\n\n<p class=\"wp-block-paragraph\">Pero todos sabemos c\u00f3mo termina esta historia: con un par de chivos expiatorios, una multa simb\u00f3lica y una nueva normalidad donde la indignaci\u00f3n se diluye como el caf\u00e9 de oficina.<\/p>\n\n\n\n<p class=\"wp-block-paragraph\">Este caso es tomado con pinzas por el fiscal C\u00e9sar J\u00e1uregui Moreno, pues de su profesional desempe\u00f1o, depende la posibilidad de ser candidato a la alcald\u00eda de Shihuahua capital&#8230; o ser calcinado electoralmente.<\/p>\n\n\n\n<p class=\"wp-block-paragraph\">Ciudad Ju\u00e1rez no necesita m\u00e1s tragedias. Necesita memoria, vigilancia y funcionarios que no confundan \u201cvigente\u201d con \u201cfuncional\u201d.<\/p>\n\n\n\n<p class=\"wp-block-paragraph\">Pero sobre todo, necesita que la muerte \u2014al menos la muerte\u2014 sea tratada con dignidad.<\/p>\n\n\n\n<p class=\"wp-block-paragraph\">Porque si ni siquiera eso podemos garantizar, entonces s\u00ed, estamos oficialmente en el infierno&#8230; y sin crematorio que funcione.<\/p>\n\n\n\n<p class=\"wp-block-paragraph\">Nomamespancho.<\/p>\n","protected":false},"excerpt":{"rendered":"<p>Ra\u00fal Ruiz ___________________________ 383 razones para no confiar en nadie. Por alg\u00fan motivo inexplicable \u2014quiz\u00e1 alineaci\u00f3n planetaria o simple negligencia institucional\u2014&nbsp; Ciudad Ca\u00f3tica, ha vuelto a ser noticia. Esta vez no por sus atardeceres polvorientos ni por su tr\u00e1fico que parece dise\u00f1ado por un enemigo de la humanidad, sino por un hallazgo digno de una [&hellip;]<\/p>\n","protected":false},"author":6,"featured_media":43347,"comment_status":"closed","ping_status":"closed","sticky":false,"template":"","format":"standard","meta":{"_acf_changed":false,"_monsterinsights_skip_tracking":false,"slim_seo":{"title":"El crematorio de la verg\u00fcenza - Opini\u00f3n P\u00fablica","description":"Ra\u00fal Ruiz ___________________________ 383 razones para no confiar en nadie. Por alg\u00fan motivo inexplicable \u2014quiz\u00e1 alineaci\u00f3n planetaria o simple negligencia inst"},"footnotes":""},"categories":[21],"tags":[593],"class_list":["post-62898","post","type-post","status-publish","format-standard","has-post-thumbnail","hentry","category-cartapacio","tag-cartapacio"],"acf":[],"_links":{"self":[{"href":"https:\/\/www.opinionpublica.tv\/portada\/wp-json\/wp\/v2\/posts\/62898","targetHints":{"allow":["GET"]}}],"collection":[{"href":"https:\/\/www.opinionpublica.tv\/portada\/wp-json\/wp\/v2\/posts"}],"about":[{"href":"https:\/\/www.opinionpublica.tv\/portada\/wp-json\/wp\/v2\/types\/post"}],"author":[{"embeddable":true,"href":"https:\/\/www.opinionpublica.tv\/portada\/wp-json\/wp\/v2\/users\/6"}],"replies":[{"embeddable":true,"href":"https:\/\/www.opinionpublica.tv\/portada\/wp-json\/wp\/v2\/comments?post=62898"}],"version-history":[{"count":2,"href":"https:\/\/www.opinionpublica.tv\/portada\/wp-json\/wp\/v2\/posts\/62898\/revisions"}],"predecessor-version":[{"id":62900,"href":"https:\/\/www.opinionpublica.tv\/portada\/wp-json\/wp\/v2\/posts\/62898\/revisions\/62900"}],"wp:featuredmedia":[{"embeddable":true,"href":"https:\/\/www.opinionpublica.tv\/portada\/wp-json\/wp\/v2\/media\/43347"}],"wp:attachment":[{"href":"https:\/\/www.opinionpublica.tv\/portada\/wp-json\/wp\/v2\/media?parent=62898"}],"wp:term":[{"taxonomy":"category","embeddable":true,"href":"https:\/\/www.opinionpublica.tv\/portada\/wp-json\/wp\/v2\/categories?post=62898"},{"taxonomy":"post_tag","embeddable":true,"href":"https:\/\/www.opinionpublica.tv\/portada\/wp-json\/wp\/v2\/tags?post=62898"}],"curies":[{"name":"wp","href":"https:\/\/api.w.org\/{rel}","templated":true}]}}