{"id":62,"date":"2016-07-14T00:00:00","date_gmt":"2016-07-13T22:00:00","guid":{"rendered":"https:\/\/www.opinionpublica.tv\/portada\/2016\/07\/14\/va-corral-con-club-de-industriales-en-mexico\/"},"modified":"2016-07-14T00:00:00","modified_gmt":"2016-07-13T22:00:00","slug":"va-corral-con-club-de-industriales-en-mexico","status":"publish","type":"post","link":"https:\/\/www.opinionpublica.tv\/portada\/va-corral-con-club-de-industriales-en-mexico\/","title":{"rendered":"Va Corral con Club de Industriales en M\u00e9xico"},"content":{"rendered":"<p><img fetchpriority=\"high\" decoding=\"async\" class=\" size-full wp-image-61\" src=\"https:\/\/www.opinionpublica.tv\/portada\/wp-content\/uploads\/2016\/07\/d383d2a7f18b38f50f531c6f6759cc5a.jpg\" alt=\"\" width=\"770\" height=\"470\" srcset=\"https:\/\/www.opinionpublica.tv\/portada\/wp-content\/uploads\/2016\/07\/d383d2a7f18b38f50f531c6f6759cc5a.jpg 770w, https:\/\/www.opinionpublica.tv\/portada\/wp-content\/uploads\/2016\/07\/d383d2a7f18b38f50f531c6f6759cc5a-300x183.jpg 300w, https:\/\/www.opinionpublica.tv\/portada\/wp-content\/uploads\/2016\/07\/d383d2a7f18b38f50f531c6f6759cc5a-768x469.jpg 768w\" sizes=\"(max-width: 770px) 100vw, 770px\" \/><\/p>\n<p>Energ\u00eda, Miner\u00eda y Agroindustria, son algunos de los temas que el gobernador electo Javier Corral, discuti\u00f3 este d\u00eda en la Ciudad de M\u00e9xico con el Club de Industriales encabezado por Jos\u00e9 Carral.<\/p>\n<p>Corral fue acompa\u00f1ado por Alejandra de la Vega, miembro del equipo de transici\u00f3n, y Dami\u00e1n Zepeda, Secretario General del CEN del PAN.<\/p>\n<p>En dicho evento se comprometi\u00f3 a generar las mejores condiciones para reactivar la inversi\u00f3n en Chihuahua, y ser un aut\u00e9ntico promotor de todas las empresas que est\u00e9n interesadas en apostar en esta nueva y certera etapa para la competencia econ\u00f3mica.<\/p>\n<p>Entre los participantes destacaron el ex secretario Luis T\u00e9llez, Javier Pantoja, Rub\u00e9n Goldberg, V\u00edctor Achar, Mauro Ju\u00e1rez, Jenny Silhy, Nadja Giuffrida y Jorge Autrique.<\/p>\n","protected":false},"excerpt":{"rendered":"<p>Energ\u00eda, Miner\u00eda y Agroindustria, son algunos de los temas que el gobernador electo Javier Corral, discuti\u00f3 este d\u00eda en la Ciudad de M\u00e9xico con el Club de Industriales encabezado por Jos\u00e9 Carral. Corral fue acompa\u00f1ado por Alejandra de la Vega, miembro del equipo de transici\u00f3n, y Dami\u00e1n Zepeda, Secretario General del CEN del PAN. En [&hellip;]<\/p>\n","protected":false},"author":1,"featured_media":61,"comment_status":"open","ping_status":"open","sticky":false,"template":"","format":"standard","meta":{"_acf_changed":false,"_monsterinsights_skip_tracking":false,"slim_seo":{"title":"Va Corral con Club de Industriales en M\u00e9xico - Opini\u00f3n P\u00fablica","description":"Energ\u00eda, Miner\u00eda y Agroindustria, son algunos de los temas que el gobernador electo Javier Corral, discuti\u00f3 este d\u00eda en la Ciudad de M\u00e9xico con el Club de Indus"},"footnotes":""},"categories":[3],"tags":[],"class_list":["post-62","post","type-post","status-publish","format-standard","has-post-thumbnail","hentry","category-principal"],"acf":[],"_links":{"self":[{"href":"https:\/\/www.opinionpublica.tv\/portada\/wp-json\/wp\/v2\/posts\/62","targetHints":{"allow":["GET"]}}],"collection":[{"href":"https:\/\/www.opinionpublica.tv\/portada\/wp-json\/wp\/v2\/posts"}],"about":[{"href":"https:\/\/www.opinionpublica.tv\/portada\/wp-json\/wp\/v2\/types\/post"}],"author":[{"embeddable":true,"href":"https:\/\/www.opinionpublica.tv\/portada\/wp-json\/wp\/v2\/users\/1"}],"replies":[{"embeddable":true,"href":"https:\/\/www.opinionpublica.tv\/portada\/wp-json\/wp\/v2\/comments?post=62"}],"version-history":[{"count":0,"href":"https:\/\/www.opinionpublica.tv\/portada\/wp-json\/wp\/v2\/posts\/62\/revisions"}],"wp:featuredmedia":[{"embeddable":true,"href":"https:\/\/www.opinionpublica.tv\/portada\/wp-json\/wp\/v2\/media\/61"}],"wp:attachment":[{"href":"https:\/\/www.opinionpublica.tv\/portada\/wp-json\/wp\/v2\/media?parent=62"}],"wp:term":[{"taxonomy":"category","embeddable":true,"href":"https:\/\/www.opinionpublica.tv\/portada\/wp-json\/wp\/v2\/categories?post=62"},{"taxonomy":"post_tag","embeddable":true,"href":"https:\/\/www.opinionpublica.tv\/portada\/wp-json\/wp\/v2\/tags?post=62"}],"curies":[{"name":"wp","href":"https:\/\/api.w.org\/{rel}","templated":true}]}}