{"id":61891,"date":"2025-06-19T00:01:00","date_gmt":"2025-06-19T06:01:00","guid":{"rendered":"https:\/\/www.opinionpublica.tv\/portada\/?p=61891"},"modified":"2025-06-18T20:48:50","modified_gmt":"2025-06-19T02:48:50","slug":"resulta-inviable-conjuntar-elecciones-intermedias-y-del-poder-judicial-para-el-2027","status":"publish","type":"post","link":"https:\/\/www.opinionpublica.tv\/portada\/resulta-inviable-conjuntar-elecciones-intermedias-y-del-poder-judicial-para-el-2027\/","title":{"rendered":"Resulta inviable conjuntar las elecciones intermedias y del Poder Judicial para el 2027"},"content":{"rendered":"\n<figure class=\"wp-block-image size-large\"><img fetchpriority=\"high\" decoding=\"async\" width=\"1024\" height=\"683\" src=\"https:\/\/www.opinionpublica.tv\/portada\/wp-content\/uploads\/2025\/06\/Resulta-inviable-conjuntar-las-elecciones-intermedias-y-del-Poder-Judicial-para-el-2027-1024x683.webp\" alt=\"Resulta inviable conjuntar las elecciones intermedias y del poder judicial para el 2027\" class=\"wp-image-61895\" srcset=\"https:\/\/www.opinionpublica.tv\/portada\/wp-content\/uploads\/2025\/06\/Resulta-inviable-conjuntar-las-elecciones-intermedias-y-del-Poder-Judicial-para-el-2027-1024x683.webp 1024w, https:\/\/www.opinionpublica.tv\/portada\/wp-content\/uploads\/2025\/06\/Resulta-inviable-conjuntar-las-elecciones-intermedias-y-del-Poder-Judicial-para-el-2027-300x200.webp 300w, https:\/\/www.opinionpublica.tv\/portada\/wp-content\/uploads\/2025\/06\/Resulta-inviable-conjuntar-las-elecciones-intermedias-y-del-Poder-Judicial-para-el-2027-768x512.webp 768w, https:\/\/www.opinionpublica.tv\/portada\/wp-content\/uploads\/2025\/06\/Resulta-inviable-conjuntar-las-elecciones-intermedias-y-del-Poder-Judicial-para-el-2027.webp 1080w\" sizes=\"(max-width: 1024px) 100vw, 1024px\" \/><\/figure>\n\n\n\n<p class=\"wp-block-paragraph\"><em>Ciudad de M\u00e9xico<\/em>.- En el cierre del proceso de calificaci\u00f3n de la elecci\u00f3n judicial, Arturo Castillo, consejero del Instituto Nacional Electoral (INE), advirti\u00f3 que ser\u00e1 \u201cincompatible\u201d en 2027 hacer el mismo d\u00eda los comicios para renovar la segunda mitad del Poder Judicial Federal y lo procesos ordinarios de C\u00e1mara de Diputados y gubernaturas, entre otras.<\/p>\n\n\n\n<p class=\"wp-block-paragraph\">\u201cHay muchas cuestiones que podr\u00edan cambiar del marco normativo, entre otras, la m\u00ednima es que no pueden coincidir las elecciones ordinarias intermedias de 2027 con la renovaci\u00f3n del Poder Judicial porque simplemente son incompatibles. Tenemos que desfasarlas\u201d, coment\u00f3.<\/p>\n\n\n\n<p class=\"wp-block-paragraph\">Los partidos pol\u00edticos tienen prohibido participar en la elecci\u00f3n de juzgadores, de ah\u00ed que ser\u00eda \u201cpr\u00e1cticamente imposible\u201d excluir a los actores de los partidos en las campa\u00f1as judiciales.<\/p>\n\n\n\n<p class=\"wp-block-paragraph\">En principio, a\u00f1adi\u00f3, tendr\u00edamos que instalar el doble de casillas, al tener dos elecciones nacionales simult\u00e1neas, lo cual implica un despliegue financiero y log\u00edstico muy amplio.<\/p>\n\n\n\n<p class=\"wp-block-paragraph\">En cuanto al registro de candidaturas, actualmente en manos de comit\u00e9s de evaluaci\u00f3n de Poderes de la Uni\u00f3n, subray\u00f3 que el INE tiene la capacidad t\u00e9cnica y operativa para hacer este trabajo.<\/p>\n\n\n\n<p class=\"wp-block-paragraph\">En opini\u00f3n personal, se\u00f1al\u00f3, \u201cyo recomendar\u00eda que no dej\u00e1ramos la normatividad como la tenemos ahorita; hay que hacer ajustes, hay que hacer correcciones para que este modelo sea mucho m\u00e1s manejable\u201d.<\/p>\n\n\n\n<p class=\"wp-block-paragraph\">Esta tarde el consejo general del INE discute el proyecto de acuerdo de la declaratoria de validez de la elecci\u00f3n de magistrados de circuito, donde hay distintas observaciones de consejeros, y m\u00e1s tarde iniciar\u00eda con la revisi\u00f3n de la \u00faltima de las seis elecciones del 1 de junio, correspondiente a juzgados de distrito. Se trata de las elecciones con el mayor n\u00famero de cargos en disputa.<\/p>\n\n\n\n<p class=\"wp-block-paragraph\">En total son 464 magistraturas de circuito y 368 juzgados de distrito. (La Jornada)<\/p>\n","protected":false},"excerpt":{"rendered":"<p>Ciudad de M\u00e9xico.- En el cierre del proceso de calificaci\u00f3n de la elecci\u00f3n judicial, Arturo Castillo, consejero del Instituto Nacional Electoral (INE), advirti\u00f3 que ser\u00e1 \u201cincompatible\u201d en 2027 hacer el mismo d\u00eda los comicios para renovar la segunda mitad del Poder Judicial Federal y lo procesos ordinarios de C\u00e1mara de Diputados y gubernaturas, entre otras. [&hellip;]<\/p>\n","protected":false},"author":6,"featured_media":61895,"comment_status":"closed","ping_status":"closed","sticky":false,"template":"","format":"standard","meta":{"_acf_changed":false,"_monsterinsights_skip_tracking":false,"slim_seo":{"title":"Resulta inviable conjuntar las elecciones intermedias y del Poder Judicial para el 2027 - Opini\u00f3n P\u00fablica","description":"Ciudad de M\u00e9xico .- En el cierre del proceso de calificaci\u00f3n de la elecci\u00f3n judicial, Arturo Castillo, consejero del Instituto Nacional Electoral (INE), advirti"},"footnotes":""},"categories":[4],"tags":[],"class_list":["post-61891","post","type-post","status-publish","format-standard","has-post-thumbnail","hentry","category-pulsopolitico"],"acf":[],"_links":{"self":[{"href":"https:\/\/www.opinionpublica.tv\/portada\/wp-json\/wp\/v2\/posts\/61891","targetHints":{"allow":["GET"]}}],"collection":[{"href":"https:\/\/www.opinionpublica.tv\/portada\/wp-json\/wp\/v2\/posts"}],"about":[{"href":"https:\/\/www.opinionpublica.tv\/portada\/wp-json\/wp\/v2\/types\/post"}],"author":[{"embeddable":true,"href":"https:\/\/www.opinionpublica.tv\/portada\/wp-json\/wp\/v2\/users\/6"}],"replies":[{"embeddable":true,"href":"https:\/\/www.opinionpublica.tv\/portada\/wp-json\/wp\/v2\/comments?post=61891"}],"version-history":[{"count":3,"href":"https:\/\/www.opinionpublica.tv\/portada\/wp-json\/wp\/v2\/posts\/61891\/revisions"}],"predecessor-version":[{"id":61896,"href":"https:\/\/www.opinionpublica.tv\/portada\/wp-json\/wp\/v2\/posts\/61891\/revisions\/61896"}],"wp:featuredmedia":[{"embeddable":true,"href":"https:\/\/www.opinionpublica.tv\/portada\/wp-json\/wp\/v2\/media\/61895"}],"wp:attachment":[{"href":"https:\/\/www.opinionpublica.tv\/portada\/wp-json\/wp\/v2\/media?parent=61891"}],"wp:term":[{"taxonomy":"category","embeddable":true,"href":"https:\/\/www.opinionpublica.tv\/portada\/wp-json\/wp\/v2\/categories?post=61891"},{"taxonomy":"post_tag","embeddable":true,"href":"https:\/\/www.opinionpublica.tv\/portada\/wp-json\/wp\/v2\/tags?post=61891"}],"curies":[{"name":"wp","href":"https:\/\/api.w.org\/{rel}","templated":true}]}}