{"id":61856,"date":"2025-06-19T00:01:00","date_gmt":"2025-06-19T06:01:00","guid":{"rendered":"https:\/\/www.opinionpublica.tv\/portada\/?p=61856"},"modified":"2025-06-18T19:45:00","modified_gmt":"2025-06-19T01:45:00","slug":"efemerides-19-de-junio-un-dia-como-hoy-en-la-historia","status":"publish","type":"post","link":"https:\/\/www.opinionpublica.tv\/portada\/efemerides-19-de-junio-un-dia-como-hoy-en-la-historia\/","title":{"rendered":"Efem\u00e9rides 19 de junio | Un d\u00eda como hoy en la historia&#8230;"},"content":{"rendered":"\n<p class=\"wp-block-paragraph\"><em>Un d\u00eda 19 de junio como hoy, pero de 1867, es fusilado Maximiliano I, emperador de M\u00e9xico, por ser considerado como invasor y \u00abenemigo a la Rep\u00fablica\u00bb<\/em>.<\/p>\n\n\n\n<figure class=\"wp-block-image size-full\"><img fetchpriority=\"high\" decoding=\"async\" width=\"600\" height=\"300\" src=\"https:\/\/www.opinionpublica.tv\/portada\/wp-content\/uploads\/2025\/06\/1867-es-fusilado-Maximiliano-I-emperador-de-Mexico.png\" alt=\"1867, es fusilado maximiliano i, emperador de me\u0301xico\" class=\"wp-image-61857\" srcset=\"https:\/\/www.opinionpublica.tv\/portada\/wp-content\/uploads\/2025\/06\/1867-es-fusilado-Maximiliano-I-emperador-de-Mexico.png 600w, https:\/\/www.opinionpublica.tv\/portada\/wp-content\/uploads\/2025\/06\/1867-es-fusilado-Maximiliano-I-emperador-de-Mexico-300x150.png 300w\" sizes=\"(max-width: 600px) 100vw, 600px\" \/><\/figure>\n\n\n\n<p class=\"wp-block-paragraph\"><strong>Otras efem\u00e9rides<\/strong><\/p>\n\n\n\n<p class=\"wp-block-paragraph\">1846.- En Nueva Jersey (Estados Unidos) se juega el primer partido oficial de b\u00e9isbol.<\/p>\n\n\n\n<p class=\"wp-block-paragraph\">1858.- Un fuerte temblor de tierra causa casi la destrucci\u00f3n de Texcoco, en M\u00e9xico.<\/p>\n\n\n\n<p class=\"wp-block-paragraph\">1884.- Muere Juan Bautista Alberdi, inspirador de la Constituci\u00f3n argentina.<\/p>\n\n\n\n<p class=\"wp-block-paragraph\">1911.- Proclamada la Rep\u00fablica de Portugal.<\/p>\n\n\n\n<p class=\"wp-block-paragraph\">1942.- Norma Jean Baker, Marilyn Monroe, se casa a los 16 a\u00f1os con James Dougherty.<\/p>\n\n\n\n<p class=\"wp-block-paragraph\">1945.- En Chile fallecen 355 mineros ahogados en la mina El Teniente.<\/p>\n\n\n\n<p class=\"wp-block-paragraph\">1953.- El matrimonio Rosenberg es ejecutado en Nueva York acusado de revelar secretos at\u00f3micos a la Uni\u00f3n Sovi\u00e9tica.<\/p>\n\n\n\n<p class=\"wp-block-paragraph\">1961.- Kuwait declara su independencia del Reino Unido.<\/p>\n\n\n\n<p class=\"wp-block-paragraph\">1964.- El Senado de EE.UU. aprueba la ley sobre derechos civiles de los negros.<\/p>\n\n\n\n<p class=\"wp-block-paragraph\">1965.- Golpe militar en Argelia que derroca al presidente Ben Bella y otorga el poder a Houari Boumedian.<\/p>\n\n\n\n<p class=\"wp-block-paragraph\">1978.- El dibujante Jim Davis publica por primera vez una tira del gato Garfield.<\/p>\n\n\n\n<p class=\"wp-block-paragraph\">1986.- El Ej\u00e9rcito peruano sofoca motines en tres prisiones. Mueren m\u00e1s de 250 personas.<\/p>\n\n\n\n<p class=\"wp-block-paragraph\">1995.- Tras 22 a\u00f1os de c\u00e1rcel y nueve de exilio, el excomandante guerrillero Eloy Guti\u00e9rrez Menoyo se entrevista con Fidel Castro en La Habana.<\/p>\n\n\n\n<p class=\"wp-block-paragraph\">1996.- Bobby Fischer anuncia la variante ajedrecista &#8216;ajedrez aleatorio de Fischer&#8217;.<\/p>\n\n\n\n<p class=\"wp-block-paragraph\">2006.- Se inaugura en Ginebra (Suiza) el Consejo de Derechos Humanos de la ONU, reemplazando a la Comisi\u00f3n de Derechos Humanos.<\/p>\n\n\n\n<p class=\"wp-block-paragraph\">2008.- La Uni\u00f3n Europea levanta las sanciones diplom\u00e1ticas impuestas a Cuba.<\/p>\n\n\n\n<p class=\"wp-block-paragraph\">2010 &#8211; Boda real entre la princesa Victoria de Suecia y Daniel Westling.<\/p>\n\n\n\n<p class=\"wp-block-paragraph\">2012.- Julian Assange pide asilo en la embajada de Ecuador en Londres para evitar su extradici\u00f3n a Suecia.<\/p>\n\n\n\n<p class=\"wp-block-paragraph\">2013.- Quince muertos en un ataque terrorista contra la sede de Naciones Unidas en Mogadiscio (Somalia).<\/p>\n\n\n\n<p class=\"wp-block-paragraph\">2014.- Felipe VI de Borb\u00f3n es proclamado Rey de Espa\u00f1a.<\/p>\n\n\n\n<p class=\"wp-block-paragraph\">2017.- La NASA descubre diez posibles planetas con condiciones de ser habitables.<\/p>\n\n\n\n<p class=\"wp-block-paragraph\">2019.- Un informe de la ONU se\u00f1ala al pr\u00edncipe saud\u00ed Mohamed bin Salman como responsable del asesinato del periodista Jamal Khashoggi.<\/p>\n\n\n\n<p class=\"wp-block-paragraph\">2021.- Inauguraci\u00f3n en Nueva York de un busto de George Floyd, asesinado por un polic\u00eda, con motivo de la festividad del &#8216;Juneteenth&#8217;.<\/p>\n\n\n\n<p class=\"wp-block-paragraph\">2022.- El candidato del Pacto Hist\u00f3rico, Gustavo Petro, logra que la izquierda llegue al poder por primera vez en la historia de Colombia.<\/p>\n\n\n\n<p class=\"wp-block-paragraph\"><strong>Nacimientos<\/strong><\/p>\n\n\n\n<p class=\"wp-block-paragraph\">1623.- Blaise Pascal, matem\u00e1tico franc\u00e9s, inventor de la primera calculadora.<\/p>\n\n\n\n<p class=\"wp-block-paragraph\">1861.- Jos\u00e9 Rizal, escritor, caudillo de la independencia filipina.<\/p>\n\n\n\n<p class=\"wp-block-paragraph\">1896.- Wallis Simpson, esposa del exrey brit\u00e1nico Eduardo VIII.<\/p>\n\n\n\n<p class=\"wp-block-paragraph\">1919.- Louis Jourdan, actor franc\u00e9s.<\/p>\n\n\n\n<p class=\"wp-block-paragraph\">1922.- \u00c1lvaro Delgado, pintor e ilustrador espa\u00f1ol.<\/p>\n\n\n\n<p class=\"wp-block-paragraph\">1941.- Vaclav Klaus, presidente de la Rep\u00fablica Checa.<\/p>\n\n\n\n<p class=\"wp-block-paragraph\">1945.- Aung San Suu Kyi, l\u00edder opositora birmana, Nobel de la Paz.<\/p>\n\n\n\n<p class=\"wp-block-paragraph\">1947.- Salman Rushdie, escritor brit\u00e1nico de origen indio.<\/p>\n\n\n\n<p class=\"wp-block-paragraph\">1951.- Francesco Moser, ciclista italiano.<\/p>\n\n\n\n<p class=\"wp-block-paragraph\">1957.- Subcomandante Marcos, pol\u00edtico y militar mexicano.<\/p>\n\n\n\n<p class=\"wp-block-paragraph\">1964.- Boris Johnson, pol\u00edtico brit\u00e1nico.<\/p>\n\n\n\n<p class=\"wp-block-paragraph\">1970.- Rahul Gandhi, pol\u00edtico indio, hijo del asesinado Rajiv Gandhi.<\/p>\n\n\n\n<p class=\"wp-block-paragraph\">1972.- Jean Dujardin, actor franc\u00e9s.<\/p>\n\n\n\n<p class=\"wp-block-paragraph\">1986.- Marvin Williams, jugador de baloncesto estadounidense.<\/p>\n\n\n\n<p class=\"wp-block-paragraph\"><strong>Defunciones<\/strong><\/p>\n\n\n\n<p class=\"wp-block-paragraph\">1938.- Luis Gonz\u00e1lez Obreg\u00f3n, historiador mexicano.<\/p>\n\n\n\n<p class=\"wp-block-paragraph\">1980.- Torcuato Fern\u00e1ndez Miranda, pol\u00edtico espa\u00f1ol.<\/p>\n\n\n\n<p class=\"wp-block-paragraph\">1990.- Toni Mart\u00ednez, guitarrista de Los Bravos.<\/p>\n\n\n\n<p class=\"wp-block-paragraph\">1993.- William Golding, escritor brit\u00e1nico, Premio Nobel.<\/p>\n\n\n\n<p class=\"wp-block-paragraph\">1999.- Enrique de Orleans, conde de Par\u00eds y pretendiente al trono de Francia.<\/p>\n\n\n\n<p class=\"wp-block-paragraph\">2007.- Jos\u00e9 Luis Cantero &#8216;El Fary&#8217;, cantante espa\u00f1ol de copla.<\/p>\n\n\n\n<p class=\"wp-block-paragraph\">2009.- Vicente Ferrer, cooperante espa\u00f1ol.<\/p>\n\n\n\n<p class=\"wp-block-paragraph\">2010.- Carlos Monsiv\u00e1is, escritor y periodista mexicano.<\/p>\n\n\n\n<p class=\"wp-block-paragraph\">2017.- Leonor Machado, sobrina de los poetas Machado.<\/p>\n\n\n\n<p class=\"wp-block-paragraph\">2018.- Rafael Alcides, poeta cubano.<\/p>\n\n\n\n<p class=\"wp-block-paragraph\">2020.- Carlos Ruiz Zaf\u00f3n, escritor espa\u00f1ol.<\/p>\n\n\n\n<p class=\"wp-block-paragraph\">2022.- Guennadi Burbulis, funcionario ruso que certific\u00f3 la disoluci\u00f3n de la Uni\u00f3n Sovi\u00e9tica.<\/p>\n","protected":false},"excerpt":{"rendered":"<p>Un d\u00eda 19 de junio como hoy, pero de 1867, es fusilado Maximiliano I, emperador de M\u00e9xico, por ser considerado como invasor y \u00abenemigo a la Rep\u00fablica\u00bb. Otras efem\u00e9rides 1846.- En Nueva Jersey (Estados Unidos) se juega el primer partido oficial de b\u00e9isbol. 1858.- Un fuerte temblor de tierra causa casi la destrucci\u00f3n de Texcoco, [&hellip;]<\/p>\n","protected":false},"author":6,"featured_media":61857,"comment_status":"closed","ping_status":"closed","sticky":false,"template":"","format":"standard","meta":{"_acf_changed":false,"_monsterinsights_skip_tracking":false,"slim_seo":{"title":"Efem\u00e9rides 19 de junio | Un d\u00eda como hoy en la historia... - Opini\u00f3n P\u00fablica","description":"Un d\u00eda 19 de junio como hoy, pero de 1867, es fusilado Maximiliano I, emperador de M\u00e9xico, por ser considerado como invasor y \"enemigo a la Rep\u00fablica\" . Otras e"},"footnotes":""},"categories":[27],"tags":[],"class_list":["post-61856","post","type-post","status-publish","format-standard","has-post-thumbnail","hentry","category-un-dia-como-hoy"],"acf":[],"_links":{"self":[{"href":"https:\/\/www.opinionpublica.tv\/portada\/wp-json\/wp\/v2\/posts\/61856","targetHints":{"allow":["GET"]}}],"collection":[{"href":"https:\/\/www.opinionpublica.tv\/portada\/wp-json\/wp\/v2\/posts"}],"about":[{"href":"https:\/\/www.opinionpublica.tv\/portada\/wp-json\/wp\/v2\/types\/post"}],"author":[{"embeddable":true,"href":"https:\/\/www.opinionpublica.tv\/portada\/wp-json\/wp\/v2\/users\/6"}],"replies":[{"embeddable":true,"href":"https:\/\/www.opinionpublica.tv\/portada\/wp-json\/wp\/v2\/comments?post=61856"}],"version-history":[{"count":1,"href":"https:\/\/www.opinionpublica.tv\/portada\/wp-json\/wp\/v2\/posts\/61856\/revisions"}],"predecessor-version":[{"id":61858,"href":"https:\/\/www.opinionpublica.tv\/portada\/wp-json\/wp\/v2\/posts\/61856\/revisions\/61858"}],"wp:featuredmedia":[{"embeddable":true,"href":"https:\/\/www.opinionpublica.tv\/portada\/wp-json\/wp\/v2\/media\/61857"}],"wp:attachment":[{"href":"https:\/\/www.opinionpublica.tv\/portada\/wp-json\/wp\/v2\/media?parent=61856"}],"wp:term":[{"taxonomy":"category","embeddable":true,"href":"https:\/\/www.opinionpublica.tv\/portada\/wp-json\/wp\/v2\/categories?post=61856"},{"taxonomy":"post_tag","embeddable":true,"href":"https:\/\/www.opinionpublica.tv\/portada\/wp-json\/wp\/v2\/tags?post=61856"}],"curies":[{"name":"wp","href":"https:\/\/api.w.org\/{rel}","templated":true}]}}