{"id":61790,"date":"2025-06-19T00:01:00","date_gmt":"2025-06-19T06:01:00","guid":{"rendered":"https:\/\/www.opinionpublica.tv\/portada\/?p=61790"},"modified":"2025-06-17T17:12:21","modified_gmt":"2025-06-17T23:12:21","slug":"sobrevivir-el-autoritarismo-de-sheinbaum","status":"publish","type":"post","link":"https:\/\/www.opinionpublica.tv\/portada\/sobrevivir-el-autoritarismo-de-sheinbaum\/","title":{"rendered":"Sobrevivir el autoritarismo de Sheinbaum"},"content":{"rendered":"\n<h4 class=\"wp-block-heading\">Carlos Angulo Parra<\/h4>\n\n\n\n<p class=\"wp-block-paragraph\">____________________________<\/p>\n\n\n\n<p class=\"wp-block-paragraph\">Pues bien, ya no tenemos Rep\u00fablica, democracia, Estado de Derecho, y vamos hacia el abismo de una depresi\u00f3n econ\u00f3mica sin precedentes. Esto suena catastr\u00f3fico s\u00ed, no nos parece que existe, \u00bfverdad? En efecto, es que a\u00fan no nos llegan personalmente los efectos de ello.<\/p>\n\n\n\n<p class=\"wp-block-paragraph\">Nosotros los viejitos que vivimos nuestros primeros cincuenta a\u00f1os en el siglo XX, conocemos mucho de ello. En la \u00e9poca en que gobernaba el PRI en M\u00e9xico, tuvimos las carencias institucionales que acabo de mencionar, y sufrimos acremente las crisis econ\u00f3micas que se crean a ra\u00edz del autoritarismo.<\/p>\n\n\n\n<p class=\"wp-block-paragraph\">Pero el actual r\u00e9gimen es bastante diferente al que hubo durante el priato. Para empezar, nuestros actuales gobernantes son ignorantes, insensibles y chafas en todo su proceder. Durante los gobiernos del PRI, aunque hab\u00eda gentes incompetentes, el grado de incompetencia que ten\u00edan no se compara con la que hoy tenemos. Durante los gobiernos del PRI, hubo personas de gran competencia, inexistente en el actual r\u00e9gimen.<\/p>\n\n\n\n<p class=\"wp-block-paragraph\">El grado de perversidad durante el PRI, se concentr\u00f3 en la persecuci\u00f3n de los guerrilleros de la izquierda que atacaban violentamente destacamentos militares y asesinaban a personas a mansalva. Ahora, nuestro gobierno deja que el crimen organizado act\u00fae libremente generando cientos de miles de muertos, que en la \u00e9poca del PRI no hubo (aunque la guerra cristera tuvo 250,000 muertos, fue en la \u00e9poca del abuelo del PRI).<\/p>\n\n\n\n<p class=\"wp-block-paragraph\">Otro gran contraste, es que el PRI s\u00ed comprendi\u00f3 la se\u00f1al de los tiempos y poco a poco se fue abriendo hacia la democracia, a la transparencia, y a los \u00f3rganos aut\u00f3nomos, claro siempre bajo la presi\u00f3n de la oposici\u00f3n que fue bien organizada y dirigida por personas de buena fe, cosa que en la actual oposici\u00f3n no existe.<\/p>\n\n\n\n<p class=\"wp-block-paragraph\">En el actual r\u00e9gimen hay todo lo contrario, se mueve constantemente hacia la cerraz\u00f3n, hacia la toma total de poder y a la destrucci\u00f3n total de la democracia y al dominio absoluto de la poblaci\u00f3n.<\/p>\n\n\n\n<p class=\"wp-block-paragraph\">\u00bfC\u00f3mo vivir ante esta situaci\u00f3n catastr\u00f3fica? Lo mejor que podemos hacer en este momento es organizarnos en c\u00e9lulas ciudadanas peque\u00f1as pero que tengan reuniones peri\u00f3dicas, que dichas c\u00e9lulas se vayan vertebrando con organizaciones ciudadanas mayores, a niveles distritales, municipales, estatales y nacionales.<\/p>\n\n\n\n<p class=\"wp-block-paragraph\">\u00bfCon qu\u00e9 fin se deben establecer estas c\u00e9lulas? El principal fin debe de ser el de la resistencia. Los reg\u00edmenes autoritarios prosperan por la inacci\u00f3n de la gente, si los ciudadanos resistimos los mandatos autoritarios del r\u00e9gimen, este empezar\u00e1 a debilitarse.<\/p>\n\n\n\n<p class=\"wp-block-paragraph\">M\u00e9xico es muy grande y complejo, ahora gozamos de las redes sociales para comunicarnos con suma facilidad. Los ciudadanos en crisis desarrollamos una capacidad de resiliencia extraordinaria.<\/p>\n\n\n\n<p class=\"wp-block-paragraph\">Debemos de tomar en cuenta que los mexicanos en general no reaccionar\u00e1n ante este autoritarismo hasta que les llegue a la bolsa ya a su vida cotidiana.<\/p>\n\n\n\n<p class=\"wp-block-paragraph\">Pero debemos de estar preparados para tomar la avalancha de inconformidades que se le vendr\u00e1 encima al r\u00e9gimen. La resistencia est\u00e1 por comenzar, \u00a1prepar\u00e9monos para hacerla efectiva!<\/p>\n","protected":false},"excerpt":{"rendered":"<p>Carlos Angulo Parra ____________________________ Pues bien, ya no tenemos Rep\u00fablica, democracia, Estado de Derecho, y vamos hacia el abismo de una depresi\u00f3n econ\u00f3mica sin precedentes. Esto suena catastr\u00f3fico s\u00ed, no nos parece que existe, \u00bfverdad? En efecto, es que a\u00fan no nos llegan personalmente los efectos de ello. Nosotros los viejitos que vivimos nuestros primeros [&hellip;]<\/p>\n","protected":false},"author":6,"featured_media":45394,"comment_status":"closed","ping_status":"closed","sticky":false,"template":"","format":"standard","meta":{"_acf_changed":false,"_monsterinsights_skip_tracking":false,"slim_seo":{"title":"Sobrevivir el autoritarismo de Sheinbaum - Opini\u00f3n P\u00fablica","description":"Carlos Angulo Parra ____________________________ Pues bien, ya no tenemos Rep\u00fablica, democracia, Estado de Derecho, y vamos hacia el abismo de una depresi\u00f3n eco"},"footnotes":""},"categories":[17],"tags":[825],"class_list":["post-61790","post","type-post","status-publish","format-standard","has-post-thumbnail","hentry","category-ultima-instancia","tag-carlos-angulo"],"acf":[],"_links":{"self":[{"href":"https:\/\/www.opinionpublica.tv\/portada\/wp-json\/wp\/v2\/posts\/61790","targetHints":{"allow":["GET"]}}],"collection":[{"href":"https:\/\/www.opinionpublica.tv\/portada\/wp-json\/wp\/v2\/posts"}],"about":[{"href":"https:\/\/www.opinionpublica.tv\/portada\/wp-json\/wp\/v2\/types\/post"}],"author":[{"embeddable":true,"href":"https:\/\/www.opinionpublica.tv\/portada\/wp-json\/wp\/v2\/users\/6"}],"replies":[{"embeddable":true,"href":"https:\/\/www.opinionpublica.tv\/portada\/wp-json\/wp\/v2\/comments?post=61790"}],"version-history":[{"count":2,"href":"https:\/\/www.opinionpublica.tv\/portada\/wp-json\/wp\/v2\/posts\/61790\/revisions"}],"predecessor-version":[{"id":61792,"href":"https:\/\/www.opinionpublica.tv\/portada\/wp-json\/wp\/v2\/posts\/61790\/revisions\/61792"}],"wp:featuredmedia":[{"embeddable":true,"href":"https:\/\/www.opinionpublica.tv\/portada\/wp-json\/wp\/v2\/media\/45394"}],"wp:attachment":[{"href":"https:\/\/www.opinionpublica.tv\/portada\/wp-json\/wp\/v2\/media?parent=61790"}],"wp:term":[{"taxonomy":"category","embeddable":true,"href":"https:\/\/www.opinionpublica.tv\/portada\/wp-json\/wp\/v2\/categories?post=61790"},{"taxonomy":"post_tag","embeddable":true,"href":"https:\/\/www.opinionpublica.tv\/portada\/wp-json\/wp\/v2\/tags?post=61790"}],"curies":[{"name":"wp","href":"https:\/\/api.w.org\/{rel}","templated":true}]}}