{"id":61295,"date":"2025-06-11T00:01:00","date_gmt":"2025-06-11T06:01:00","guid":{"rendered":"https:\/\/www.opinionpublica.tv\/portada\/?p=61295"},"modified":"2025-06-10T14:58:50","modified_gmt":"2025-06-10T20:58:50","slug":"video-sheinbaum-se-molesto-con-oea-al-evidenciar-regresion-antidemocratica-lorenzo-cordova","status":"publish","type":"post","link":"https:\/\/www.opinionpublica.tv\/portada\/video-sheinbaum-se-molesto-con-oea-al-evidenciar-regresion-antidemocratica-lorenzo-cordova\/","title":{"rendered":"Video: Sheinbaum se molest\u00f3 con OEA por evidenciar regresi\u00f3n | Lorenzo C\u00f3rdova"},"content":{"rendered":"\n<figure class=\"wp-block-embed is-type-video is-provider-youtube wp-block-embed-youtube wp-embed-aspect-16-9 wp-has-aspect-ratio\"><div class=\"wp-block-embed__wrapper\">\n<iframe title=\"Sheinbaum se molest\u00f3 porque la OEA evidenci\u00f3 la regresi\u00f3n antidemocr\u00e1tica en M\u00e9xico: Lorenzo C\u00f3rdova\" width=\"800\" height=\"450\" src=\"https:\/\/www.youtube.com\/embed\/IWRZFV-i6LQ?feature=oembed\" frameborder=\"0\" allow=\"accelerometer; autoplay; clipboard-write; encrypted-media; gyroscope; picture-in-picture; web-share\" referrerpolicy=\"strict-origin-when-cross-origin\" allowfullscreen><\/iframe>\n<\/div><\/figure>\n\n\n\n<p class=\"wp-block-paragraph\">El acad\u00e9mico y ex presidente del INE, Lorenzo C\u00f3rdova, considera comprensible la irritaci\u00f3n de la mandataria porque al final esto demuestra que el fracaso en t\u00e9rminos de participaci\u00f3n ciudadana en los comicios es una falla de su gobierno.<\/p>\n\n\n\n<p class=\"wp-block-paragraph\"><em>Cr\u00e9ditos: Latinus<\/em>.<a href=\"https:\/\/www.youtube.com\/@Latinusus\"><\/a><\/p>\n","protected":false},"excerpt":{"rendered":"<p>El acad\u00e9mico y ex presidente del INE, Lorenzo C\u00f3rdova, considera comprensible la irritaci\u00f3n de la mandataria porque al final esto demuestra que el fracaso en t\u00e9rminos de participaci\u00f3n ciudadana en los comicios es una falla de su gobierno. Cr\u00e9ditos: Latinus.<\/p>\n","protected":false},"author":6,"featured_media":61298,"comment_status":"closed","ping_status":"closed","sticky":false,"template":"","format":"standard","meta":{"_acf_changed":false,"_monsterinsights_skip_tracking":false,"slim_seo":{"title":"Video: Sheinbaum se molest\u00f3 con OEA por evidenciar regresi\u00f3n | Lorenzo C\u00f3rdova - Opini\u00f3n P\u00fablica","description":"https:\/\/youtu.be\/IWRZFV-i6LQ?si=K69QkfodQCzc59rC El acad\u00e9mico y ex presidente del INE, Lorenzo C\u00f3rdova, considera comprensible la irritaci\u00f3n de la mandataria po"},"footnotes":""},"categories":[13,2,8],"tags":[],"class_list":["post-61295","post","type-post","status-publish","format-standard","has-post-thumbnail","hentry","category-videos-destacados-contenido","category-videos-destacados","category-videos"],"acf":[],"_links":{"self":[{"href":"https:\/\/www.opinionpublica.tv\/portada\/wp-json\/wp\/v2\/posts\/61295","targetHints":{"allow":["GET"]}}],"collection":[{"href":"https:\/\/www.opinionpublica.tv\/portada\/wp-json\/wp\/v2\/posts"}],"about":[{"href":"https:\/\/www.opinionpublica.tv\/portada\/wp-json\/wp\/v2\/types\/post"}],"author":[{"embeddable":true,"href":"https:\/\/www.opinionpublica.tv\/portada\/wp-json\/wp\/v2\/users\/6"}],"replies":[{"embeddable":true,"href":"https:\/\/www.opinionpublica.tv\/portada\/wp-json\/wp\/v2\/comments?post=61295"}],"version-history":[{"count":2,"href":"https:\/\/www.opinionpublica.tv\/portada\/wp-json\/wp\/v2\/posts\/61295\/revisions"}],"predecessor-version":[{"id":61297,"href":"https:\/\/www.opinionpublica.tv\/portada\/wp-json\/wp\/v2\/posts\/61295\/revisions\/61297"}],"wp:featuredmedia":[{"embeddable":true,"href":"https:\/\/www.opinionpublica.tv\/portada\/wp-json\/wp\/v2\/media\/61298"}],"wp:attachment":[{"href":"https:\/\/www.opinionpublica.tv\/portada\/wp-json\/wp\/v2\/media?parent=61295"}],"wp:term":[{"taxonomy":"category","embeddable":true,"href":"https:\/\/www.opinionpublica.tv\/portada\/wp-json\/wp\/v2\/categories?post=61295"},{"taxonomy":"post_tag","embeddable":true,"href":"https:\/\/www.opinionpublica.tv\/portada\/wp-json\/wp\/v2\/tags?post=61295"}],"curies":[{"name":"wp","href":"https:\/\/api.w.org\/{rel}","templated":true}]}}