{"id":61288,"date":"2025-06-11T00:01:00","date_gmt":"2025-06-11T06:01:00","guid":{"rendered":"https:\/\/www.opinionpublica.tv\/portada\/?p=61288"},"modified":"2025-06-10T14:40:37","modified_gmt":"2025-06-10T20:40:37","slug":"lo-que-perdemos-con-la-destruccion-de-la-division-de-poderes","status":"publish","type":"post","link":"https:\/\/www.opinionpublica.tv\/portada\/lo-que-perdemos-con-la-destruccion-de-la-division-de-poderes\/","title":{"rendered":"Lo que perdemos con la destrucci\u00f3n de la divisi\u00f3n de poderes"},"content":{"rendered":"\n<h4 class=\"wp-block-heading\">Carlos Angulo Parra<\/h4>\n\n\n\n<p class=\"wp-block-paragraph\">___________________________<\/p>\n\n\n\n<p class=\"wp-block-paragraph\">La historia de la humanidad est\u00e1 llena de tragedias derivadas de los abusos del hombre contra el hombre (el g\u00e9nero humano). Dec\u00eda Thomas Hobbs que \u201cel hombre es el lobo del hombre\u201d De hecho, el principio de la autoridad deriva de ese macho Alfa, valiente, fuerte y audaz que ofrec\u00eda a sus seguidores seguridad y justicia a cambio de su protecci\u00f3n.<\/p>\n\n\n\n<p class=\"wp-block-paragraph\">Conforme avanz\u00f3 la civilizaci\u00f3n, se desarrollaron los grandes Imperios del Orbe.<\/p>\n\n\n\n<p class=\"wp-block-paragraph\">El com\u00fan denominador de estas grandes organizaciones sociales es que fueron desarrollando instituciones org\u00e1nicas que les permiti\u00f3 desarrollar grandes avances.<\/p>\n\n\n\n<p class=\"wp-block-paragraph\">En Occidente, a la ca\u00edda del Imperio Romano, se atomiz\u00f3 el poder, regresando la autoridad al tutelaje del se\u00f1or feudal, que no era otra cosa que el macho Alfa valiente, fuerte y audaz que brindaba seguridad y justicia a sus vasallos. En esta \u00e9poca, llamada Edad Media, hubo poco desarrollo humano y las personas que no estaban en las Cortes de los feudales, viv\u00edan en precariedad.<\/p>\n\n\n\n<p class=\"wp-block-paragraph\">En Espa\u00f1a, en los reinos de Castilla y Arag\u00f3n, se establecieron los llamados fueros, que establec\u00edan reglas para la protecci\u00f3n de los derechos fundamentales de los habitantes, y reglas de autonom\u00eda local.<\/p>\n\n\n\n<p class=\"wp-block-paragraph\">En Inglaterra, en 1215, los barones (se\u00f1ores feudales) se revelaron en contra del rey, conocido como Juan Sin Tierra, habi\u00e9ndoseles concedido la llamada \u201cMagna Carta Libertatum\u201d, conocida en espa\u00f1ol como \u201cCarta Magna\u201d en donde se les otorgaban a los barones garant\u00edas en contra del abuso de la autoridad del rey, extendiendo el recurso llamado \u201cwrit de Habeas Corpus\u201d, que proteg\u00eda a los barones de las arbitrariedades del rey, mediante procedimientos en los tribunales&nbsp; en donde se deb\u00edan probar las acusaciones debidamente antes de los derechos de los acusados.<\/p>\n\n\n\n<p class=\"wp-block-paragraph\">En la Edad Media, la cultura se refugi\u00f3 en los conventos eclesi\u00e1sticos en donde se fueron copiando uno a uno, los pergaminos sobrevivientes de los Imperios de la antig\u00fcedad. Ante el advenimiento de la imprenta, esos libros que recopilaron la cultura ancestral se dispersaron a miles de personas y con la invenci\u00f3n de los peri\u00f3dicos y diarios, la comunicaci\u00f3n social explot\u00f3.<\/p>\n\n\n\n<p class=\"wp-block-paragraph\">Ello nos trajo al desarrollo de ideas en contra del poder absoluto de los reyes y del abuso de poder de las autoridades, y as\u00ed renacieron las ideas democr\u00e1ticas de la Gracia antigua y de los derechos inherentes de todos los humanos de la dignidad de la persona humana.<\/p>\n\n\n\n<p class=\"wp-block-paragraph\">Estas ideas se fueron esparciendo por toda Europa y las Islas Brit\u00e1nicas, y en los Pa\u00edses Bajos, se desarrollaron estas ideas liberales, gener\u00e1ndose gobiernos democr\u00e1ticos y un comercio libre.<\/p>\n\n\n\n<p class=\"wp-block-paragraph\">Eventualmente, se desarrollaron en Inglaterra estos movimientos libertarios, aderezados con la tradici\u00f3n inglesa derivada de la Carta Magna, deviniendo en la conversi\u00f3n del reino ingl\u00e9s en una monarqu\u00eda parlamentaria.<\/p>\n\n\n\n<p class=\"wp-block-paragraph\">Lo anterior, con las ideas revolucionarias liberales de los autores franceses Volataire y Montesquieu, previas a las revoluciones de Estados Unidos y la revoluci\u00f3n francesa, que desarrollaron las ideas de la divisi\u00f3n de poderes, que limitan al monarca o al poder ejecutivo de un pa\u00eds a estar al mismo nivel de poder con el parlamento o congreso y con el poder de los jueces, as\u00ed como al imperio de la ley sobre la voluntad de los monarcas o presidentes. Al independizarse los Estados Unidos, adoptaron el Habeas Corpus de Inglaterra y las ideas liberales de los citados autores franceses.<\/p>\n\n\n\n<p class=\"wp-block-paragraph\">En 1812, en Espa\u00f1a, la Constituci\u00f3n de C\u00e1diz adopt\u00f3 los principios liberales arriba mencionados.<\/p>\n\n\n\n<p class=\"wp-block-paragraph\">Despu\u00e9s de la independencia de M\u00e9xico, los liberales, adoptaron en la legislaci\u00f3n mexicana la estructura de la constituci\u00f3n estadounidense, el juicio de amparo, que derivaba de antecedentes ingleses, espa\u00f1oles y de los yucatecos en 1840,&nbsp; hasta devenir en la Constituci\u00f3n de 1857.<\/p>\n\n\n\n<p class=\"wp-block-paragraph\">En nuestra Constituci\u00f3n de 1917, la estructura de divisi\u00f3n de poderes y del juicio de amparo de la Constituci\u00f3n de 1857 fueron adoptados.<\/p>\n\n\n\n<p class=\"wp-block-paragraph\">La reforma constitucional ileg\u00edtimamente adoptada por el actual r\u00e9gimen, ya que deriva del otorgamiento del Tribunal Electoral de una mayor\u00eda no obtenida en las urnas a la coalici\u00f3n electoral que hizo morena, literalmente destruye la independencia del Poder Judicial, rompiendo el balance de poder establecido por los liberales con inspiraci\u00f3n de los autores franceses y con lo establecido en la constituci\u00f3n estadounidense, por lo que al tener a un Poder Ejecutivo (con la actual presidente Sheinbaum) dominando al Congreso de la Uni\u00f3n, con su mayor\u00eda calificada ileg\u00edtima y con el control de la mayor\u00eda de las legislaturas de los estados y de la Ciudad de M\u00e9xico, as\u00ed como con los cambios que morena hizo a la Ley de Amparo, elimin\u00e1ndole a las resoluciones judiciales los efectos generales que antes ten\u00eda, al atacarse la inconstitucionalidad de las leyes, los ciudadanos y habitantes de M\u00e9xico, quedamos en total desamparo y a merced de lo que quiera el r\u00e9gimen.<\/p>\n\n\n\n<p class=\"wp-block-paragraph\">S\u00ed, van a haber muchos casos en los que no le interese al r\u00e9gimen c\u00f3mo se resuelvan las cosas, pero el problema que ahora tenemos es que se est\u00e1 destruyendo la capacidad de los juzgadores para resolver conforme a derecho, porque se sustituyeron con personas, que, en su mayor\u00eda, no tienen experiencia ni capacidad para juzgar, habi\u00e9ndose sustituido en este a\u00f1o a la mitad de los juzgadores, para ser cambiados en su otra mitad en 2027.<\/p>\n\n\n\n<p class=\"wp-block-paragraph\">Con estos cambios los mexicanos y dem\u00e1s personas que se encuentren en M\u00e9xico perdemos lo siguiente:<\/p>\n\n\n\n<p class=\"wp-block-paragraph\">1. El ser juzgado por personas competentes y profesionales, quedando expuestos a que en la cadena de apelaciones que se presenten, se expongan a corrupci\u00f3n y a tr\u00e1fico de influencias. Por esto, las personas con menos capacidad econ\u00f3mica e influencia quedar\u00e1n expuestas a grandes injusticias.<\/p>\n\n\n\n<p class=\"wp-block-paragraph\">2. Los abusos de poder de las autoridades quedar\u00e1n impunes y resguardados de toda consecuencia en contra de ellas, ya que controlan a los juzgadores a trav\u00e9s del Tribunal de Disciplina Judicial, que ha quedado totalmente bajo el control del r\u00e9gimen.<\/p>\n\n\n\n<p class=\"wp-block-paragraph\">3. Con todo ello, las personas en M\u00e9xico quedaran fuera del amparo del Poder Judicial, trayendo grav\u00edsimas consecuencias para nuestro pa\u00eds, quedando expuestos a la cancelaci\u00f3n de nuestros tratados de libre comercio, y por consecuencia, quedando nuestras exportaciones sujetas a innumerables aranceles y restricciones, a la p\u00e9rdida del grado de inversi\u00f3n, quedando nuestras finanzas afectadas por la gran fuga de capitales que esto generar\u00e1.<\/p>\n\n\n\n<p class=\"wp-block-paragraph\">4. El crimen organizado tendr\u00e1 una cancha m\u00e1s libre para continuar sojuzgando a la poblaci\u00f3n, ya que para ellos en este ambiente de desorden ser\u00e1 m\u00e1s f\u00e1cil manipular a los juzgadores.<\/p>\n","protected":false},"excerpt":{"rendered":"<p>Carlos Angulo Parra ___________________________ La historia de la humanidad est\u00e1 llena de tragedias derivadas de los abusos del hombre contra el hombre (el g\u00e9nero humano). Dec\u00eda Thomas Hobbs que \u201cel hombre es el lobo del hombre\u201d De hecho, el principio de la autoridad deriva de ese macho Alfa, valiente, fuerte y audaz que ofrec\u00eda a [&hellip;]<\/p>\n","protected":false},"author":6,"featured_media":45394,"comment_status":"closed","ping_status":"closed","sticky":false,"template":"","format":"standard","meta":{"_acf_changed":false,"_monsterinsights_skip_tracking":false,"slim_seo":{"title":"Lo que perdemos con la destrucci\u00f3n de la divisi\u00f3n de poderes - Opini\u00f3n P\u00fablica","description":"Carlos Angulo Parra ___________________________ La historia de la humanidad est\u00e1 llena de tragedias derivadas de los abusos del hombre contra el hombre (el g\u00e9ne"},"footnotes":""},"categories":[17],"tags":[],"class_list":["post-61288","post","type-post","status-publish","format-standard","has-post-thumbnail","hentry","category-ultima-instancia"],"acf":[],"_links":{"self":[{"href":"https:\/\/www.opinionpublica.tv\/portada\/wp-json\/wp\/v2\/posts\/61288","targetHints":{"allow":["GET"]}}],"collection":[{"href":"https:\/\/www.opinionpublica.tv\/portada\/wp-json\/wp\/v2\/posts"}],"about":[{"href":"https:\/\/www.opinionpublica.tv\/portada\/wp-json\/wp\/v2\/types\/post"}],"author":[{"embeddable":true,"href":"https:\/\/www.opinionpublica.tv\/portada\/wp-json\/wp\/v2\/users\/6"}],"replies":[{"embeddable":true,"href":"https:\/\/www.opinionpublica.tv\/portada\/wp-json\/wp\/v2\/comments?post=61288"}],"version-history":[{"count":1,"href":"https:\/\/www.opinionpublica.tv\/portada\/wp-json\/wp\/v2\/posts\/61288\/revisions"}],"predecessor-version":[{"id":61289,"href":"https:\/\/www.opinionpublica.tv\/portada\/wp-json\/wp\/v2\/posts\/61288\/revisions\/61289"}],"wp:featuredmedia":[{"embeddable":true,"href":"https:\/\/www.opinionpublica.tv\/portada\/wp-json\/wp\/v2\/media\/45394"}],"wp:attachment":[{"href":"https:\/\/www.opinionpublica.tv\/portada\/wp-json\/wp\/v2\/media?parent=61288"}],"wp:term":[{"taxonomy":"category","embeddable":true,"href":"https:\/\/www.opinionpublica.tv\/portada\/wp-json\/wp\/v2\/categories?post=61288"},{"taxonomy":"post_tag","embeddable":true,"href":"https:\/\/www.opinionpublica.tv\/portada\/wp-json\/wp\/v2\/tags?post=61288"}],"curies":[{"name":"wp","href":"https:\/\/api.w.org\/{rel}","templated":true}]}}