{"id":61280,"date":"2025-06-10T00:01:00","date_gmt":"2025-06-10T06:01:00","guid":{"rendered":"https:\/\/www.opinionpublica.tv\/portada\/?p=61280"},"modified":"2025-06-09T21:01:53","modified_gmt":"2025-06-10T03:01:53","slug":"participan-mas-de-180-ciclistas-en-reto-raramuri-mtb-2025-en-el-pueblo-magico-de-guachochi","status":"publish","type":"post","link":"https:\/\/www.opinionpublica.tv\/portada\/participan-mas-de-180-ciclistas-en-reto-raramuri-mtb-2025-en-el-pueblo-magico-de-guachochi\/","title":{"rendered":"Participan m\u00e1s de 180 ciclistas en Reto Rar\u00e1muri MTB 2025 en Pueblo M\u00e1gico de Guachochi"},"content":{"rendered":"\n<figure class=\"wp-block-image size-large\"><img fetchpriority=\"high\" decoding=\"async\" width=\"1024\" height=\"682\" src=\"https:\/\/www.opinionpublica.tv\/portada\/wp-content\/uploads\/2025\/06\/Participan-mas-de-180-ciclistas-en-Reto-Raramuri-MTB-2025-en-Pueblo-Magico-de-Guachochi-1024x682.jpeg\" alt=\"Participan ma\u0301s de 180 ciclistas en reto rara\u0301muri mtb 2025 en pueblo ma\u0301gico de guachochi\" class=\"wp-image-61284\" srcset=\"https:\/\/www.opinionpublica.tv\/portada\/wp-content\/uploads\/2025\/06\/Participan-mas-de-180-ciclistas-en-Reto-Raramuri-MTB-2025-en-Pueblo-Magico-de-Guachochi-1024x682.jpeg 1024w, https:\/\/www.opinionpublica.tv\/portada\/wp-content\/uploads\/2025\/06\/Participan-mas-de-180-ciclistas-en-Reto-Raramuri-MTB-2025-en-Pueblo-Magico-de-Guachochi-300x200.jpeg 300w, https:\/\/www.opinionpublica.tv\/portada\/wp-content\/uploads\/2025\/06\/Participan-mas-de-180-ciclistas-en-Reto-Raramuri-MTB-2025-en-Pueblo-Magico-de-Guachochi-768x512.jpeg 768w, https:\/\/www.opinionpublica.tv\/portada\/wp-content\/uploads\/2025\/06\/Participan-mas-de-180-ciclistas-en-Reto-Raramuri-MTB-2025-en-Pueblo-Magico-de-Guachochi-1536x1023.jpeg 1536w, https:\/\/www.opinionpublica.tv\/portada\/wp-content\/uploads\/2025\/06\/Participan-mas-de-180-ciclistas-en-Reto-Raramuri-MTB-2025-en-Pueblo-Magico-de-Guachochi.jpeg 1600w\" sizes=\"(max-width: 1024px) 100vw, 1024px\" \/><\/figure>\n\n\n\n<p class=\"wp-block-paragraph\"><em>Chihuahua, Chih<\/em>.- La Secretar\u00eda de Turismo dio a conocer que m\u00e1s de 180 atletas, participaron en la onceava edici\u00f3n del Reto Rar\u00e1muri MTB, carrera de ciclismo de monta\u00f1a celebrada en el Pueblo M\u00e1gico de Guachochi, que forma parte del Festival Internacional de Turismo de Aventura 2025 (FITA Chihuahua).<\/p>\n\n\n\n<p class=\"wp-block-paragraph\">En esta ocasi\u00f3n el certamen incluy\u00f3 las categor\u00edas de 86, 43 y 35 kil\u00f3metros, con competidores provenientes de municipios como Ju\u00e1rez, Chihuahua, Cuauht\u00e9moc, Delicias, Meoqui, Camargo, Jim\u00e9nez, Parral y Guachochi.<\/p>\n\n\n\n<p class=\"wp-block-paragraph\">En los 86K varonil, Francisco Wong obtuvo el primer lugar, seguido por Jonathan Varela y Alfonso Arras. La rama femenil fue para Gaby Villegas; M\u00f3nica Vega se adjudic\u00f3 el segundo y Alexandra Bayl\u00f3n el tercero.<\/p>\n\n\n\n<p class=\"wp-block-paragraph\">En los 43K varonil el triunfador fue Eduardo Ch\u00e1vez, en el segundo pelda\u00f1o se posicion\u00f3 Carlos Imperial y en el tercero Jes\u00fas S\u00e1nchez. En cuanto a las damas, Patricia B\u00e9jar se coron\u00f3 campeona, seguida por Ana Lira y Brenda Patricia en segundo y tercer lugar, respectivamente.<\/p>\n\n\n\n<p class=\"wp-block-paragraph\">La ruta de 35K varonil fue para Edwin Tr\u00edas, el segundo puesto se lo adjudic\u00f3 Abdel Gonz\u00e1lez y el tercero Engelbert Grijalva; por las mujeres, Karen Rubio se proclam\u00f3 ganadora, tras dejar atr\u00e1s a Ana Delgado y a Elvira Murga.<\/p>\n\n\n\n<p class=\"wp-block-paragraph\">El Reto Rar\u00e1muri MTB se ha consolidado como una de las competencias de ciclismo m\u00e1s representativas del estado, al fomentar el deporte al aire libre, impulsar el turismo de aventura y generar una derrama econ\u00f3mica significativa para la regi\u00f3n.<\/p>\n\n\n\n<p class=\"wp-block-paragraph\">FITA Chihuahua celebra actualmente su 29\u00aa edici\u00f3n, con eventos que incluyen deportes extremos y actividades de convivencia en todo el territorio estatal.<\/p>\n\n\n\n<p class=\"wp-block-paragraph\">Para m\u00e1s informaci\u00f3n sobre pr\u00f3ximos eventos consultar las redes sociales @turismodechihuahua y @fita.chihuahua.<\/p>\n","protected":false},"excerpt":{"rendered":"<p>Chihuahua, Chih.- La Secretar\u00eda de Turismo dio a conocer que m\u00e1s de 180 atletas, participaron en la onceava edici\u00f3n del Reto Rar\u00e1muri MTB, carrera de ciclismo de monta\u00f1a celebrada en el Pueblo M\u00e1gico de Guachochi, que forma parte del Festival Internacional de Turismo de Aventura 2025 (FITA Chihuahua). En esta ocasi\u00f3n el certamen incluy\u00f3 las [&hellip;]<\/p>\n","protected":false},"author":6,"featured_media":61284,"comment_status":"closed","ping_status":"closed","sticky":false,"template":"","format":"standard","meta":{"_acf_changed":false,"_monsterinsights_skip_tracking":false,"slim_seo":{"title":"Participan m\u00e1s de 180 ciclistas en Reto Rar\u00e1muri MTB 2025 en Pueblo M\u00e1gico de Guachochi - Opini\u00f3n P\u00fablica","description":"Chihuahua, Chih .- La Secretar\u00eda de Turismo dio a conocer que m\u00e1s de 180 atletas, participaron en la onceava edici\u00f3n del Reto Rar\u00e1muri MTB, carrera de ciclismo"},"footnotes":""},"categories":[11],"tags":[],"class_list":["post-61280","post","type-post","status-publish","format-standard","has-post-thumbnail","hentry","category-tendencias"],"acf":[],"_links":{"self":[{"href":"https:\/\/www.opinionpublica.tv\/portada\/wp-json\/wp\/v2\/posts\/61280","targetHints":{"allow":["GET"]}}],"collection":[{"href":"https:\/\/www.opinionpublica.tv\/portada\/wp-json\/wp\/v2\/posts"}],"about":[{"href":"https:\/\/www.opinionpublica.tv\/portada\/wp-json\/wp\/v2\/types\/post"}],"author":[{"embeddable":true,"href":"https:\/\/www.opinionpublica.tv\/portada\/wp-json\/wp\/v2\/users\/6"}],"replies":[{"embeddable":true,"href":"https:\/\/www.opinionpublica.tv\/portada\/wp-json\/wp\/v2\/comments?post=61280"}],"version-history":[{"count":3,"href":"https:\/\/www.opinionpublica.tv\/portada\/wp-json\/wp\/v2\/posts\/61280\/revisions"}],"predecessor-version":[{"id":61285,"href":"https:\/\/www.opinionpublica.tv\/portada\/wp-json\/wp\/v2\/posts\/61280\/revisions\/61285"}],"wp:featuredmedia":[{"embeddable":true,"href":"https:\/\/www.opinionpublica.tv\/portada\/wp-json\/wp\/v2\/media\/61284"}],"wp:attachment":[{"href":"https:\/\/www.opinionpublica.tv\/portada\/wp-json\/wp\/v2\/media?parent=61280"}],"wp:term":[{"taxonomy":"category","embeddable":true,"href":"https:\/\/www.opinionpublica.tv\/portada\/wp-json\/wp\/v2\/categories?post=61280"},{"taxonomy":"post_tag","embeddable":true,"href":"https:\/\/www.opinionpublica.tv\/portada\/wp-json\/wp\/v2\/tags?post=61280"}],"curies":[{"name":"wp","href":"https:\/\/api.w.org\/{rel}","templated":true}]}}