{"id":61228,"date":"2025-06-10T00:01:00","date_gmt":"2025-06-10T06:01:00","guid":{"rendered":"https:\/\/www.opinionpublica.tv\/portada\/?p=61228"},"modified":"2025-06-09T17:29:44","modified_gmt":"2025-06-09T23:29:44","slug":"video-este-es-el-primer-pueblo-para-nomadas-digitales-dw-documental","status":"publish","type":"post","link":"https:\/\/www.opinionpublica.tv\/portada\/video-este-es-el-primer-pueblo-para-nomadas-digitales-dw-documental\/","title":{"rendered":"Video: El primer pueblo para n\u00f3madas digitales | DW Documental"},"content":{"rendered":"\n<figure class=\"wp-block-embed is-type-video is-provider-youtube wp-block-embed-youtube wp-embed-aspect-16-9 wp-has-aspect-ratio\"><div class=\"wp-block-embed__wrapper\">\n<iframe title=\"El primer pueblo para n\u00f3madas digitales | DW Documental\" width=\"800\" height=\"450\" src=\"https:\/\/www.youtube.com\/embed\/Q1a0KEg1TpA?feature=oembed\" frameborder=\"0\" allow=\"accelerometer; autoplay; clipboard-write; encrypted-media; gyroscope; picture-in-picture; web-share\" referrerpolicy=\"strict-origin-when-cross-origin\" allowfullscreen><\/iframe>\n<\/div><\/figure>\n\n\n\n<p class=\"wp-block-paragraph\">Desde 2020, Madeira atrae a n\u00f3madas digitales de todo el mundo para vivir y trabajar aqu\u00ed. Pero en este supuesto para\u00edso, el d\u00eda a d\u00eda demuestra que las preocupaciones existenciales y la soledad tambi\u00e9n existen. Madeira, una isla perteneciente a Portugal, se encuentra en el oc\u00e9ano Atl\u00e1ntico y es conocida como la isla de la eterna primavera.<\/p>\n\n\n\n<p class=\"wp-block-paragraph\">El pueblo de Ponta do Sol atrae a j\u00f3venes n\u00f3madas digitales por su clima agradable y su vida comunitaria. Nina y Heiko quieren trabajar en la isla. Sin embargo, el costo de la vida y los alquileres han subido mucho y son casi tan altos como en las grandes ciudades del continente europeo.<\/p>\n\n\n\n<p class=\"wp-block-paragraph\">Para muchos lugare\u00f1os, las casas y los apartamentos son inasequibles. Nina lleg\u00f3 a Madeira en 2021. Su objetivo: la llamada aldea digital para j\u00f3venes aut\u00f3nomos en Ponta do Sol. Actualmente la muniquesa contin\u00faa en la isla, pero echa de menos la sensaci\u00f3n de comunidad de los primeros d\u00edas. La mayor\u00eda de los n\u00f3madas digitales s\u00f3lo se quedan unos meses y luego se marchan. En tan poco tiempo, es dif\u00edcil entablar amistades estrechas.<\/p>\n\n\n\n<p class=\"wp-block-paragraph\">La \u00abprimera aldea para n\u00f3madas digitales\u00bb anunciada en las redes sociales consiste principalmente en un espacio de co-working donde los aut\u00f3nomos pueden trabajar gratis. La gran afluencia de viajeros inspir\u00f3 a la idea de negocio de Nina: gestiona pisos compartidos, conocidos como co-livings, donde los n\u00f3madas digitales pueden encontrar un \u00abhogar temporal\u00bb.<\/p>\n\n\n\n<p class=\"wp-block-paragraph\">Heiko ya ha hecho las maletas y sue\u00f1a con una vida en la isla. \u00abMadeira es definitivamente el lugar que anhelo\u00bb. El dise\u00f1ador gr\u00e1fico ama la isla desde que era ni\u00f1o. Ahora quiere establecerse all\u00ed con la ayuda de la comunidad digital.<\/p>\n\n\n\n<p class=\"wp-block-paragraph\"><em>Cr\u00e9ditos: DW en espa\u00f1ol<\/em>.<\/p>\n","protected":false},"excerpt":{"rendered":"<p>Desde 2020, Madeira atrae a n\u00f3madas digitales de todo el mundo para vivir y trabajar aqu\u00ed. Pero en este supuesto para\u00edso, el d\u00eda a d\u00eda demuestra que las preocupaciones existenciales y la soledad tambi\u00e9n existen. Madeira, una isla perteneciente a Portugal, se encuentra en el oc\u00e9ano Atl\u00e1ntico y es conocida como la isla de la [&hellip;]<\/p>\n","protected":false},"author":6,"featured_media":61231,"comment_status":"closed","ping_status":"closed","sticky":false,"template":"","format":"standard","meta":{"_acf_changed":false,"_monsterinsights_skip_tracking":false,"slim_seo":{"title":"Video: El primer pueblo para n\u00f3madas digitales | DW Documental - Opini\u00f3n P\u00fablica","description":"https:\/\/youtu.be\/Q1a0KEg1TpA?si=ngcTaeYYI34Y4juY Desde 2020, Madeira atrae a n\u00f3madas digitales de todo el mundo para vivir y trabajar aqu\u00ed. Pero en este supuest"},"footnotes":""},"categories":[13,2,8],"tags":[],"class_list":["post-61228","post","type-post","status-publish","format-standard","has-post-thumbnail","hentry","category-videos-destacados-contenido","category-videos-destacados","category-videos"],"acf":[],"_links":{"self":[{"href":"https:\/\/www.opinionpublica.tv\/portada\/wp-json\/wp\/v2\/posts\/61228","targetHints":{"allow":["GET"]}}],"collection":[{"href":"https:\/\/www.opinionpublica.tv\/portada\/wp-json\/wp\/v2\/posts"}],"about":[{"href":"https:\/\/www.opinionpublica.tv\/portada\/wp-json\/wp\/v2\/types\/post"}],"author":[{"embeddable":true,"href":"https:\/\/www.opinionpublica.tv\/portada\/wp-json\/wp\/v2\/users\/6"}],"replies":[{"embeddable":true,"href":"https:\/\/www.opinionpublica.tv\/portada\/wp-json\/wp\/v2\/comments?post=61228"}],"version-history":[{"count":2,"href":"https:\/\/www.opinionpublica.tv\/portada\/wp-json\/wp\/v2\/posts\/61228\/revisions"}],"predecessor-version":[{"id":61230,"href":"https:\/\/www.opinionpublica.tv\/portada\/wp-json\/wp\/v2\/posts\/61228\/revisions\/61230"}],"wp:featuredmedia":[{"embeddable":true,"href":"https:\/\/www.opinionpublica.tv\/portada\/wp-json\/wp\/v2\/media\/61231"}],"wp:attachment":[{"href":"https:\/\/www.opinionpublica.tv\/portada\/wp-json\/wp\/v2\/media?parent=61228"}],"wp:term":[{"taxonomy":"category","embeddable":true,"href":"https:\/\/www.opinionpublica.tv\/portada\/wp-json\/wp\/v2\/categories?post=61228"},{"taxonomy":"post_tag","embeddable":true,"href":"https:\/\/www.opinionpublica.tv\/portada\/wp-json\/wp\/v2\/tags?post=61228"}],"curies":[{"name":"wp","href":"https:\/\/api.w.org\/{rel}","templated":true}]}}